{"id":9870,"date":"2014-09-01T13:14:42","date_gmt":"2014-09-01T17:14:42","guid":{"rendered":"http:\/\/www.casamuseoeduardofrei.cl\/?p=9870"},"modified":"2018-01-19T10:12:14","modified_gmt":"2018-01-19T13:12:14","slug":"objeto-del-mes-palabras-de-una-historica-eleccion","status":"publish","type":"post","link":"https:\/\/www.casamuseoeduardofrei.cl\/en\/objeto-del-mes-palabras-de-una-historica-eleccion\/","title":{"rendered":"Objeto del mes: Palabras de una hist\u00f3rica elecci\u00f3n"},"content":{"rendered":"<p><\/p>\n<p style=\"text-align: justify;\">A 50 a\u00f1os de la elecci\u00f3n que llev\u00f3 a la Presidencia de la Rep\u00fablica a Eduardo Frei Montalva, dedicamos nuestro objeto del mes a ese hist\u00f3rico momento, destacando sus apuntes para el discurso, fotograf\u00edas y art\u00edculos personales en torno a ese 4 de septiembre de 1964.<!--more--><br \/>\nDespu\u00e9s de una extensa campa\u00f1a presidencial iniciada en junio de 1963, Eduardo Frei Montalva result\u00f3 electo Presidente de la Rep\u00fablica el 4 de septiembre de 1964 con un hist\u00f3rico 56,09% de los votos. La <a href=\"http:\/\/www.casamuseoeduardofrei.cl\/2013\/10\/objeto-del-mes-sencillez-y-eficacia-afiches-en-la-campana-electoral-de-eduardo-frei-montalva\/\" target=\"_blank\">campa\u00f1a<\/a> fue una carrera de largo aliento, en la que la Frei Montalva particip\u00f3 activamente en diferentes congresos coordinados por organizaciones sociales, culturales, pol\u00edticas y sindicales, que dieron cuenta del amplio respaldo con el que el candidato dem\u00f3crata cristiano contaba.<\/p>\n<p style=\"text-align: justify;\">En su campa\u00f1a Frei Montalva invit\u00f3 a los chilenos a participar de una \u201cRevoluci\u00f3n en Libertad\u201d, que conllevaba una modernizaci\u00f3n del pa\u00eds (1) a trav\u00e9s de una Reforma Agraria, la inclusi\u00f3n de los ciudadanos en el mejoramiento de su calidad de vida por medio de la llamada Promoci\u00f3n Popular, la Chilenizaci\u00f3n del Cobre, junto a una gran Reforma Educacional, en la que ni\u00f1os y j\u00f3venes recibieran un nivel adecuado de conocimientos de acuerdo a la necesidad de una naci\u00f3n moderna, apuntando tambi\u00e9n a bajar el nivel de analfabetismo de la poblaci\u00f3n adulta y campesina. A estos cuatro ejes esenciales, se sumaron grandes obras de infraestructura, como la construcci\u00f3n de un ferrocarril metropolitano de transporte subterr\u00e1neo, aeropuertos a nivel nacional para mejorar la conectividad territorial, la creaci\u00f3n de un Ministerio de la Vivienda y una pol\u00edtica exterior de car\u00e1cter integracionista con los pa\u00edses vecinos, en el contexto de la Guerra Fr\u00eda.<\/p>\n<p style=\"text-align: justify;\">En los resultados obtenidos fue clave la participaci\u00f3n de mujeres y j\u00f3venes, quedando en evidencia en el gran acto de campa\u00f1a denominado <a href=\"http:\/\/www.casamuseoeduardofrei.cl\/2010\/06\/objeto-del-mes-bandera-original-%E2%80%9Cmarcha-de-la-patria-joven%E2%80%9D\/\" target=\"_self\">\u201cMarcha de la Patria Joven\u201d<\/a> . Se estima que fueron cerca de 300.000 mil j\u00f3venes provenientes de todo Chile, los que se reunieron en el Parque Cousi\u00f1o, actual Parque O\u00b4Higgins de Santiago el 21 de junio de 1964. Los miles de adherentes llegaron a la capital en cuatro grandes columnas provenientes del norte y sur de Chile: \u201cRoto chileno\u201d, \u201cCruz del Sur\u201d, \u201cGuerrillero Manuel Rodr\u00edguez\u201d y \u201cC\u00f3ndor de los Andes y Pac\u00edfico\u201d.<\/p>\n<p style=\"text-align: justify;\">El n\u00famero asignado a Frei Montalva en la c\u00e9dula de votaci\u00f3n, en tanto, fue el \u201c2\u201d, por lo que en varias ocasiones \u00e9l mismo -con los dedos de su mano- formaba ese n\u00famero, cuya forma simbolizaba tambi\u00e9n la \u201cV\u201d de victoria, transform\u00e1ndose en un emblema de triunfo.<\/p>\n<p style=\"text-align: justify;\">El buscado triunfo lleg\u00f3 con 1.409.012 votos, el 56,09% del total, mientras  que  sus otros dos competidores, lograron un 38,93% (Salvador Allende) y  4,99% (Julio Dur\u00e1n) (2). Incluso uno de sus colaboradores m\u00e1s estrechos, Radomiro Tomic, \u201cen el entusiasmo del momento, proclam\u00f3 que se iniciaban treinta a\u00f1os de gobiernos democratacristianos en Chile\u201d (3).<\/p>\n<p style=\"text-align: justify;\">\n<div id=\"attachment_9873\" style=\"width: 310px\" class=\"wp-caption alignleft\"><a href=\"http:\/\/www.casamuseoeduardofrei.cl\/wp-content\/uploads\/2014\/08\/image02_discurso1964.jpg\" data-rel=\"lightbox-image-2\" data-rl_title=\"\" data-rl_caption=\"\"><img loading=\"lazy\" decoding=\"async\" aria-describedby=\"caption-attachment-9873\" class=\"size-full wp-image-9873\" title=\"\" src=\"http:\/\/www.casamuseoeduardofrei.cl\/wp-content\/uploads\/2014\/08\/image02_discurso1964.jpg\" alt=\"Eduardo Frei Montalva en el balc\u00f3n durante al noche de la elecci\u00f3n. 4 de septiembre de 1964.  \" width=\"300\" height=\"225\" \/><\/a><p id=\"caption-attachment-9873\" class=\"wp-caption-text\">Eduardo Frei Montalva en el balc\u00f3n durante al noche de la elecci\u00f3n. 4 de septiembre de 1964.  <\/p><\/div>\n<p>En la noche de ese 4 de septiembre, Eduardo Frei Montalva se dirigi\u00f3 al edificio \u201cFinanpro\u201d (4) ubicado en Alameda Bernardo O\u00b4Higgins, frente a la plaza Vicu\u00f1a Mackenna, junto a su familia y colaboradores. En ese lugar pronunci\u00f3 un breve discurso, cuyo bosquejo se puede ver durante el mes de septiembre en la vitrina del objeto del mes de <strong>Casa Museo EFM<\/strong>. En esa ocasi\u00f3n expres\u00f3: \u201cEl pueblo ha dicho su palabra. Recibo con humildad y fortaleza su mandato. Hoy ha terminado la faena electoral y de nuevo el pa\u00eds debe seguir su marcha. Como lo  afirm\u00e9 reiteradamente en la campa\u00f1a ser\u00e9 presidente de todos los chilenos, sin excepci\u00f3n, y mi \u00fanico objetivo ser\u00e1 servir el bien com\u00fan de toda la naci\u00f3n. Expreso mi m\u00e1s honda y emocionada gratitud a todas las mujeres y  hombres de  Chile, que me han distinguido con el supremo honor de otorgarme su confianza. Gratitud a los partidos pol\u00edticos que me han apoyado en forma generosa, desinteresada y patri\u00f3tica\u201d.<\/p>\n<p style=\"text-align: justify;\">En adelante Frei Montalva expresa su agradecimiento de modo preciso a todos quienes colaboraron en su triunfo y especialmente a las mujeres, quienes influyeron fuertemente con su voto en su elecci\u00f3n. Consciente tambi\u00e9n del rol hist\u00f3rico que ocupa para la Democracia Cristiana, a partir de ese momento, dedica unas l\u00edneas a repasar la historia de su partido, consagrado luego de la elecci\u00f3n como  un actor gravitante de la escena pol\u00edtica nacional: \u201cNo podr\u00eda dejar de decir una palabra a mis compa\u00f1eros de la Democracia Cristiana: durante 30 a\u00f1os nos ha unido una misma fe, una misma esperanza y una estrecha fraternidad. Hemos conocido derrotas y ahora conocemos la victoria. Sepamos mantener en alto nuestro exigente nivel moral, el esp\u00edritu, los principios y la suprema aspiraci\u00f3n de servir a Chile y a los trabajadores, porque \u00e9sta ha sido la raz\u00f3n de nuestra existencia y la raz\u00f3n de nuestro triunfo.\u201d<\/p>\n<div id=\"attachment_9874\" style=\"width: 310px\" class=\"wp-caption alignright\"><a href=\"http:\/\/www.casamuseoeduardofrei.cl\/wp-content\/uploads\/2014\/08\/image03_discurso1964.jpg\" data-rel=\"lightbox-image-1\" data-rl_title=\"\" data-rl_caption=\"\"><img loading=\"lazy\" decoding=\"async\" aria-describedby=\"caption-attachment-9874\" class=\"size-full wp-image-9874\" title=\"\" src=\"http:\/\/www.casamuseoeduardofrei.cl\/wp-content\/uploads\/2014\/08\/image03_discurso1964.jpg\" alt=\"Eduardo Frei Montalva emitiendo su voto.\" width=\"300\" height=\"225\" \/><\/a><p id=\"caption-attachment-9874\" class=\"wp-caption-text\">Eduardo Frei Montalva emitiendo su voto.<\/p><\/div>\n<p style=\"text-align: justify;\">Su discurso finaliza con un compromiso: \u201cRealizar el programa que he propuesto al pueblo y llevar adelante, dentro de la libertad, los fundamentales cambios que este pa\u00eds exige para conquistar el desarrollo econ\u00f3mico, la educaci\u00f3n y la t\u00e9cnica, la justicia  y la solidaridad social, para construir las escuelas, para levantar las viviendas y dar trabajo estable a todos los chilenos\u2026 El pueblo me ha elegido. Y aqu\u00ed, en su presencia, imploro a Dios que me proteja para cumplir con \u00e9xito la misi\u00f3n que se me ha encomendado\u201d.<\/p>\n<p style=\"text-align: justify;\">El discurso fue reproducido de modo integro en la edici\u00f3n del peri\u00f3dico \u201cEl Mercurio\u201d del d\u00eda 5 de septiembre de 1964. Adem\u00e1s, en la vitrina del primer piso de <strong>Casa Museo EFM<\/strong>, durante septiembre de 2014 exhibiremos tambi\u00e9n una fotograf\u00eda del candidato votando en la urna el d\u00eda de la elecci\u00f3n y su Carnet de Identidad, los cuales forman parte actualmente de nuestro Archivo Fotogr\u00e1fico e Hist\u00f3rico, disponibles a investigadores y acad\u00e9micos.<\/p>\n<p><strong>Notas:<\/strong><br \/>\n(1)   Gazmuri. p\u00e1g 561<br \/>\n(2)  Gazmuri. p\u00e1g 570.<br \/>\n(3)  Gazmuri. p\u00e1g 570.<br \/>\n(4)  Diario El Mercurio. 5 de septiembre 1964.<\/p>","protected":false},"excerpt":{"rendered":"<p>Sorry, this entry is only available in Espa\u00f1ol.<\/p>\n","protected":false},"author":4,"featured_media":10068,"comment_status":"open","ping_status":"open","sticky":false,"template":"","format":"standard","meta":{"_acf_changed":false,"footnotes":""},"categories":[14,15],"tags":[403,404,8],"class_list":["post-9870","post","type-post","status-publish","format-standard","has-post-thumbnail","hentry","category-noticias","category-objeto-del-mes","tag-campana-presidencial","tag-eleccion-de-1964","tag-objeto-del-mes"],"acf":[],"_links":{"self":[{"href":"https:\/\/www.casamuseoeduardofrei.cl\/en\/wp-json\/wp\/v2\/posts\/9870","targetHints":{"allow":["GET"]}}],"collection":[{"href":"https:\/\/www.casamuseoeduardofrei.cl\/en\/wp-json\/wp\/v2\/posts"}],"about":[{"href":"https:\/\/www.casamuseoeduardofrei.cl\/en\/wp-json\/wp\/v2\/types\/post"}],"author":[{"embeddable":true,"href":"https:\/\/www.casamuseoeduardofrei.cl\/en\/wp-json\/wp\/v2\/users\/4"}],"replies":[{"embeddable":true,"href":"https:\/\/www.casamuseoeduardofrei.cl\/en\/wp-json\/wp\/v2\/comments?post=9870"}],"version-history":[{"count":1,"href":"https:\/\/www.casamuseoeduardofrei.cl\/en\/wp-json\/wp\/v2\/posts\/9870\/revisions"}],"predecessor-version":[{"id":12421,"href":"https:\/\/www.casamuseoeduardofrei.cl\/en\/wp-json\/wp\/v2\/posts\/9870\/revisions\/12421"}],"wp:featuredmedia":[{"embeddable":true,"href":"https:\/\/www.casamuseoeduardofrei.cl\/en\/wp-json\/wp\/v2\/media\/10068"}],"wp:attachment":[{"href":"https:\/\/www.casamuseoeduardofrei.cl\/en\/wp-json\/wp\/v2\/media?parent=9870"}],"wp:term":[{"taxonomy":"category","embeddable":true,"href":"https:\/\/www.casamuseoeduardofrei.cl\/en\/wp-json\/wp\/v2\/categories?post=9870"},{"taxonomy":"post_tag","embeddable":true,"href":"https:\/\/www.casamuseoeduardofrei.cl\/en\/wp-json\/wp\/v2\/tags?post=9870"}],"curies":[{"name":"wp","href":"https:\/\/api.w.org\/{rel}","templated":true}]}}