{"id":9769,"date":"2014-07-29T14:36:30","date_gmt":"2014-07-29T18:36:30","guid":{"rendered":"http:\/\/www.casamuseoeduardofrei.cl\/?p=9769"},"modified":"2014-07-29T14:36:30","modified_gmt":"2014-07-29T18:36:30","slug":"pinceladas-de-paisajes-y-personajes-llegan-a-artequin","status":"publish","type":"post","link":"https:\/\/www.casamuseoeduardofrei.cl\/en\/pinceladas-de-paisajes-y-personajes-llegan-a-artequin\/","title":{"rendered":"Pinceladas de paisajes y personajes llegan a Artequin"},"content":{"rendered":"<p style=\"text-align: justify;\">Gracias a una alianza entre <strong>Casa Museo Eduardo Frei Montalva<\/strong> y <strong>Artequin<\/strong>, reproducciones de una de las colecciones privadas de arte m\u00e1s importantes del pa\u00eds llegar\u00e1n entre agosto y octubre al espacio \u00a0ubicado frente a la Quinta Normal.<br \/>\n<!--more--><br \/>\nPocos saben que adem\u00e1s de ser un destacado pol\u00edtico e intelectual, el ex Presidente Eduardo Frei Montalva era un gran admirador del arte. Tanto as\u00ed que durante su vida no solo visit\u00f3 numerosos museos en Chile y el mundo, sino tambi\u00e9n reuni\u00f3 una interesante colecci\u00f3n de libros y obras, logrando uno de los conjuntos de arte particular m\u00e1s interesantes del pa\u00eds.<\/p>\n<p style=\"text-align: justify;\">Parte de esta colecci\u00f3n se exhibir\u00e1 entre el <strong>8 de agosto y el 12 de octubre en <a href=\"http:\/\/www.artequin.cl\/\" target=\"_blank\">Artequin<\/a><\/strong>, con la exposici\u00f3n <strong>\u201cPaisajes y personajes: pinturas de Casa Museo Eduardo Frei Montalva\u201d<\/strong>. La muestra incluye reproducciones de obras de Ernesto Charton de Treville, Juan  Francisco Gonz\u00e1lez, Arturo Gordon,  Ra\u00fal Manteola, Alberto Orrego Luco, Antonio Smith, Alberto Valenzuela Llanos, y Oswaldo Guayasam\u00edn.<\/p>\n<div class=\"mceTemp\" style=\"text-align: justify;\">\n<dl id=\"attachment_9772\" class=\"wp-caption alignleft\" style=\"width: 310px;\">\n<dt class=\"wp-caption-dt\"><a href=\"http:\/\/www.casamuseoeduardofrei.cl\/wp-content\/uploads\/2014\/07\/image01_artequin.jpg\" data-rel=\"lightbox-image-0\" data-rl_title=\"\" data-rl_caption=\"\"><img loading=\"lazy\" decoding=\"async\" class=\"size-full wp-image-9772\" title=\"\" src=\"http:\/\/www.casamuseoeduardofrei.cl\/wp-content\/uploads\/2014\/07\/image01_artequin.jpg\" alt=\"&quot;Velorio del Angelito&quot;, de Arturo Gordon.\" width=\"300\" height=\"225\" \/><\/a><\/dt>\n<dd class=\"wp-caption-dd\">&#8220;Velorio del Angelito&#8221;, de Arturo Gordon.<\/dd>\n<\/dl>\n<\/div>\n<p style=\"text-align: justify;\">La exposici\u00f3n es una invitaci\u00f3n para que ni\u00f1os, ni\u00f1as, j\u00f3venes y familias se aproximen a algunos maestros de la pintura que hicieron carrera en Chile y Latinoam\u00e9rica, a trav\u00e9s de paisajes y tonalidades cl\u00e1sicas de una \u00e9poca y un estilo, junto con reconocer retratos de personajes como Eduardo Frei Montalva, su esposa, Mar\u00eda Ruiz-Tagle y su amiga la poeta Gabriela Mistral. Y para apoyar esta experiencia, Artequin prepar\u00f3 actividades educativas que profundizan en esta tem\u00e1tica a trav\u00e9s del juego y la creaci\u00f3n.<\/p>\n<p style=\"text-align: justify;\">\n<p style=\"text-align: justify;\">Cabe destacar que todas las obras originales forman parte de la <a href=\"http:\/\/www.casamuseoeduardofrei.cl\/2009\/03\/la-coleccion\/\" target=\"_blank\">colecci\u00f3n patrimonial<\/a> que se exhibe en forma permanente en <strong>Casa Museo Eduardo Frei Montalva<\/strong>, inmueble donde el ex Presidente vivi\u00f3 junto a su familia por m\u00e1s de 40 a\u00f1os, ubicado en Hindenburg 683 (Providencia).<\/p>\n<p style=\"text-align: justify;\">\n<p style=\"text-align: justify;\">\u201cPaisajes y personajes: pinturas de Casa Museo Eduardo Frei Montalva\u201d, cuenta con el apoyo de la Ilustre Municipalidad de Santiago y se exhibir\u00e1 hasta el 12 de octubre en el Museo Artequ\u00edn, en Av. Portales 3530 (Estaci\u00f3n Central).<\/p>\n<p style=\"text-align: justify;\">\n<p style=\"text-align: justify;\">\n<p style=\"text-align: justify;\">\n<p style=\"text-align: justify;\">\n<p style=\"text-align: justify;\">\n<p style=\"text-align: justify;\">\n<p style=\"text-align: justify;\">\n<p style=\"text-align: justify;\">\n<p style=\"text-align: justify;\">\n<p style=\"text-align: justify;\">\n<p style=\"text-align: justify;\"><span style=\"color: #000080;\"><strong>Datos:<\/strong><\/span><\/p>\n<p style=\"text-align: justify;\">Fecha: Del 8 de agosto al 12 de octubre<\/p>\n<p style=\"text-align: justify;\">Lugar: Museo Artequin. Av. Portales 3530 (Estaci\u00f3n Central, Metro Quinta Normal).<\/p>\n<p style=\"text-align: justify;\">Valores Artequin: General adulto: $800 &#8211; Ni\u00f1os, estudiantes y adultos mayores: $500- Domingo: Aporte voluntario.<\/p>\n<p style=\"text-align: justify;\">Horario: Lunes cerrado. &#8211; Martes a viernes de 9:00 a 17:00 horas.- S\u00e1bado, domingo y festivos de 11:00 a 18:00 horas.<\/p>\n<p style=\"text-align: justify;\"><a href=\"http:\/\/www.casamuseoeduardofrei.cl\/wp-content\/uploads\/2014\/07\/afiche_artequin_baja.jpg\" data-rel=\"lightbox-image-1\" data-rl_title=\"\" data-rl_caption=\"\"><img loading=\"lazy\" decoding=\"async\" class=\"aligncenter size-full wp-image-9771\" title=\"\" src=\"http:\/\/www.casamuseoeduardofrei.cl\/wp-content\/uploads\/2014\/07\/afiche_artequin_baja.jpg\" alt=\"afiche_artequin_baja\" width=\"500\" height=\"714\" \/><\/a><\/p>\n","protected":false},"excerpt":{"rendered":"<p>Gracias a una alianza entre Casa Museo Eduardo Frei Montalva y Artequin, reproducciones de una de las colecciones privadas de arte m\u00e1s importantes del pa\u00eds llegar\u00e1n entre agosto y octubre al espacio \u00a0ubicado frente a la Quinta Normal.<\/p>\n","protected":false},"author":4,"featured_media":0,"comment_status":"open","ping_status":"open","sticky":false,"template":"","format":"standard","meta":{"_acf_changed":false,"footnotes":""},"categories":[14],"tags":[398,12,290],"class_list":["post-9769","post","type-post","status-publish","format-standard","hentry","category-noticias","tag-artequin","tag-coleccion-de-pintura","tag-itinerancia"],"acf":[],"_links":{"self":[{"href":"https:\/\/www.casamuseoeduardofrei.cl\/en\/wp-json\/wp\/v2\/posts\/9769","targetHints":{"allow":["GET"]}}],"collection":[{"href":"https:\/\/www.casamuseoeduardofrei.cl\/en\/wp-json\/wp\/v2\/posts"}],"about":[{"href":"https:\/\/www.casamuseoeduardofrei.cl\/en\/wp-json\/wp\/v2\/types\/post"}],"author":[{"embeddable":true,"href":"https:\/\/www.casamuseoeduardofrei.cl\/en\/wp-json\/wp\/v2\/users\/4"}],"replies":[{"embeddable":true,"href":"https:\/\/www.casamuseoeduardofrei.cl\/en\/wp-json\/wp\/v2\/comments?post=9769"}],"version-history":[{"count":0,"href":"https:\/\/www.casamuseoeduardofrei.cl\/en\/wp-json\/wp\/v2\/posts\/9769\/revisions"}],"wp:attachment":[{"href":"https:\/\/www.casamuseoeduardofrei.cl\/en\/wp-json\/wp\/v2\/media?parent=9769"}],"wp:term":[{"taxonomy":"category","embeddable":true,"href":"https:\/\/www.casamuseoeduardofrei.cl\/en\/wp-json\/wp\/v2\/categories?post=9769"},{"taxonomy":"post_tag","embeddable":true,"href":"https:\/\/www.casamuseoeduardofrei.cl\/en\/wp-json\/wp\/v2\/tags?post=9769"}],"curies":[{"name":"wp","href":"https:\/\/api.w.org\/{rel}","templated":true}]}}