{"id":9674,"date":"2014-07-03T13:19:24","date_gmt":"2014-07-03T17:19:24","guid":{"rendered":"http:\/\/www.casamuseoeduardofrei.cl\/?p=9674"},"modified":"2018-04-18T14:03:42","modified_gmt":"2018-04-18T17:03:42","slug":"la-gran-aventura-hacia-la-luna","status":"publish","type":"post","link":"https:\/\/www.casamuseoeduardofrei.cl\/en\/la-gran-aventura-hacia-la-luna\/","title":{"rendered":"La gran aventura hacia la Luna"},"content":{"rendered":"<p><\/p>\n<p style=\"text-align: justify;\">Un recorrido por la aventura espacial de mediados del siglo XX es lo que plantea el taller  \u201cViajando a la Luna\u201d, actividad dirigida a personas de 8 a\u00f1os y m\u00e1s, organizada por <strong>Casa Museo EFM<\/strong>. <strong>CUPOS AGOTADOS.<\/strong><br \/>\n<!--more--><\/p>\n<p style=\"text-align: justify;\">La llegada del hombre a la Luna no s\u00f3lo fue una haza\u00f1a cient\u00edfica, sino tambi\u00e9n una de las aventuras m\u00e1s grandes experimentadas por la humanidad, adem\u00e1s de una carrera que mezcl\u00f3 ingredientes pol\u00edticos, hist\u00f3ricos e incluso literarios. En estas vacaciones de invierno <strong>Casa Museo Eduardo Frei Montalva<\/strong> invita a conocer la historia detr\u00e1s de los viajes al sat\u00e9lite natural, a trav\u00e9s de un taller que busca entregar una visi\u00f3n actualizada, entretenida y did\u00e1ctica de las misiones Apollo realizadas por Estados Unidos en las d\u00e9cadas de los \u201960 y \u201870.<\/p>\n<p style=\"text-align: justify;\">La iniciativa est\u00e1 dirigida a personas <strong>a partir de los 8 a\u00f1os<\/strong>.  Para participar, pueden inscribirse en una de las dos jornadas disponibles: <strong>viernes 18 <\/strong>(15:00 a 18:00 horas),\u00a0<strong>s\u00e1bado 20 de julio<\/strong> (10:00 a 13:00 horas) o <strong>viernes 25 de julio<\/strong> (nueva fecha. 15:00 a 18:00 horas), a trav\u00e9s del correo <a href=\"mailto:contacto@casamuseoeduardofrei.cl\">contacto@casamuseoeduardofrei.cl<\/a>, o en el (2) 28818674. Debido al entusiasmo en las inscripciones, anunciamos que los cupos est\u00e1n AGOTADOS.<\/p>\n<p style=\"text-align: justify;\">El taller \u201cViajando a la Luna\u201d est\u00e1 a cargo de <strong>Jorge Ianiszewski<\/strong>,  investigador y divulgador cient\u00edfico, especialista en temas de astronom\u00eda, docente, director de cursos de astronom\u00eda b\u00e1sica, y creador del sitio web <a href=\"http:\/\/www.circuloastronomico.cl\/\" target=\"_blank\">\u201cC\u00edrculo Astron\u00f3mico\u201d<\/a>.<\/p>\n<p style=\"text-align: justify;\">Utilizando miniaturas, figuras did\u00e1cticas e im\u00e1genes audiovisuales, los participantes conocer\u00e1n el funcionamiento de una nave espacial, la organizaci\u00f3n de las misiones fuera de la \u00f3rbita terrestre, y las  distintas etapas que permitieron el primer viaje a la Luna. Adem\u00e1s podr\u00e1n revisar fotograf\u00edas del panorama lunar reveladas por la NASA, y realizar\u00e1n un recorrido gratuito por Casa Museo EFM, la casa en la que vivi\u00f3 Eduardo Frei Montalva y su familia por m\u00e1s de 40 a\u00f1os, donde entre otros elementos se encuentran los fragmentos lunares regalados al ex Mandatario por la tripulaci\u00f3n del Apollo 12.<\/p>\n<p style=\"text-align: justify;\">Cabe destacar que Casa Museo EFM y Museo Nacional de Historia Natural (MNHN) son las \u00fanicas dos entidades en Chile que conservan trozos de piedras lunares, las que fueron donadas por el Gobierno de Estados Unidos en 1970 y 1975, respectivamente.<\/p>\n<p style=\"text-align: justify;\"><a href=\"http:\/\/www.casamuseoeduardofrei.cl\/wp-content\/uploads\/2014\/07\/Viajando_a_la_luna2014-FECHA2.jpg\" data-rel=\"lightbox-image-1\" data-rl_title=\"\" data-rl_caption=\"\"><img loading=\"lazy\" decoding=\"async\" class=\"aligncenter size-full wp-image-9743\" title=\"\" src=\"http:\/\/www.casamuseoeduardofrei.cl\/wp-content\/uploads\/2014\/07\/Viajando_a_la_luna2014-FECHA2.jpg\" alt=\"Viajando_a_la_luna2014-FECHA2\" width=\"500\" height=\"586\" \/><\/a><\/p>\n<p><span style=\"color: #000080;\"><strong>DATOS<\/strong><\/span><\/p>\n<p>Taller \u201cViajando a la Luna\u201d<\/p>\n<p><strong>Lugar: <\/strong>Casa Museo Eduardo Frei Montalva. Hindenburg 683, Providencia, Santiago.<\/p>\n<p><strong>CUPOS AGOTADOS.<\/strong><\/p>\n<p><strong>Inscripciones: <\/strong>28818674\/ <a href=\"mailto:contacto@casamuseoeduardofrei.cl\">contacto@casamuseoeduardofrei.cl<\/a><\/p>","protected":false},"excerpt":{"rendered":"<p>Sorry, this entry is only available in Espa\u00f1ol.<\/p>\n","protected":false},"author":4,"featured_media":0,"comment_status":"open","ping_status":"open","sticky":false,"template":"","format":"standard","meta":{"_acf_changed":false,"footnotes":""},"categories":[14],"tags":[26,175,325,393],"class_list":["post-9674","post","type-post","status-publish","format-standard","hentry","category-noticias","tag-actividades-de-extension","tag-jorge-ianiszewski","tag-taller","tag-viajando-a-la-luna"],"acf":[],"_links":{"self":[{"href":"https:\/\/www.casamuseoeduardofrei.cl\/en\/wp-json\/wp\/v2\/posts\/9674","targetHints":{"allow":["GET"]}}],"collection":[{"href":"https:\/\/www.casamuseoeduardofrei.cl\/en\/wp-json\/wp\/v2\/posts"}],"about":[{"href":"https:\/\/www.casamuseoeduardofrei.cl\/en\/wp-json\/wp\/v2\/types\/post"}],"author":[{"embeddable":true,"href":"https:\/\/www.casamuseoeduardofrei.cl\/en\/wp-json\/wp\/v2\/users\/4"}],"replies":[{"embeddable":true,"href":"https:\/\/www.casamuseoeduardofrei.cl\/en\/wp-json\/wp\/v2\/comments?post=9674"}],"version-history":[{"count":2,"href":"https:\/\/www.casamuseoeduardofrei.cl\/en\/wp-json\/wp\/v2\/posts\/9674\/revisions"}],"predecessor-version":[{"id":12788,"href":"https:\/\/www.casamuseoeduardofrei.cl\/en\/wp-json\/wp\/v2\/posts\/9674\/revisions\/12788"}],"wp:attachment":[{"href":"https:\/\/www.casamuseoeduardofrei.cl\/en\/wp-json\/wp\/v2\/media?parent=9674"}],"wp:term":[{"taxonomy":"category","embeddable":true,"href":"https:\/\/www.casamuseoeduardofrei.cl\/en\/wp-json\/wp\/v2\/categories?post=9674"},{"taxonomy":"post_tag","embeddable":true,"href":"https:\/\/www.casamuseoeduardofrei.cl\/en\/wp-json\/wp\/v2\/tags?post=9674"}],"curies":[{"name":"wp","href":"https:\/\/api.w.org\/{rel}","templated":true}]}}