{"id":9634,"date":"2014-06-06T14:41:14","date_gmt":"2014-06-06T18:41:14","guid":{"rendered":"http:\/\/www.casamuseoeduardofrei.cl\/?p=9634"},"modified":"2019-07-11T11:20:12","modified_gmt":"2019-07-11T14:20:12","slug":"bicicleta-y-ciudad-nuevas-formas-de-conocer","status":"publish","type":"post","link":"https:\/\/www.casamuseoeduardofrei.cl\/en\/bicicleta-y-ciudad-nuevas-formas-de-conocer\/","title":{"rendered":"Bicicleta y ciudad: nuevas formas de conocer"},"content":{"rendered":"<p><\/p>\n<p style=\"text-align: justify;\">Luego del \u00e9xito del primer conversatorio \u201c<a href=\"http:\/\/www.casamuseoeduardofrei.cl\/2014\/05\/al-rescate-de-villa-frei\/\" target=\"_blank\">Villa Frei: Zona t\u00edpica<\/a>\u201d, el 2do Laboratorio Juvenil invita a estudiantes de 8\u00b0 b\u00e1sico a 4\u00b0 Medio, a conocer y reflexionar en torno al proyecto ciudadano \u201cBicipaseos Patrimoniales\u201d.<br \/>\nLa actividad se realizar\u00e1 el jueves 26 de junio a las 10:00 horas en el <a href=\"http:\/\/www.museovicunamackenna.cl\/\" target=\"_blank\">Museo Benjam\u00edn Vicu\u00f1a Mackenna<\/a>. Inscripci\u00f3n gratuita, cupos limitados.<\/p>\n<p style=\"text-align: justify;\"><!--more--><\/p>\n<p style=\"text-align: justify;\">En el marco de los encuentros del<strong> 2\u00b0 Laboratorio Juvenil de Reflexi\u00f3n y Participaci\u00f3n<\/strong>, el<strong> jueves 26 de junio<\/strong> llega el turno de <strong><a href=\"http:\/\/bicipaseospatrimoniales.cl\/\" target=\"_blank\">Bicipaseos Patrimoniales<\/a><\/strong>,  una organizaci\u00f3n sin fines de lucro, compuesta por profesionales de las humanidades, las ciencias sociales, la arquitectura y el dise\u00f1o. Su objetivo es rescatar el patrimonio de la ciudad de Santiago desde una visi\u00f3n cr\u00edtica, adem\u00e1s de promover el uso de la bicicleta como medio de transporte sustentable.<br \/>\nEn el segundo encuentro del Laboratorio, Fernanda Mart\u00ednez, Presidenta de Bicipaseos Patrimoniales, compartir\u00e1 con los j\u00f3venes asistentes al Laboratorio las diversas experiencias y procesos vividos en este proyecto, que organiza paseos en bicicleta por diversos lugares de Santiago, un domingo al mes, con la participaci\u00f3n promedio de 300 personas.<\/p>\n<p style=\"text-align: justify;\">Para participar de este laboratorio, los profesores interesados deben inscribir a su curso contact\u00e1ndose con Gricel Gonz\u00e1lez Del Canto al correo electr\u00f3nico <a href=\"mailto:ggonzalez@explorarm.com\">ggonzalez@explorarm.com<\/a> o al tel\u00e9fono 29785602. La inscripci\u00f3n es gratuita, cupos limitados.<\/p>\n<p style=\"text-align: justify;\"><span style=\"color: #000080;\"><strong>2do Laboratorio Juvenil<\/strong><\/span><\/p>\n<p style=\"text-align: justify;\">\n<div id=\"attachment_9636\" style=\"width: 310px\" class=\"wp-caption alignleft\"><a href=\"http:\/\/www.casamuseoeduardofrei.cl\/wp-content\/uploads\/2014\/06\/image02_bicipaseos.jpg\" data-rel=\"lightbox-image-0\" data-rl_title=\"\" data-rl_caption=\"\"><img loading=\"lazy\" decoding=\"async\" aria-describedby=\"caption-attachment-9636\" class=\"size-full wp-image-9636\" title=\"\" src=\"http:\/\/www.casamuseoeduardofrei.cl\/wp-content\/uploads\/2014\/06\/image02_bicipaseos.jpg\" alt=\"Fotograf\u00eda: Alejandro Scabinni.\" width=\"300\" height=\"225\" \/><\/a><p id=\"caption-attachment-9636\" class=\"wp-caption-text\">Fotograf\u00eda: Alejandro Scabinni.<\/p><\/div>\n<p>El 2do Laboratorio Juvenil de Reflexi\u00f3n y Participaci\u00f3n es una actividad organizada por el <strong><a href=\"http:\/\/www.museovicunamackenna.cl\/\" target=\"_blank\">Museo Benjam\u00edn Vicu\u00f1a Mackenna<\/a><\/strong>, <strong>Casa Museo Eduardo Frei Montalva<\/strong>, <strong><a href=\"http:\/\/explorarm.com\/\" target=\"_blank\">Proyecto EXPLORA CONICYT RM<\/a> Zona Sur Oriente<\/strong> y el <strong><a href=\"http:\/\/www.monumentos.cl\/consejo\/606\/w3-channel.html\" target=\"_blank\">Consejo de Monumentos Nacionales<\/a><\/strong>. Este 2014, el Laboratorio est\u00e1 organizado en cuatro jornadas que tratar\u00e1n iniciativas ciudadanas como el rescate de la Villa Frei, Bicipaseos Patrimoniales,  J\u00f3venes por el Patrimonio y el programa de Barrios de La Legua.<\/p>\n<p style=\"text-align: justify;\">La actividad se gener\u00f3 en el contexto del nuevo papel de los museos y sitios patrimoniales, que est\u00e1n generando diversas plataformas para dar espacio a la reflexi\u00f3n de sus visitantes, creando oportunidades para el desarrollo de la educaci\u00f3n no formal. En este sentido, es relevante destacar que este espacio est\u00e1 vinculado al curr\u00edculum escolar, especialmente a los contenidos de artes visuales de 8\u00b0 b\u00e1sico hasta 4\u00b0 Medio, y a Historia y Ciencias Sociales, donde se contempla el tratamiento de la ciudad contempor\u00e1nea en el Programa de Estudio de Tercer o Cuarto A\u00f1o Medio en Formaci\u00f3n Diferenciada Human\u00edstico.<\/p>\n<p style=\"text-align: justify;\">En la primera versi\u00f3n del Laboratorio, que se realiz\u00f3 con \u00e9xito el a\u00f1o 2013, los estudiantes reflexionaron en torno a las tem\u00e1ticas \u201cGraffitis y expresi\u00f3n art\u00edstica\u201d, \u201cJ\u00f3venes y participaci\u00f3n pol\u00edtica\u201d, \u201cIdentidad barrial\u201d y \u201cJ\u00f3venes y la ciencia en colegios\u201d.<\/p>\n<p style=\"text-align: justify;\">\n<p style=\"text-align: justify;\"><span style=\"color: #000080;\"><strong>DATOS:<\/strong><\/span><\/p>\n<div id=\"attachment_9637\" style=\"width: 310px\" class=\"wp-caption alignleft\"><a href=\"http:\/\/www.casamuseoeduardofrei.cl\/wp-content\/uploads\/2014\/06\/image03_bicipaseos.jpg\" data-rel=\"lightbox-image-1\" data-rl_title=\"\" data-rl_caption=\"\"><img loading=\"lazy\" decoding=\"async\" aria-describedby=\"caption-attachment-9637\" class=\"size-full wp-image-9637\" title=\"\" src=\"http:\/\/www.casamuseoeduardofrei.cl\/wp-content\/uploads\/2014\/06\/image03_bicipaseos.jpg\" alt=\"Fotograf\u00eda: Alejandro Scabinni.\" width=\"300\" height=\"225\" \/><\/a><p id=\"caption-attachment-9637\" class=\"wp-caption-text\">Fotograf\u00eda: Alejandro Scabinni.<\/p><\/div>\n<p>2\u00ba  Laboratorio Juvenil de Reflexi\u00f3n y Participaci\u00f3n<br \/>\nSegundo encuentro: \u201cBicicleta y Ciudad: nuevas formas de conocer\u201d<\/p>\n<p>Jueves 26 de junio, de 10:00 a 12:00 horas. Auditorio Museo Benjam\u00edn Vicu\u00f1a Mackenna. Avda. Vicu\u00f1a Mackenna 94, Providencia.<\/p>\n<p>Inscripciones gratuitas, cupos limitados. Los profesores pueden inscribir a sus cursos en <a href=\"mailto:ggonzalez@explorarm.com\">ggonzalez@explorarm.com<\/a> (2) 29785602.<\/p>\n<p>M\u00e1s informaci\u00f3n en <a href=\"https:\/\/www.facebook.com\/laboratoriojuvenilchile\" target=\"_blank\">https:\/\/www.facebook.com\/laboratoriojuvenilchile<\/a><\/p>","protected":false},"excerpt":{"rendered":"<p>Sorry, this entry is only available in Espa\u00f1ol.<\/p>\n","protected":false},"author":4,"featured_media":0,"comment_status":"open","ping_status":"open","sticky":false,"template":"","format":"standard","meta":{"_acf_changed":false,"footnotes":""},"categories":[14],"tags":[390,338],"class_list":["post-9634","post","type-post","status-publish","format-standard","hentry","category-noticias","tag-bicipaseos","tag-laboratorio-juvenil-de-reflexion-y-participacion"],"acf":[],"_links":{"self":[{"href":"https:\/\/www.casamuseoeduardofrei.cl\/en\/wp-json\/wp\/v2\/posts\/9634","targetHints":{"allow":["GET"]}}],"collection":[{"href":"https:\/\/www.casamuseoeduardofrei.cl\/en\/wp-json\/wp\/v2\/posts"}],"about":[{"href":"https:\/\/www.casamuseoeduardofrei.cl\/en\/wp-json\/wp\/v2\/types\/post"}],"author":[{"embeddable":true,"href":"https:\/\/www.casamuseoeduardofrei.cl\/en\/wp-json\/wp\/v2\/users\/4"}],"replies":[{"embeddable":true,"href":"https:\/\/www.casamuseoeduardofrei.cl\/en\/wp-json\/wp\/v2\/comments?post=9634"}],"version-history":[{"count":1,"href":"https:\/\/www.casamuseoeduardofrei.cl\/en\/wp-json\/wp\/v2\/posts\/9634\/revisions"}],"predecessor-version":[{"id":14258,"href":"https:\/\/www.casamuseoeduardofrei.cl\/en\/wp-json\/wp\/v2\/posts\/9634\/revisions\/14258"}],"wp:attachment":[{"href":"https:\/\/www.casamuseoeduardofrei.cl\/en\/wp-json\/wp\/v2\/media?parent=9634"}],"wp:term":[{"taxonomy":"category","embeddable":true,"href":"https:\/\/www.casamuseoeduardofrei.cl\/en\/wp-json\/wp\/v2\/categories?post=9634"},{"taxonomy":"post_tag","embeddable":true,"href":"https:\/\/www.casamuseoeduardofrei.cl\/en\/wp-json\/wp\/v2\/tags?post=9634"}],"curies":[{"name":"wp","href":"https:\/\/api.w.org\/{rel}","templated":true}]}}