{"id":9588,"date":"2014-06-02T12:37:26","date_gmt":"2014-06-02T16:37:26","guid":{"rendered":"http:\/\/www.casamuseoeduardofrei.cl\/?p=9588"},"modified":"2014-06-02T12:37:26","modified_gmt":"2014-06-02T16:37:26","slug":"ignacio-gatica-y-la-fuerza-de-la-mirada-joven","status":"publish","type":"post","link":"https:\/\/www.casamuseoeduardofrei.cl\/en\/ignacio-gatica-y-la-fuerza-de-la-mirada-joven\/","title":{"rendered":"Ignacio Gatica y la fuerza de la mirada joven"},"content":{"rendered":"<p style=\"text-align: justify;\">El\u00a0<strong>martes\u00a08 de julio<\/strong> el artista chileno\u00a0conversar\u00e1 con los estudiantes en el 3er encuentro del ciclo \u201cExperiencias de Arte Contempor\u00e1neo, Hoy\u201d, organizado por <strong>Casa Museo Eduardo Frei Montalva<\/strong> junto a <strong>Galer\u00eda Die Ecke<\/strong>.<\/p>\n<p style=\"text-align: justify;\"><!--more-->Seis creadores visuales que exponen en Chile y el mundo se dar\u00e1n cita en el ciclo <strong>\u201cExperiencia de Arte Contempor\u00e1neo, Hoy\u201d<\/strong>, organizado por <strong>Casa Museo Eduardo Frei Montalva y <a href=\"http:\/\/www.dieecke.cl\/\" target=\"_blank\">Galer\u00eda Die Ecke<\/a><\/strong>. El tercer encuentro se realizar\u00e1 el <strong>martes 8 de julio a las 10:00 horas<\/strong>, y ser\u00e1 con el artista chileno, <strong>Ignacio Gatica<\/strong> (1988), creador de una obra que se mueve a trav\u00e9s de la escultura, gr\u00e1fica, pintura, figuras m\u00f3viles e intervenciones.<\/p>\n<p style=\"text-align: justify;\">Licenciado en Arte de la Universidad Finnis Terrae (menci\u00f3n en pintura), actualmente vive en Santiago de Chile, donde forma parte activa del Taller de Cer\u00e1mica Huara Huara y del Taller Santa Victoria, con artistas de su generaci\u00f3n. Dentro de las exposiciones en las que ha participado se destaca la \u201cBienal de Nuevos Medios\u201d, en el Museo Nacional de Bellas Artes (Chile, 2013); \u201cAndes\u201d en Brooklyn, Nueva York (Estados Unidos, 2009); y en la muestra \u201cSub 30\u201d  del Museo de Arte Contempor\u00e1neo de Quinta Normal (Chile). Como proyectos paralelos, ha publicado dos libros de artista con la editorial \u201cKayrock Screenprinting\u201d (Nueva York, Estados Unidos), que en 2014 realizar\u00e1 una tercera versi\u00f3n  en la misma ciudad.<\/p>\n<p style=\"text-align: justify;\">La presentaci\u00f3n de Ignacio Gatica  tendr\u00e1 lugar en la Sala Audiovisual de Casa Museo EFM. Cabe destacar que esta presentaci\u00f3n se realiza en forma paralela a \u201cHermiscambunalia\u201d en la Galer\u00eda Die Ecke (Av. Jos\u00e9 Manuel Infante 1208), su primera muestra individual que incluye obras in\u00e9ditas y realizadas especialmente para la ocasi\u00f3n.<\/p>\n<p style=\"text-align: justify;\"><span style=\"color: #000080;\"><strong>J\u00f3venes y Arte en Casa Museo EFM<\/strong><\/span><\/p>\n<p style=\"text-align: justify;\">\n<div id=\"attachment_9593\" style=\"width: 310px\" class=\"wp-caption alignleft\"><a href=\"http:\/\/www.casamuseoeduardofrei.cl\/wp-content\/uploads\/2014\/06\/image03_gatica.jpg\" data-rel=\"lightbox-image-0\" data-rl_title=\"\" data-rl_caption=\"\"><img loading=\"lazy\" decoding=\"async\" aria-describedby=\"caption-attachment-9593\" class=\"size-full wp-image-9593\" title=\"\" src=\"http:\/\/www.casamuseoeduardofrei.cl\/wp-content\/uploads\/2014\/06\/image03_gatica.jpg\" alt=\"X O, grabado. 2014\" width=\"300\" height=\"225\" \/><\/a><p id=\"caption-attachment-9593\" class=\"wp-caption-text\">X O, grabado. 2014<\/p><\/div>\n<p>\u201cExperiencias de Arte Contempor\u00e1neo, Hoy\u201d est\u00e1 dirigido a estudiantes de Ense\u00f1anza Media, universitarios, profesores y p\u00fablico general interesado en la tem\u00e1tica. El ciclo contin\u00faa en los pr\u00f3ximos meses con las presentaciones de Grace Weinrib, Julen Birke y Jos\u00e9 Luis Falconi. La inscripci\u00f3n es gratuita (cupos limitados) y se realiza a trav\u00e9s del correo <a href=\"mailto:contacto@casamuseoeduardofrei.cl\">contacto@casamuseoeduardofrei.cl<\/a> o en el tel\u00e9fono (562) 28818674.<\/p>\n<p style=\"text-align: justify;\">\u201cEn esta serie de encuentros buscamos transmitir cu\u00e1l es el sentido de dedicar la vida al desarrollo de las artes visuales, para lo cual invitamos a seis j\u00f3venes creadores para que ense\u00f1en sus experiencias a los alumnos, con el fin de orientar a los futuros artistas\u201d, explic\u00f3 Paul Birke, Director de Galer\u00eda Die Ecke.<\/p>\n<p style=\"text-align: justify;\">\u201cEl arte cumple un rol fundamental en el desarrollo del esp\u00edritu del ser humano. Ya sea como observador o como creador, la experiencia est\u00e9tica deja una huella en cada uno y permite reflexionar en torno a diversas tem\u00e1ticas. Es por eso que nos unimos a la Galer\u00eda Die Ecke en este proyecto, porque adem\u00e1s Eduardo Frei Montalva era un gran coleccionista de obras y libros de arte, los cuales apreciaba enormemente y alimentaban parte importante de su personalidad\u201d, afirm\u00f3 Maite Gallego, Subdirectora de Casa Museo EFM.<\/p>\n<p style=\"text-align: justify;\">El ciclo forma parte de las actividades de extensi\u00f3n del espacio cultural ubicado en el inmueble donde Eduardo Frei Montalva vivi\u00f3 junto a su familia por m\u00e1s de 40 a\u00f1os, y que cuenta con una colecci\u00f3n patrimonial de m\u00e1s de 350 objetos, incluyendo la biblioteca personal del ex Mandatario con m\u00e1s de 3.700 libros, pintura chilena y latinoamericana, vestuario de los a\u00f1os \u201860, numism\u00e1tica, condecoraciones europeas y latinoamericanas, e incluso fragmentos de piedra lunar tra\u00eddos de regalo por los primeros astronautas que estuvieron en la Luna en 1969.<\/p>\n<p style=\"text-align: justify;\">\u201cExperiencias de Arte Contempor\u00e1neo, Hoy\u201d cuenta con el apoyo de la Ilustre Municipalidad de Providencia.<\/p>\n<p style=\"text-align: justify;\">&#8212;&#8212;&#8212;&#8212;&#8212;&#8212;&#8212;&#8212;<\/p>\n<p style=\"text-align: justify;\"><span style=\"color: #000080;\"><strong>DATOS:<\/strong><\/span><br \/>\n<strong> \u201cExperiencias de Arte Contempor\u00e1neo, Hoy\u201d<\/strong><\/p>\n<p style=\"text-align: justify;\">Dirigido a estudiantes de Ense\u00f1anza Media, universitarios, profesores y p\u00fablico general.<br \/>\nTercer encuentro: Ignacio Gatica, martes 8 de julio. 10:00 horas.<br \/>\nLugar: Sala audiovisual de Casa Museo Eduardo Frei Montalva. Hindenburg 683, Barrio Italia, Providencia.<br \/>\nInscripciones: (2) 28818674\/ <a href=\"mailto:contacto@casamuseoeduardofrei.cl\">contacto@casamuseoeduardofrei.cl<\/a><\/p>\n<p style=\"text-align: justify;\">Inscripci\u00f3n gratuita. Cupos limitados.<\/p>\n","protected":false},"excerpt":{"rendered":"<p>El\u00a0martes\u00a08 de julio el artista chileno\u00a0conversar\u00e1 con los estudiantes en el 3er encuentro del ciclo \u201cExperiencias de Arte Contempor\u00e1neo, Hoy\u201d, organizado por Casa Museo Eduardo Frei Montalva junto a Galer\u00eda Die Ecke.<\/p>\n","protected":false},"author":4,"featured_media":0,"comment_status":"open","ping_status":"open","sticky":false,"template":"","format":"standard","meta":{"_acf_changed":false,"footnotes":""},"categories":[14],"tags":[26,386,387],"class_list":["post-9588","post","type-post","status-publish","format-standard","hentry","category-noticias","tag-actividades-de-extension","tag-arte-contemporaneo","tag-ignacio-gatica"],"acf":[],"_links":{"self":[{"href":"https:\/\/www.casamuseoeduardofrei.cl\/en\/wp-json\/wp\/v2\/posts\/9588","targetHints":{"allow":["GET"]}}],"collection":[{"href":"https:\/\/www.casamuseoeduardofrei.cl\/en\/wp-json\/wp\/v2\/posts"}],"about":[{"href":"https:\/\/www.casamuseoeduardofrei.cl\/en\/wp-json\/wp\/v2\/types\/post"}],"author":[{"embeddable":true,"href":"https:\/\/www.casamuseoeduardofrei.cl\/en\/wp-json\/wp\/v2\/users\/4"}],"replies":[{"embeddable":true,"href":"https:\/\/www.casamuseoeduardofrei.cl\/en\/wp-json\/wp\/v2\/comments?post=9588"}],"version-history":[{"count":0,"href":"https:\/\/www.casamuseoeduardofrei.cl\/en\/wp-json\/wp\/v2\/posts\/9588\/revisions"}],"wp:attachment":[{"href":"https:\/\/www.casamuseoeduardofrei.cl\/en\/wp-json\/wp\/v2\/media?parent=9588"}],"wp:term":[{"taxonomy":"category","embeddable":true,"href":"https:\/\/www.casamuseoeduardofrei.cl\/en\/wp-json\/wp\/v2\/categories?post=9588"},{"taxonomy":"post_tag","embeddable":true,"href":"https:\/\/www.casamuseoeduardofrei.cl\/en\/wp-json\/wp\/v2\/tags?post=9588"}],"curies":[{"name":"wp","href":"https:\/\/api.w.org\/{rel}","templated":true}]}}