{"id":9512,"date":"2014-05-19T12:55:41","date_gmt":"2014-05-19T16:55:41","guid":{"rendered":"http:\/\/www.casamuseoeduardofrei.cl\/?p=9512"},"modified":"2014-05-19T12:55:41","modified_gmt":"2014-05-19T16:55:41","slug":"dia-del-patrimonio-2014-historia-y-recuerdos-de-un-ex-presidente","status":"publish","type":"post","link":"https:\/\/www.casamuseoeduardofrei.cl\/en\/dia-del-patrimonio-2014-historia-y-recuerdos-de-un-ex-presidente\/","title":{"rendered":"D\u00eda del Patrimonio 2014: Historia y recuerdos de un ex Presidente"},"content":{"rendered":"<p style=\"text-align: justify;\">En su 6\u00b0 aniversario de funcionamiento, <strong>Casa Museo EFM<\/strong> se suma a un nuevo <strong>D\u00eda del Patrimonio Cultural de Chile<\/strong> con entrada liberada, entrega de libros y videos del gobierno de Eduardo Frei Montalva durante toda la jornada del domingo 25 de mayo.<\/p>\n<p style=\"text-align: justify;\"><!--more--><\/p>\n<p style=\"text-align: justify;\">Una casa no s\u00f3lo resguarda a quienes la habitan, sino que es capaz de proteger y guardar sus historias, an\u00e9cdotas y momentos. <strong>Casa Museo Eduardo Frei Montalva<\/strong> es un ejemplo de esto, y en este nuevo D\u00eda del Patrimonio Cultural de Chile, el <strong>domingo 25 de mayo<\/strong>, sus visitantes podr\u00e1n recorrer los dos pisos del inmueble, que conserva espacios como la biblioteca conocida como \u201cLa Moneda Chica\u201d, lugar donde el ex Mandatario se reun\u00eda con diversas personalidades, como la Reina Isabel II de Inglaterra, quien adem\u00e1s cen\u00f3 junto a Frei Montalva en su residencia, momento que se recrea actualmente en el comedor de Casa Museo.<\/p>\n<p style=\"text-align: justify;\">Declarada Monumento Nacional el a\u00f1o 2005, por considerar que forma parte de la memoria colectiva de un importante per\u00edodo hist\u00f3rico-pol\u00edtico de Chile, adem\u00e1s de representar uno de los prototipos de la arquitectura residencial urbana propia de los a\u00f1os \u201940 del siglo XX. Durante el D\u00eda del Patrimonio, de 10:00 a 18:00 horas se realizar\u00e1n recorridos guiados gratuitos por el lugar. Adem\u00e1s, se entregar\u00e1n ejemplares de \u201cChile Desconocido\u201d y \u201cEl Mandato de la Historia y las Exigencias del Porvenir\u201d, escritos por Eduardo Frei Montalva en 1937 y 1975 respectivamente y reeditados por Casa Museo EFM en 2012.<\/p>\n<p style=\"text-align: justify;\">Adicionalmente, durante el D\u00eda del Patrimonio, se exhibir\u00e1n videos in\u00e9ditos del gobierno de Eduardo Frei Montalva, restaurados y traspasados a formato digital. De esta manera, los visitantes podr\u00e1n ver en la Sala Audiovisual de Hindenburg 683 (Providencia), im\u00e1genes de la Marcha de la Patria Joven, la construcci\u00f3n del metro de Santiago, entrevistas relacionadas con la Reforma Agraria, la conmemoraci\u00f3n de los 150 a\u00f1os de la Batalla de Maip\u00fa, un saludo navide\u00f1o de la entonces Primera Dama Mar\u00eda Ruiz Tagle, la inauguraci\u00f3n de Villa Frei y la gira presidencial a Gran Breta\u00f1a, entre otras im\u00e1genes sin divulgar.<\/p>\n<p style=\"text-align: justify;\">Estos videos son parte del trabajo de restauraci\u00f3n, mantenci\u00f3n y preservaci\u00f3n realizado por Casa Museo EFM con el apoyo de la Cineteca Nacional, el cual es posible gracias a la obtenci\u00f3n de un fondo de apoyo al resguardo del patrimonio f\u00edlmico otorgado por el Fondo Audiovisual del Consejo Nacional de la Cultura y las Artes.<\/p>\n<p style=\"text-align: justify;\"><span style=\"color: #000080;\"><strong>Una casa con historia<\/strong><\/span><\/p>\n<div id=\"attachment_8638\" style=\"width: 310px\" class=\"wp-caption alignleft\"><a href=\"http:\/\/www.casamuseoeduardofrei.cl\/wp-content\/uploads\/2013\/04\/objetoabril_image01.jpg\" data-rel=\"lightbox-image-0\" data-rl_title=\"\" data-rl_caption=\"\"><img loading=\"lazy\" decoding=\"async\" aria-describedby=\"caption-attachment-8638\" class=\"size-full wp-image-8638\" title=\"\" src=\"http:\/\/www.casamuseoeduardofrei.cl\/wp-content\/uploads\/2013\/04\/objetoabril_image01.jpg\" alt=\"La biblioteca del primer piso de la actual Casa Museo EFM, conocida  durante el gobierno del ex Mandatario como &quot;La Moneda Chica&quot;.\" width=\"300\" height=\"225\" \/><\/a><p id=\"caption-attachment-8638\" class=\"wp-caption-text\">La biblioteca del primer piso de la actual Casa Museo EFM, conocida  durante el gobierno del ex Mandatario como &quot;La Moneda Chica&quot;.<\/p><\/div>\n<p>La casa donde vivi\u00f3 Eduardo Frei Montalva junto a su familia por m\u00e1s de 40 a\u00f1os, se convirti\u00f3 en museo el 12 de mayo de 2008, invitando a adentrarse en el estilo de vida de una familia tradicional chilena de los a\u00f1os \u201960. Para lograr una experiencia m\u00e1s cercana, en el inmueble se aplic\u00f3 un concepto museogr\u00e1fico que no ocupa vitrinas, lo que permite apreciar el cotidiano familiar de la \u00e9poca, a trav\u00e9s de la conservaci\u00f3n del mobiliario original.<\/p>\n<p style=\"text-align: justify;\">Casa Museo EFM cuenta con una colecci\u00f3n permanente con m\u00e1s de 350 objetos patrimoniales e hist\u00f3ricos. Incluye la biblioteca personal del ex Mandatario con m\u00e1s de 3.700 libros, una colecci\u00f3n de pintura chilena y latinoamericana, vestuario de los a\u00f1os \u201860, numism\u00e1tica, condecoraciones europeas y latinoamericanas, e incluso fragmentos de piedra lunar tra\u00eddos de regalo por los primeros astronautas que estuvieron en la Luna en 1969, son algunos de los elementos que los visitantes pueden disfrutar. A esto se suma un archivo fotogr\u00e1fico con m\u00e1s de 8.000 im\u00e1genes de la vida p\u00fablica y privada del ex mandatario, otro hist\u00f3rico con m\u00e1s de 9.000 documentos, que contiene correspondencia, tratados, discursos, entre otros.<\/p>\n<p style=\"text-align: justify;\">&#8212;&#8212;&#8212;&#8212;&#8212;&#8212;&#8212;&#8212;&#8212;&#8212;&#8212;<\/p>\n<p><strong><span style=\"color: #000080;\">Datos generales Casa Museo EFM<\/span><\/strong><\/p>\n<p>Horario de atenci\u00f3n: martes a domingo de 10:00 a 18:00 hrs.<br \/>\nDirecci\u00f3n: Hindenburg 683, Barrio Italia, Providencia, Santiago.<br \/>\nInformaciones (56 \u2013 2) 2881 86 74.<br \/>\nSitio web: http:\/\/localhost\/casamuseo<br \/>\nEmail: contacto@casamuseoeduardofrei.cl<\/p>\n","protected":false},"excerpt":{"rendered":"<p>En su 6\u00b0 aniversario de funcionamiento, Casa Museo EFM se suma a un nuevo D\u00eda del Patrimonio Cultural de Chile con entrada liberada, entrega de libros y videos del gobierno de Eduardo Frei Montalva durante toda la jornada del domingo 25 de mayo.<\/p>\n","protected":false},"author":4,"featured_media":0,"comment_status":"open","ping_status":"open","sticky":false,"template":"","format":"standard","meta":{"_acf_changed":false,"footnotes":""},"categories":[14],"tags":[381],"class_list":["post-9512","post","type-post","status-publish","format-standard","hentry","category-noticias","tag-dia-del-patrimonio-2014"],"acf":[],"_links":{"self":[{"href":"https:\/\/www.casamuseoeduardofrei.cl\/en\/wp-json\/wp\/v2\/posts\/9512","targetHints":{"allow":["GET"]}}],"collection":[{"href":"https:\/\/www.casamuseoeduardofrei.cl\/en\/wp-json\/wp\/v2\/posts"}],"about":[{"href":"https:\/\/www.casamuseoeduardofrei.cl\/en\/wp-json\/wp\/v2\/types\/post"}],"author":[{"embeddable":true,"href":"https:\/\/www.casamuseoeduardofrei.cl\/en\/wp-json\/wp\/v2\/users\/4"}],"replies":[{"embeddable":true,"href":"https:\/\/www.casamuseoeduardofrei.cl\/en\/wp-json\/wp\/v2\/comments?post=9512"}],"version-history":[{"count":0,"href":"https:\/\/www.casamuseoeduardofrei.cl\/en\/wp-json\/wp\/v2\/posts\/9512\/revisions"}],"wp:attachment":[{"href":"https:\/\/www.casamuseoeduardofrei.cl\/en\/wp-json\/wp\/v2\/media?parent=9512"}],"wp:term":[{"taxonomy":"category","embeddable":true,"href":"https:\/\/www.casamuseoeduardofrei.cl\/en\/wp-json\/wp\/v2\/categories?post=9512"},{"taxonomy":"post_tag","embeddable":true,"href":"https:\/\/www.casamuseoeduardofrei.cl\/en\/wp-json\/wp\/v2\/tags?post=9512"}],"curies":[{"name":"wp","href":"https:\/\/api.w.org\/{rel}","templated":true}]}}