{"id":9467,"date":"2014-04-30T13:03:24","date_gmt":"2014-04-30T17:03:24","guid":{"rendered":"http:\/\/www.casamuseoeduardofrei.cl\/?p=9467"},"modified":"2014-04-30T13:03:24","modified_gmt":"2014-04-30T17:03:24","slug":"los-objetos-y-caleidoscopios-de-rodrigo-araya","status":"publish","type":"post","link":"https:\/\/www.casamuseoeduardofrei.cl\/en\/los-objetos-y-caleidoscopios-de-rodrigo-araya\/","title":{"rendered":"Los objetos y caleidoscopios de Rodrigo Araya"},"content":{"rendered":"<p style=\"text-align: justify;\">Con la presencia de alumnas del Liceo n\u00ba 7 Luisa Saavedra, el 29 de abril el artista chileno, Rodrigo Araya, present\u00f3 su visi\u00f3n del arte, proceso creativo y las principales ideas que lo inspiran. El encuentro se realiz\u00f3 en el marco del ciclo <strong>\u201cExperiencias de Arte Contempor\u00e1neo, Hoy\u201d<\/strong>.<\/p>\n<p style=\"text-align: justify;\"><!--more--><\/p>\n<p style=\"text-align: justify;\">Con la Sala Audiovisual de Casa Museo llena de estudiantes de educaci\u00f3n media del Liceo n\u00ba7 Luisa Saavedra de Providencia y de p\u00fablico general, el artista chileno Rodrigo Araya indag\u00f3 en su proceso creativo y explic\u00f3 una parte de las bases que inspiraron gran parte de sus exposiciones. El encuentro fue el segundo del ciclo &#8220;Expresiones de Arte Contempor\u00e1neo, Hoy&#8221;, organizado por <strong>Casa Museo Eduardo Frei Montalva<\/strong> en conjunto con <strong><a href=\"http:\/\/www.dieecke.cl\/\" target=\"_blank\">Galer\u00eda Die Ecke<\/a><\/strong>, y tuvo lugar el martes 29 de abril en la ma\u00f1ana.<\/p>\n<p style=\"text-align: justify;\">&#8220;Creo que el Arte Contempor\u00e1neo hoy en d\u00eda es una forma de acercarse a entender el mundo y sus distintas manifestaciones culturales y est\u00e9ticas&#8221;, coment\u00f3 Araya, creador de una obra donde objetos, dibujos, fotograf\u00edas y m\u00fasica, conviven en situaciones que activan sus referencias hist\u00f3ricas, culturales e ideol\u00f3gicas.<\/p>\n<p style=\"text-align: justify;\">Licenciado en Artes de la Pontificia Universidad Cat\u00f3lica de Chile, el artista dio un recorrido por algunas de sus exposiciones m\u00e1s destacadas, como \u201cUn colibr\u00ed, un murci\u00e9lago, entre otras cosas\u201d (Valpara\u00edso, 2013), \u201cChimba\u201d (Santiago, 2009), \u201cNueva Ola\u201d (Santiago, 2008) y el <span style=\"text-align: justify;\">el ciclo \u201cRadiaciones de Fondo\u201d en Galer\u00eda Gabriela Mistral (Santiago), siendo premiado con una residencia en ZKM Center for Art and Media, Karlsruhe, Alemania<\/span>. Tambi\u00e9n incluy\u00f3 importantes exposiciones colectivas, como la II Bienal de Artes Mediales en Santiago, y realizado performances en Alemania (2014), Suiza (2013 y 2011), B\u00e9lgica (2013), y Bolivia (2012).<\/p>\n<p style=\"text-align: justify;\">En la conversaci\u00f3n Araya mencion\u00f3 algunos conceptos que son recurrentes en su obra, como el espacio del no-conocimiento, &#8220;que no forma parte directa de nuestra percepci\u00f3n, pero influye en ella, como el hecho de estar sentado en una silla&#8221;. Adem\u00e1s habl\u00f3 de las im\u00e1genes formadas por caleidoscopios, que para \u00e9l simbolizan &#8220;la posibilidad de que una cantidad limitada de elementos producen miles de variables al ser reproducidas por espejos. En otras palabras representa para m\u00ed c\u00f3mo algo limitado tiene miles de posibilidades y variables&#8221;.<\/p>\n<p style=\"text-align: justify;\">&#8220;Para m\u00ed las obras de arte siempre son m\u00e1s inteligentes que el artista, porque est\u00e1n sometidos al espectador y su experiencia, que las carga de nuevos significados&#8221;, concluy\u00f3 Rodrigo Araya, quien adem\u00e1s de su presentaci\u00f3n en forma paralela est\u00e1 presentando la muestra &#8220;Tus Zonas Err\u00f3neas&#8221; en Galer\u00eda Die Ecke <span style=\"text-align: justify;\"> (Jos\u00e9 Manuel Infante 1208, Providencia) <\/span>hasta el 31 de mayo.<\/p>\n<p style=\"text-align: justify;\"><strong><span style=\"color: #000080;\">J\u00f3venes y arte<\/span><\/strong><\/p>\n<p style=\"text-align: justify;\">El ciclo\u00a0<span style=\"text-align: justify;\">\u201cExperiencias de Arte Contempor\u00e1neo, Hoy\u201d est\u00e1 dirigido a estudiantes de Ense\u00f1anza Media, universitarios, profesores y p\u00fablico general interesado en la tem\u00e1tica, y busca crear un espacio para <\/span>escuchar, dialogar y reflexionar en torno a la visi\u00f3n y trayectoria de artistas contempor\u00e1neos actuales.<\/p>\n<p style=\"text-align: justify;\">\n<div id=\"attachment_9471\" style=\"width: 310px\" class=\"wp-caption alignleft\"><a href=\"http:\/\/www.casamuseoeduardofrei.cl\/wp-content\/uploads\/2014\/04\/image02_araya_post.jpg\" data-rel=\"lightbox-image-0\" data-rl_title=\"\" data-rl_caption=\"\"><img loading=\"lazy\" decoding=\"async\" aria-describedby=\"caption-attachment-9471\" class=\"size-full wp-image-9471\" title=\"\" src=\"http:\/\/www.casamuseoeduardofrei.cl\/wp-content\/uploads\/2014\/04\/image02_araya_post.jpg\" alt=\"Maite Gallego, Subdirectora de Casa Museo EFM, presentando a Rodrigo Araya.\" width=\"300\" height=\"225\" \/><\/a><p id=\"caption-attachment-9471\" class=\"wp-caption-text\">Maite Gallego, Subdirectora de Casa Museo EFM, presentando a Rodrigo Araya.<\/p><\/div>\n<p>El ciclo contin\u00faa en los pr\u00f3ximos meses con las presentaciones de Ignacio Gatica (17 de junio), Grace Weinrib (29 de julio), Julen Birke (9 de septiembre) y <span style=\"text-align: justify;\">Jos\u00e9 Luis Falconi (28 de octubre)<\/span>. La inscripci\u00f3n es gratuita (cupos limitados) y se realiza a trav\u00e9s del correo <a href=\"mailto:contacto@casamuseoeduardofrei.cl\">contacto@casamuseoeduardofrei.cl<\/a> o en el tel\u00e9fono (562) 28818674.<\/p>\n<p style=\"text-align: justify;\">\u201cEn esta serie de encuentros buscamos transmitir cu\u00e1l es el sentido de dedicar la vida al desarrollo de las artes visuales, para lo cual invitamos a seis j\u00f3venes creadores para que ense\u00f1en sus experiencias a los alumnos, con el fin de orientar a los futuros artistas\u201d, explic\u00f3 Paul Birke, Director de Galer\u00eda Die Ecke.<\/p>\n<p style=\"text-align: justify;\">\u201cEl arte cumple un rol fundamental en el desarrollo del esp\u00edritu del ser humano. Ya sea como observador o como creador, la experiencia est\u00e9tica deja una huella en cada uno y permite reflexionar en torno a diversas tem\u00e1ticas. Es por eso que nos unimos a la Galer\u00eda Die Ecke en este proyecto, porque adem\u00e1s Eduardo Frei Montalva era un gran coleccionista de obras y libros de arte, los cuales apreciaba enormemente y alimentaban parte importante de su personalidad\u201d, afirm\u00f3 Maite Gallego, Subdirectora de Casa Museo EFM.<\/p>\n<p style=\"text-align: justify;\">El ciclo forma parte de las actividades de extensi\u00f3n del espacio cultural ubicado en el inmueble donde Eduardo Frei Montalva vivi\u00f3 junto a su familia por m\u00e1s de 40 a\u00f1os, y que cuenta con una colecci\u00f3n patrimonial de m\u00e1s de 350 objetos, incluyendo la biblioteca personal del ex Mandatario con m\u00e1s de 3.700 libros, pintura chilena y latinoamericana, vestuario de los a\u00f1os \u201860, numism\u00e1tica, condecoraciones europeas y latinoamericanas, e incluso fragmentos de piedra lunar tra\u00eddos de regalo por los primeros astronautas que estuvieron en la Luna en 1969.<\/p>\n<p style=\"text-align: justify;\">\u201cExperiencias de Arte Contempor\u00e1neo, Hoy\u201d cuenta con el apoyo de la Ilustre Municipalidad de Providencia.<\/p>\n","protected":false},"excerpt":{"rendered":"<p>Con la presencia de alumnas del Liceo n\u00ba 7 Luisa Saavedra, el 29 de abril el artista chileno, Rodrigo Araya, present\u00f3 su visi\u00f3n del arte, proceso creativo y las principales ideas que lo inspiran. El encuentro se realiz\u00f3 en el marco del ciclo \u201cExperiencias de Arte Contempor\u00e1neo, Hoy\u201d.<\/p>\n","protected":false},"author":4,"featured_media":0,"comment_status":"open","ping_status":"open","sticky":false,"template":"","format":"standard","meta":{"_acf_changed":false,"footnotes":""},"categories":[14],"tags":[],"class_list":["post-9467","post","type-post","status-publish","format-standard","hentry","category-noticias"],"acf":[],"_links":{"self":[{"href":"https:\/\/www.casamuseoeduardofrei.cl\/en\/wp-json\/wp\/v2\/posts\/9467","targetHints":{"allow":["GET"]}}],"collection":[{"href":"https:\/\/www.casamuseoeduardofrei.cl\/en\/wp-json\/wp\/v2\/posts"}],"about":[{"href":"https:\/\/www.casamuseoeduardofrei.cl\/en\/wp-json\/wp\/v2\/types\/post"}],"author":[{"embeddable":true,"href":"https:\/\/www.casamuseoeduardofrei.cl\/en\/wp-json\/wp\/v2\/users\/4"}],"replies":[{"embeddable":true,"href":"https:\/\/www.casamuseoeduardofrei.cl\/en\/wp-json\/wp\/v2\/comments?post=9467"}],"version-history":[{"count":0,"href":"https:\/\/www.casamuseoeduardofrei.cl\/en\/wp-json\/wp\/v2\/posts\/9467\/revisions"}],"wp:attachment":[{"href":"https:\/\/www.casamuseoeduardofrei.cl\/en\/wp-json\/wp\/v2\/media?parent=9467"}],"wp:term":[{"taxonomy":"category","embeddable":true,"href":"https:\/\/www.casamuseoeduardofrei.cl\/en\/wp-json\/wp\/v2\/categories?post=9467"},{"taxonomy":"post_tag","embeddable":true,"href":"https:\/\/www.casamuseoeduardofrei.cl\/en\/wp-json\/wp\/v2\/tags?post=9467"}],"curies":[{"name":"wp","href":"https:\/\/api.w.org\/{rel}","templated":true}]}}