{"id":9452,"date":"2014-04-21T12:12:47","date_gmt":"2014-04-21T16:12:47","guid":{"rendered":"http:\/\/www.casamuseoeduardofrei.cl\/?p=9452"},"modified":"2014-04-21T12:12:47","modified_gmt":"2014-04-21T16:12:47","slug":"programa-ciclo-de-cine-aniversario","status":"publish","type":"post","link":"https:\/\/www.casamuseoeduardofrei.cl\/en\/programa-ciclo-de-cine-aniversario\/","title":{"rendered":"Programa Ciclo de Cine Aniversario"},"content":{"rendered":"<p style=\"text-align: justify;\"><span style=\"color: #000080;\"><strong>S\u00e1bado 3 de mayo<a href=\"http:\/\/www.casamuseoeduardofrei.cl\/wp-content\/uploads\/2014\/04\/ciclocinemayo_paraguas01.jpg\" data-rel=\"lightbox-image-0\" data-rl_title=\"\" data-rl_caption=\"\"><img loading=\"lazy\" decoding=\"async\" class=\"alignright size-full wp-image-9458\" title=\"\" src=\"http:\/\/www.casamuseoeduardofrei.cl\/wp-content\/uploads\/2014\/04\/ciclocinemayo_paraguas01.jpg\" alt=\"ciclocinemayo_paraguas01\" width=\"300\" height=\"225\" \/><\/a><br \/>\n<\/strong><\/span><\/p>\n<p style=\"text-align: justify;\"><strong>Los Paraguas de Cherburgo (Musical. Francia. 1963)<\/strong><\/p>\n<p style=\"text-align: justify;\">Jacques Demy. Duraci\u00f3n: 87 min. Color.  Elenco: Catherine Deneuve, Nino Castelnuovo.<br \/>\nGanadora de la Palma de Oro de Cannes (1964) y m\u00fasica de Michael Legrand cuenta en clave musical la historia de la relaci\u00f3n entre Genevi\u00e8ve, quien trabaja con su madre en una tienda de paraguas y Guy, un joven mec\u00e1nico que aspira a un mejor futuro. La intervenci\u00f3n de la madre de Genevi\u00e8ve y de un joyero que se encapricha con la joven desatan el triangulo amoroso.<\/p>\n<p style=\"text-align: justify;\">\n<p style=\"text-align: justify;\">\n<p style=\"text-align: justify;\">\n<p style=\"text-align: justify;\"><span style=\"color: #000080;\"><strong>S\u00e1bado 10 de mayo<a href=\"http:\/\/www.casamuseoeduardofrei.cl\/wp-content\/uploads\/2014\/04\/ciclocinemayo_lanoche02.jpg\" data-rel=\"lightbox-image-1\" data-rl_title=\"\" data-rl_caption=\"\"><img loading=\"lazy\" decoding=\"async\" class=\"alignright size-full wp-image-9456\" title=\"\" src=\"http:\/\/www.casamuseoeduardofrei.cl\/wp-content\/uploads\/2014\/04\/ciclocinemayo_lanoche02.jpg\" alt=\"ciclocinemayo_lanoche02\" width=\"300\" height=\"225\" \/><\/a><br \/>\n<\/strong><\/span><\/p>\n<p style=\"text-align: justify;\"><strong>La Noche (Drama. Italia-Francia. 1961)<\/strong><\/p>\n<p style=\"text-align: justify;\">Michelangelo Antonioni. Duraci\u00f3n: 113min. B\/N.  Elenco: Marcello Mastroianni, Jean Moreau.<br \/>\nUna de las mejores pel\u00edculas de  Antonioni y ganadora del Oso de Oro de Berl\u00edn (1961), captura la deriva permanente de Giovanni, escritor talentoso pero sin fortuna y de su esposa Lydia a trav\u00e9s de la noche Mil\u00e1n. En su traves\u00eda por las calles, hospitales y fiestas se traza tambi\u00e9n la crisis del matrimonio en medio de la  incomunicaci\u00f3n a la que han llegado.<\/p>\n<p style=\"text-align: justify;\">\n<p style=\"text-align: justify;\">\n<p style=\"text-align: justify;\"><span style=\"font-weight: bold; color: #000080;\">S\u00e1bado 17 de mayo<a href=\"http:\/\/www.casamuseoeduardofrei.cl\/wp-content\/uploads\/2014\/04\/ciclocinemayo_matrimonio02.jpg\" data-rel=\"lightbox-image-2\" data-rl_title=\"\" data-rl_caption=\"\"><img loading=\"lazy\" decoding=\"async\" class=\"alignright size-full wp-image-9457\" title=\"\" src=\"http:\/\/www.casamuseoeduardofrei.cl\/wp-content\/uploads\/2014\/04\/ciclocinemayo_matrimonio02.jpg\" alt=\"ciclocinemayo_matrimonio02\" width=\"300\" height=\"225\" \/><\/a><br \/>\n<\/span><\/p>\n<p style=\"text-align: justify;\"><strong>Matrimonio a la Italiana (Comedia. Italia. 1964)<\/strong><br \/>\nVittorio De Sica. Duraci\u00f3n: 102 min. B\/N.  Elenco: Marcello Mastroianni, Sophia Loren.<br \/>\nEn medio de la Segunda Guerra Mundial, Filomena trabaja en una casa de prostituci\u00f3n en Napol\u00e9s en una ciudad devastada por bombardeos y escasez de comida. En ese lugar conoce a Don Mimi, due\u00f1o de un bar quien la retira de la prostituci\u00f3n y la lleva a vivir a su casa en la que inician nuevas aventuras, convirti\u00e9ndose de acompa\u00f1ante a confidente y c\u00f3mplice.<\/p>\n<p style=\"text-align: justify;\">\n<p style=\"text-align: justify;\">\n<p style=\"text-align: justify;\">\n<p style=\"text-align: justify;\"><span style=\"color: #000080;\"><strong>S\u00e1bado 24 de mayo<a href=\"http:\/\/www.casamuseoeduardofrei.cl\/wp-content\/uploads\/2014\/04\/ciclocinemayo_campanadas01.jpg\" data-rel=\"lightbox-image-3\" data-rl_title=\"\" data-rl_caption=\"\"><img loading=\"lazy\" decoding=\"async\" class=\"alignright size-full wp-image-9454\" title=\"\" src=\"http:\/\/www.casamuseoeduardofrei.cl\/wp-content\/uploads\/2014\/04\/ciclocinemayo_campanadas01.jpg\" alt=\"ciclocinemayo_campanadas01\" width=\"300\" height=\"225\" \/><\/a><br \/>\n<\/strong><\/span><\/p>\n<p style=\"text-align: justify;\"><strong>Campanadas de Medianoche (Drama. Espa\u00f1a. 1965)<\/strong><\/p>\n<p style=\"text-align: justify;\"><strong> <\/strong><br \/>\nOrson Welles. Duraci\u00f3n: 105 min. B\/N.  Elenco: Orson Welles, Jean Moreau.<br \/>\nAdaptaci\u00f3n libre de Welles de varias obras de William Shakespeare ambientadas en el siglo XV (Enrique IV y V, Ricardo II, Las alegres comadres de Windsor), introduce al personaje de Falstaff, caballero ingl\u00e9s al servicio del rey Enrique V, quien en busca de su propio beneficios empieza a influenciar al joven monarca en medio de la Guerra de los Cien A\u00f1os.<\/p>\n<p style=\"text-align: justify;\">\n<p style=\"text-align: justify;\">\n<p style=\"text-align: justify;\">\n<p style=\"text-align: justify;\"><span style=\"color: #000080;\"><strong>S\u00e1bado 31 de mayo<a href=\"http:\/\/www.casamuseoeduardofrei.cl\/wp-content\/uploads\/2014\/04\/ciclocinemayo_graduado02.jpg\" data-rel=\"lightbox-image-4\" data-rl_title=\"\" data-rl_caption=\"\"><img loading=\"lazy\" decoding=\"async\" class=\"alignright size-full wp-image-9455\" title=\"\" src=\"http:\/\/www.casamuseoeduardofrei.cl\/wp-content\/uploads\/2014\/04\/ciclocinemayo_graduado02.jpg\" alt=\"ciclocinemayo_graduado02\" width=\"300\" height=\"225\" \/><\/a><br \/>\n<\/strong><\/span><\/p>\n<p style=\"text-align: justify;\"><strong>El Graduado (Estado Unidos. 1967)<\/strong><\/p>\n<p style=\"text-align: justify;\"><strong> <\/strong><br \/>\nMike Nichols. Duraci\u00f3n: 105 min. Color.  Elenco: Dustin Hoffman, Anne Bancroft.<br \/>\nPara celebrar el t\u00e9rmino de estudios de Benjamin Bradock, sus padres organizan una fiesta. En medio de ella la se\u00f1ora Robinson conseguir seducir al joven iniciando una t\u00f3rrida relaci\u00f3n. Benjamin conoce de modo renuente a Elaine a petici\u00f3n de sus padres, enamor\u00e1ndose de ella hasta saber que es hija de la se\u00f1ora Robinson. Ganadora del Oscar al Mejor Director (1967).<\/p>\n","protected":false},"excerpt":{"rendered":"<p>S\u00e1bado 3 de mayo Los Paraguas de Cherburgo (Musical. Francia. 1963) Jacques Demy. Duraci\u00f3n: 87 min. Color. Elenco: Catherine Deneuve, Nino Castelnuovo. Ganadora de la Palma de Oro de Cannes (1964) y m\u00fasica de Michael Legrand cuenta en clave musical la historia de la relaci\u00f3n entre Genevi\u00e8ve, quien trabaja con su madre en una tienda [&hellip;]<\/p>\n","protected":false},"author":4,"featured_media":0,"comment_status":"open","ping_status":"open","sticky":false,"template":"","format":"standard","meta":{"_acf_changed":false,"footnotes":""},"categories":[379],"tags":[],"class_list":["post-9452","post","type-post","status-publish","format-standard","hentry","category-actividades"],"acf":[],"_links":{"self":[{"href":"https:\/\/www.casamuseoeduardofrei.cl\/en\/wp-json\/wp\/v2\/posts\/9452","targetHints":{"allow":["GET"]}}],"collection":[{"href":"https:\/\/www.casamuseoeduardofrei.cl\/en\/wp-json\/wp\/v2\/posts"}],"about":[{"href":"https:\/\/www.casamuseoeduardofrei.cl\/en\/wp-json\/wp\/v2\/types\/post"}],"author":[{"embeddable":true,"href":"https:\/\/www.casamuseoeduardofrei.cl\/en\/wp-json\/wp\/v2\/users\/4"}],"replies":[{"embeddable":true,"href":"https:\/\/www.casamuseoeduardofrei.cl\/en\/wp-json\/wp\/v2\/comments?post=9452"}],"version-history":[{"count":0,"href":"https:\/\/www.casamuseoeduardofrei.cl\/en\/wp-json\/wp\/v2\/posts\/9452\/revisions"}],"wp:attachment":[{"href":"https:\/\/www.casamuseoeduardofrei.cl\/en\/wp-json\/wp\/v2\/media?parent=9452"}],"wp:term":[{"taxonomy":"category","embeddable":true,"href":"https:\/\/www.casamuseoeduardofrei.cl\/en\/wp-json\/wp\/v2\/categories?post=9452"},{"taxonomy":"post_tag","embeddable":true,"href":"https:\/\/www.casamuseoeduardofrei.cl\/en\/wp-json\/wp\/v2\/tags?post=9452"}],"curies":[{"name":"wp","href":"https:\/\/api.w.org\/{rel}","templated":true}]}}