{"id":9390,"date":"2014-04-10T11:42:39","date_gmt":"2014-04-10T15:42:39","guid":{"rendered":"http:\/\/www.casamuseoeduardofrei.cl\/?p=9390"},"modified":"2014-04-10T11:42:39","modified_gmt":"2014-04-10T15:42:39","slug":"la-experiencia-multimedial-de-rodrigo-araya","status":"publish","type":"post","link":"https:\/\/www.casamuseoeduardofrei.cl\/en\/la-experiencia-multimedial-de-rodrigo-araya\/","title":{"rendered":"La experiencia multimedial de Rodrigo Araya"},"content":{"rendered":"<p style=\"text-align: justify;\">Con la presentaci\u00f3n de\u00a0Rodrigo Araya, el 29 de abril contin\u00faa\u00a0<strong>\u201cExperiencias de Arte Contempor\u00e1neo, Hoy\u201d<\/strong>, organizado por <strong>Casa Museo EFM<\/strong>. La invitaci\u00f3n es para establecimientos educacionales, universitarios y p\u00fablico general. Inscripciones gratuitas, cupos limitados.<\/p>\n<p style=\"text-align: justify;\"><!--more--><\/p>\n<p style=\"text-align: justify;\">Seis creadores visuales que exponen en Chile y el mundo se dar\u00e1n cita en el ciclo <strong>\u201cExperiencia de Arte Contempor\u00e1neo, Hoy\u201d<\/strong>, organizado por <strong>Casa Museo Eduardo Frei Montalva y Galer\u00eda Die Ecke<\/strong>. El segundo encuentro se realizar\u00e1 el <strong>martes 29 de abril<\/strong> y estar\u00e1 protagonizado por <strong>Rodrigo Araya<\/strong>, poseedor de una obra donde objetos, dibujos, fotograf\u00edas y m\u00fasica, conviven en situaciones que activan sus referencias hist\u00f3ricas, culturales e ideol\u00f3gicas.<\/p>\n<p style=\"text-align: justify;\">La presentaci\u00f3n de Rodrigo Araya tendr\u00e1 lugar en la Sala Audiovisual de Casa Museo EFM a las 10:00 horas. Licenciado en Artes de la Pontificia Universidad Cat\u00f3lica de Chile, entre la obra del artista visual y sonoro destacan \u201cUn colibr\u00ed, un murci\u00e9lago, entre otras cosas\u201d (Valpara\u00edso, 2013), \u201cChimba\u201d (Santiago, 2009), \u201cNueva Ola\u201d (Santiago, 2008). Adem\u00e1s ha participado en importantes exposiciones colectivas, como la II Bienal de Artes Mediales en Santiago,  y realizado performances en Alemania (2014), Suiza (2013 y 2011), B\u00e9lgica (2013), y Bolivia (2012).<\/p>\n<p style=\"text-align: justify;\">El 2013 Araya realiz\u00f3 el ciclo \u201cRadiaciones de Fondo\u201d en Galer\u00eda Gabriela Mistral (Santiago), siendo premiado con una residencia en ZKM Center for Art and Media, Karlsruhe, Alemania.<\/p>\n<p style=\"text-align: justify;\">Cabe destacar que junto con entregar su experiencia a trav\u00e9s de la charla en Casa Museo EFM, Rodrigo Araya protagonizar\u00e1 en forma paralela durante todo el mes una exposici\u00f3n en Galer\u00eda Die Ecke.<\/p>\n<p style=\"text-align: justify;\"><span style=\"color: #000080;\"><strong>J\u00f3venes y Arte en Casa Museo EFM<\/strong><\/span><\/p>\n<p style=\"text-align: justify;\">\u201cExperiencias de Arte Contempor\u00e1neo, Hoy\u201d est\u00e1 dirigido a estudiantes de Ense\u00f1anza Media, universitarios, profesores y p\u00fablico general interesado en la tem\u00e1tica. El ciclo contin\u00faa en los pr\u00f3ximos meses con las presentaciones de Jos\u00e9 Luis Falconi, Grace Weinrib, Julen Birke y Marcela Moraga. La inscripci\u00f3n es gratuita (cupos limitados) y se realiza a trav\u00e9s del correo <a href=\"mailto:contacto@casamuseoeduardofrei.cl\">contacto@casamuseoeduardofrei.cl<\/a> o en el tel\u00e9fono (562) 28818674.<\/p>\n<p style=\"text-align: justify;\">\n<div id=\"attachment_9396\" style=\"width: 310px\" class=\"wp-caption alignleft\"><a href=\"http:\/\/www.casamuseoeduardofrei.cl\/wp-content\/uploads\/2014\/04\/image02_araya.jpg\" data-rel=\"lightbox-image-0\" data-rl_title=\"\" data-rl_caption=\"\"><img loading=\"lazy\" decoding=\"async\" aria-describedby=\"caption-attachment-9396\" class=\"size-full wp-image-9396\" title=\"\" src=\"http:\/\/www.casamuseoeduardofrei.cl\/wp-content\/uploads\/2014\/04\/image02_araya.jpg\" alt=\"Trozo de la obra &quot;Ojala no repita los errores que yo comet\u00ed&quot;, de Rodrigo Araya (2012-2013).\" width=\"300\" height=\"225\" \/><\/a><p id=\"caption-attachment-9396\" class=\"wp-caption-text\">Trozo de la obra &quot;Ojala no repita los errores que yo comet\u00ed&quot;, de Rodrigo Araya (2012-2013).<\/p><\/div>\n<p>\u201cEn esta serie de encuentros buscamos transmitir cu\u00e1l es el sentido de dedicar la vida al desarrollo de las artes visuales, para lo cual invitamos a seis j\u00f3venes creadores para que ense\u00f1en sus experiencias a los alumnos, con el fin de orientar a los futuros artistas\u201d, explic\u00f3 Paul Birke, Director de Galer\u00eda Die Ecke (Jos\u00e9 Manuel Infante 1208, Providencia).<\/p>\n<p style=\"text-align: justify;\">\u201cEl arte cumple un rol fundamental en el desarrollo del esp\u00edritu del ser humano. Ya sea como observador o como creador, la experiencia est\u00e9tica deja una huella en cada uno y permite reflexionar en torno a diversas tem\u00e1ticas. Es por eso que nos unimos a la Galer\u00eda Die Ecke en este proyecto, porque adem\u00e1s Eduardo Frei Montalva era un gran coleccionista de obras y libros de arte, los cuales apreciaba enormemente y alimentaban parte importante de su personalidad\u201d, afirm\u00f3 Maite Gallego, Subdirectora de Casa Museo EFM.<\/p>\n<p style=\"text-align: justify;\">El ciclo forma parte de las actividades de extensi\u00f3n del espacio cultural ubicado en el inmueble donde Eduardo Frei Montalva vivi\u00f3 junto a su familia por m\u00e1s de 40 a\u00f1os, y que cuenta con una colecci\u00f3n patrimonial de m\u00e1s de 350 objetos, incluyendo la biblioteca personal del ex Mandatario con m\u00e1s de 3.700 libros, pintura chilena y latinoamericana, vestuario de los a\u00f1os \u201860, numism\u00e1tica, condecoraciones europeas y latinoamericanas, e incluso fragmentos de piedra lunar tra\u00eddos de regalo por los primeros astronautas que estuvieron en la Luna en 1969.<\/p>\n<p style=\"text-align: justify;\">\u201cExperiencias de Arte Contempor\u00e1neo, Hoy\u201d cuenta con el apoyo de la Ilustre Municipalidad de Providencia.<\/p>\n<p style=\"text-align: justify;\"><a href=\"http:\/\/www.casamuseoeduardofrei.cl\/wp-content\/uploads\/2014\/04\/afiche_araya_chico.jpg\" data-rel=\"lightbox-image-1\" data-rl_title=\"\" data-rl_caption=\"\"><img loading=\"lazy\" decoding=\"async\" class=\"aligncenter size-full wp-image-9394\" title=\"\" src=\"http:\/\/www.casamuseoeduardofrei.cl\/wp-content\/uploads\/2014\/04\/afiche_araya_chico.jpg\" alt=\"afiche_araya_chico\" width=\"550\" height=\"736\" \/><\/a><\/p>\n<p style=\"text-align: justify;\"><span style=\"color: #000080;\"><strong>Datos:<\/strong><\/span><br \/>\n\u201cExperiencias de Arte Contempor\u00e1neo, Hoy\u201d<\/p>\n<p style=\"text-align: justify;\">Dirigido a estudiantes de Ense\u00f1anza Media, universitarios, profesores y p\u00fablico general.<br \/>\nSegundo encuentro: Rodrigo Araya, martes 29 de abril. 10:00 horas.<br \/>\nLugar: Sala audiovisual de Casa Museo Eduardo Frei Montalva. Hindenburg 683, Barrio Italia, Providencia.<br \/>\nInscripciones: (2) 28818674\/ <a href=\"mailto:contacto@casamuseoeduardofrei.cl\">contacto@casamuseoeduardofrei.cl<\/a><\/p>\n<p style=\"text-align: justify;\"><strong>Inscripci\u00f3n gratuita. Cupos limitados.<\/strong><\/p>\n","protected":false},"excerpt":{"rendered":"<p>Con la presentaci\u00f3n de\u00a0Rodrigo Araya, el 29 de abril contin\u00faa\u00a0\u201cExperiencias de Arte Contempor\u00e1neo, Hoy\u201d, organizado por Casa Museo EFM. La invitaci\u00f3n es para establecimientos educacionales, universitarios y p\u00fablico general. Inscripciones gratuitas, cupos limitados.<\/p>\n","protected":false},"author":4,"featured_media":0,"comment_status":"open","ping_status":"open","sticky":false,"template":"","format":"standard","meta":{"_acf_changed":false,"footnotes":""},"categories":[14],"tags":[],"class_list":["post-9390","post","type-post","status-publish","format-standard","hentry","category-noticias"],"acf":[],"_links":{"self":[{"href":"https:\/\/www.casamuseoeduardofrei.cl\/en\/wp-json\/wp\/v2\/posts\/9390","targetHints":{"allow":["GET"]}}],"collection":[{"href":"https:\/\/www.casamuseoeduardofrei.cl\/en\/wp-json\/wp\/v2\/posts"}],"about":[{"href":"https:\/\/www.casamuseoeduardofrei.cl\/en\/wp-json\/wp\/v2\/types\/post"}],"author":[{"embeddable":true,"href":"https:\/\/www.casamuseoeduardofrei.cl\/en\/wp-json\/wp\/v2\/users\/4"}],"replies":[{"embeddable":true,"href":"https:\/\/www.casamuseoeduardofrei.cl\/en\/wp-json\/wp\/v2\/comments?post=9390"}],"version-history":[{"count":0,"href":"https:\/\/www.casamuseoeduardofrei.cl\/en\/wp-json\/wp\/v2\/posts\/9390\/revisions"}],"wp:attachment":[{"href":"https:\/\/www.casamuseoeduardofrei.cl\/en\/wp-json\/wp\/v2\/media?parent=9390"}],"wp:term":[{"taxonomy":"category","embeddable":true,"href":"https:\/\/www.casamuseoeduardofrei.cl\/en\/wp-json\/wp\/v2\/categories?post=9390"},{"taxonomy":"post_tag","embeddable":true,"href":"https:\/\/www.casamuseoeduardofrei.cl\/en\/wp-json\/wp\/v2\/tags?post=9390"}],"curies":[{"name":"wp","href":"https:\/\/api.w.org\/{rel}","templated":true}]}}