{"id":9354,"date":"2014-05-06T12:10:07","date_gmt":"2014-05-06T16:10:07","guid":{"rendered":"http:\/\/www.casamuseoeduardofrei.cl\/?p=9354"},"modified":"2019-07-11T11:25:20","modified_gmt":"2019-07-11T14:25:20","slug":"al-rescate-de-villa-frei","status":"publish","type":"post","link":"https:\/\/www.casamuseoeduardofrei.cl\/en\/al-rescate-de-villa-frei\/","title":{"rendered":"Al rescate de Villa Frei"},"content":{"rendered":"<p><\/p>\n<p style=\"text-align: justify;\">El martes 20 de mayo a las 15:00 horas se realizar\u00e1 el primer conversatorio <strong>\u201cVilla Frei: Zona T\u00edpica\u201d, <\/strong><strong>del<\/strong><strong> <\/strong>2\u00ba Laboratorio Juvenil de Reflexi\u00f3n y Participaci\u00f3n, organizado por\u00a0<strong>Casa Museo Eduardo Frei Montalva, <\/strong><strong><a href=\"http:\/\/www.museovicunamackenna.cl\/Vistas_Publicas\/publicHome\/homePublic.aspx?idInstitucion=97\" target=\"_blank\">Museo Benjam\u00edn Vicu\u00f1a Mackenna<\/a>, <\/strong><strong>el\u00a0<a href=\"http:\/\/explorarm.com\/\" target=\"_blank\">Proyecto Explora-Conicyt RM Sur Oriente<\/a> y el <a href=\"www.monumentos.cl\" target=\"_blank\">Consejo de Monumentos Nacionales<\/a>.<\/strong><\/p>\n<p style=\"text-align: justify;\"><!--more--><\/p>\n<p style=\"text-align: justify;\">Cuatro jornadas de reflexi\u00f3n, conversaci\u00f3n y participaci\u00f3n para estudiantes de <strong>8\u00ba b\u00e1sico a 4\u00ba medio<\/strong>, enfocadas en distintas iniciativas y temas para que los j\u00f3venes intercambien opiniones, desarrollen una conciencia cr\u00edtica respecto de su entorno y comprendan que son una pieza fundamental al momento de crear su propia sociedad. Ese es el objetivo del <strong>2\u00ba Laboratorio Juvenil de Reflexi\u00f3n y Participaci\u00f3n<\/strong>, que en 2014 tendr\u00e1 cuatro jornadas centradas en rescate patrimonial de barrios y transporte urbano, entre otros.<\/p>\n<p style=\"text-align: justify;\">Organizado por el <strong>Museo Benjam\u00edn Vicu\u00f1a Mackenna, Casa Museo Eduardo Frei Montalva,  Proyecto EXPLORA CONICYT RM Zona Sur Oriente y el Consejo de Monumentos Nacionales<\/strong>, el 2\u00ba Laboratorio Juvenil comienza el martes 20 de mayo a las 15:00 horas\u00a0<strong> con \u201cVilla Frei: Zona T\u00edpica\u201d<\/strong>. En la ocasi\u00f3n, el arquitecto Rodrigo Gertosio entregar\u00e1 su experiencia y conversar\u00e1 con los estudiantes en torno al proceso realizado para declarar la Villa Frei como Zona T\u00edpica.<\/p>\n<p style=\"text-align: justify;\">La Villa Frei (1965 \u2013 1968) es un conjunto residencial dise\u00f1ado por los arquitectos Jaime y Osvaldo Larra\u00edn y Diego Balmaceda, en la comuna de \u00d1u\u00f1oa en Santiago. Se construy\u00f3 durante el Gobierno de Eduardo Frei Montalva, sobre un terreno de 40 hect\u00e1reas que conten\u00eda una feria de frutas y animales. Por encargo de la Caja de Empleados Particulares en 1965, y pensado especialmente en la clase media, los arquitectos desarrollaron un  conjunto con m\u00e1s de 1.900 viviendas, incluyendo adem\u00e1s un espacio p\u00fablico y de \u00e1reas verdes.<\/p>\n<p style=\"text-align: justify;\">Las inscripciones son gratuitas (cupos limitados). Para participar del 2\u00ba Laboratorio Juvenil de Reflexi\u00f3n y Participaci\u00f3n, los profesores interesados deben inscribir a su curso contact\u00e1ndose con Carola Gutierrez al correo electr\u00f3nico <a href=\"mailto:cgutierrez@explorarm.com\">cgutierrez@explorarm.com<\/a> o al tel\u00e9fono 29785688.<\/p>\n<p style=\"text-align: justify;\"><span style=\"color: #000080;\"><strong> <\/strong><\/span><\/p>\n<div id=\"attachment_9358\" style=\"width: 310px\" class=\"wp-caption alignleft\"><a href=\"http:\/\/www.casamuseoeduardofrei.cl\/wp-content\/uploads\/2014\/03\/2lab_villafrei_image02.jpg\" data-rel=\"lightbox-image-0\" data-rl_title=\"\" data-rl_caption=\"\"><img loading=\"lazy\" decoding=\"async\" aria-describedby=\"caption-attachment-9358\" class=\"size-full wp-image-9358\" title=\"\" src=\"http:\/\/www.casamuseoeduardofrei.cl\/wp-content\/uploads\/2014\/03\/2lab_villafrei_image02.jpg\" alt=\"La Villa Frei (1965 \u2013 1968) es un conjunto residencial construido durante el gobierno de Eduardo Frei Montalva, y dise\u00f1ado por los arquitectos Jaime y Osvaldo Larra\u00edn y Diego Balmaceda, en la comuna de \u00d1u\u00f1oa en Santiago. \" width=\"300\" height=\"225\" \/><\/a><p id=\"caption-attachment-9358\" class=\"wp-caption-text\">La Villa Frei (1965 \u2013 1968) es un conjunto residencial construido durante el gobierno de Eduardo Frei Montalva, y dise\u00f1ado por los arquitectos Jaime y Osvaldo Larra\u00edn y Diego Balmaceda, en la comuna de \u00d1u\u00f1oa en Santiago. <\/p><\/div>\n<p><span style=\"color: #000080;\"><strong>Encuentro y di\u00e1logo<\/strong><\/span><\/p>\n<p style=\"text-align: justify;\">El Laboratorio Juvenil de Reflexi\u00f3n y Participaci\u00f3n es una instancia creada en el a\u00f1o 2013, y que en dicho periodo cont\u00f3 con cuatro encuentros: \u201cGraffitis y expresi\u00f3n art\u00edstica\u201d, \u201cJ\u00f3venes y participaci\u00f3n pol\u00edtica\u201d, \u201cIdentidad barrial\u201d y \u201cJ\u00f3venes y la ciencia en colegios\u201d.  Este a\u00f1o, en su segunda versi\u00f3n las conversaciones girar\u00e1n en torno al proceso de declaraci\u00f3n patrimonial de la Villa Frei (24 de abril), el movimiento de Bicipaseos Patrimoniales (26 de junio), el programa de J\u00f3venes por el Patrimonio (28 de agosto) y el programa de Barrios de La Legua (23 de octubre).<\/p>\n<p style=\"text-align: justify;\">Es relevante destacar que este espacio est\u00e1 vinculado al curr\u00edculum escolar, especialmente a los contenidos de artes visuales de 8\u00b0 b\u00e1sico hasta 4\u00b0 Medio, y a Historia y Ciencias Sociales, donde se contempla en el Programa de Estudio Tercer o Cuarto A\u00f1o Medio en Formaci\u00f3n Diferenciada Human\u00edstico-Cient\u00edfica el tratamiento de La Ciudad Contempor\u00e1nea.<\/p>\n<p style=\"text-align: justify;\">El 2\u00ba Laboratorio Juvenil de Reflexi\u00f3n y Participaci\u00f3n nace en el contexto del nuevo papel de los museos y sitios patrimoniales, que est\u00e1n generando diversas plataformas para dar espacio a la reflexi\u00f3n de sus visitantes, creando oportunidades para el desarrollo de la educaci\u00f3n no formal.<\/p>\n<p style=\"text-align: justify;\">Para ver el calendario completo de encuentros los invitamos \u00a0visitar el <strong><a href=\"http:\/\/www.casamuseoeduardofrei.cl\/2014\/03\/programa-2%C2%BA-laboratorio-juvenil-de-reflexion-y-participacion\/\" target=\"_blank\">programa<\/a>.<\/strong><\/p>\n<p style=\"text-align: justify;\"><span style=\"color: #000080;\"><strong>Datos:<\/strong><\/span><\/p>\n<p style=\"text-align: justify;\"><strong><span style=\"color: #999999;\">2\u00ba  Laboratorio Juvenil de Reflexi\u00f3n y Participaci\u00f3n<\/span><\/strong><br \/>\n<strong> Primer encuentro: <\/strong>\u201cVilla Frei: Zona T\u00edpica\u201d<\/p>\n<p style=\"text-align: justify;\">Martes 20 de mayo, de 15:00 a 17:00 horas. Sala audiovisual de Casa Museo Eduardo Frei Montalva. Hindenburg 683, Providencia.<\/p>\n<p style=\"text-align: justify;\">Inscripciones gratuitas, cupos limitados. Los profesores pueden inscribir a sus cursos en <a href=\"mailto:cgutierrez@explorarm.com\">cgutierrez@explorarm.com<\/a>\/  (2) 29785688.<\/p>\n<p style=\"text-align: justify;\">M\u00e1s informaci\u00f3n en <a href=\"https:\/\/www.facebook.com\/laboratoriojuvenilchile\" target=\"_blank\">https:\/\/www.facebook.com\/laboratoriojuvenilchile <\/a><\/p>\n<p><\/p>","protected":false},"excerpt":{"rendered":"<p>Sorry, this entry is only available in Espa\u00f1ol.<\/p>\n","protected":false},"author":4,"featured_media":0,"comment_status":"open","ping_status":"open","sticky":false,"template":"","format":"standard","meta":{"_acf_changed":false,"footnotes":""},"categories":[14],"tags":[338,378],"class_list":["post-9354","post","type-post","status-publish","format-standard","hentry","category-noticias","tag-laboratorio-juvenil-de-reflexion-y-participacion","tag-villa-frei"],"acf":[],"_links":{"self":[{"href":"https:\/\/www.casamuseoeduardofrei.cl\/en\/wp-json\/wp\/v2\/posts\/9354","targetHints":{"allow":["GET"]}}],"collection":[{"href":"https:\/\/www.casamuseoeduardofrei.cl\/en\/wp-json\/wp\/v2\/posts"}],"about":[{"href":"https:\/\/www.casamuseoeduardofrei.cl\/en\/wp-json\/wp\/v2\/types\/post"}],"author":[{"embeddable":true,"href":"https:\/\/www.casamuseoeduardofrei.cl\/en\/wp-json\/wp\/v2\/users\/4"}],"replies":[{"embeddable":true,"href":"https:\/\/www.casamuseoeduardofrei.cl\/en\/wp-json\/wp\/v2\/comments?post=9354"}],"version-history":[{"count":2,"href":"https:\/\/www.casamuseoeduardofrei.cl\/en\/wp-json\/wp\/v2\/posts\/9354\/revisions"}],"predecessor-version":[{"id":14261,"href":"https:\/\/www.casamuseoeduardofrei.cl\/en\/wp-json\/wp\/v2\/posts\/9354\/revisions\/14261"}],"wp:attachment":[{"href":"https:\/\/www.casamuseoeduardofrei.cl\/en\/wp-json\/wp\/v2\/media?parent=9354"}],"wp:term":[{"taxonomy":"category","embeddable":true,"href":"https:\/\/www.casamuseoeduardofrei.cl\/en\/wp-json\/wp\/v2\/categories?post=9354"},{"taxonomy":"post_tag","embeddable":true,"href":"https:\/\/www.casamuseoeduardofrei.cl\/en\/wp-json\/wp\/v2\/tags?post=9354"}],"curies":[{"name":"wp","href":"https:\/\/api.w.org\/{rel}","templated":true}]}}