{"id":9340,"date":"2014-03-21T11:26:50","date_gmt":"2014-03-21T15:26:50","guid":{"rendered":"http:\/\/www.casamuseoeduardofrei.cl\/?p=9340"},"modified":"2014-03-21T11:26:50","modified_gmt":"2014-03-21T15:26:50","slug":"museos-de-providencia-invitan-a-caminata-patrimonial","status":"publish","type":"post","link":"https:\/\/www.casamuseoeduardofrei.cl\/en\/museos-de-providencia-invitan-a-caminata-patrimonial\/","title":{"rendered":"Museos de Providencia invitan a caminata patrimonial"},"content":{"rendered":"<p style=\"text-align: justify;\">El <strong>s\u00e1bado 12 de abril desde las 10:00<\/strong>, el museo Benjam\u00edn Vicu\u00f1a Mackenna, Casa Museo Eduardo Frei Montalva y el Museo Hist\u00f3rico Carabineros de Chile (MHC), junto al  Centro de Informaci\u00f3n Tur\u00edstica de la Municipalidad de Providencia (CITi) realizar\u00e1n una caminata patrimonial. La actividad es gratuita y abierta a toda la comunidad.<\/p>\n<p style=\"text-align: justify;\"><!--more--><\/p>\n<p style=\"text-align: justify;\">Los museos <strong><a href=\"http:\/\/www.museovicunamackenna.cl\/\" target=\"_blank\">Benjam\u00edn Vicu\u00f1a Mackenna (MBVM)<\/a>, Casa Museo Eduardo Frei Montalva y el <a href=\"http:\/\/www.museocarabineros.cl\/sitio\/\" target=\"_blank\">Museo Hist\u00f3rico Carabineros de Chile (MHC)<\/a><\/strong>, junto al  <a href=\"http:\/\/www.turismoprovidencia.travel\/\" target=\"_blank\"><strong>Centro de Informaci\u00f3n Tur\u00edstica de la Municipalidad de Providencia (CITi)<\/strong>,<\/a> invitan a la comunidad a participar de su <strong>\u201cPrimera Caminata Patrimonial\u201d<\/strong>.  La actividad es  gratuita y se realizar\u00e1  el<strong> s\u00e1bado 12 de abril desde las 10:00<\/strong>.<\/p>\n<p style=\"text-align: justify;\">El paseo patrimonial se enmarca dentro de las actividades planificadas por  la <strong>Red de Museos de Providencia<\/strong>, creada en 2013 con el fin de acercar a la comunidad las colecciones e historias que estas organizaciones conservan, a trav\u00e9s de  diferentes actividades,  que buscan difundir el patrimonio cultural material e inmaterial de la comuna.<\/p>\n<p style=\"text-align: justify;\">Las inscripciones se hacen a trav\u00e9s de \u00a0CITi, en los tel\u00e9fonos: 23742743, 23742744, 23742745 o en el correo electr\u00f3nico <a href=\"mailto:informacionturistica@providencia.cl.\">informacionturistica@providencia.cl.<\/a> El punto de partida de la actividad ser\u00e1 la  oficina de CITi, ubicada en  Av. Providencia 2359, para luego dirigirse al primer punto, el  <strong>MBVM<\/strong> cuya exhibici\u00f3n permanente  destaca el legado de Benjam\u00edn Vicu\u00f1a Mackenna a la ciudad de Santiago, as\u00ed como sus facetas de Intendente, pol\u00edtico, historiador, periodista, escritor y viajero. Adem\u00e1s los participantes podr\u00e1n recorrer la Biblioteca Hist\u00f3rica, Monumento Hist\u00f3rico desde 1992, y \u00fanico lugar original que se conserva de la Casa Quinta de Benjam\u00edn Vicu\u00f1a Mackenna.<\/p>\n<p style=\"text-align: justify;\">El circuito incluye, adem\u00e1s, tres  hitos destacados entre cada Museo como  la calle Vi\u00f1a del Mar Camino a Casa Museo Eduardo Frei Montalva, los participantes podr\u00e1n apreciar la calle Vi\u00f1a del Mar, que  alberga 18 estructuras habitacionales concebidas a principios del siglo XX. La segunda parada ser\u00e1 en el Parque Bustamante,  donde es posible encontrar diferentes tipos de \u00e1reas verdes, juegos recreativos para ni\u00f1os e instalaciones deportivas, un skatepark, ciclov\u00edas y un \u201cCaf\u00e9 Literario\u201d, transform\u00e1ndose un atractivo n\u00facleo de esparcimiento dentro de la comuna.<\/p>\n<p style=\"text-align: justify;\">Dentro de  <strong>Casa Museo Eduardo Frei Montalva<\/strong> los visitantes podr\u00e1n  conocer el inmueble en el que vivi\u00f3 el ex Mandatario junto a su familia por m\u00e1s de 40 a\u00f1os y que hoy resguarda una colecci\u00f3n patrimonial con m\u00e1s de 350 objetos, incluyendo varias obras de maestros de la pintura chilena y latinoamericana, las condecoraciones recibidas por el ex Mandatario, su biblioteca  con cerca de 3.600 ejemplares de diversas disciplinas e incluso fragmentos de piedras de la Luna tra\u00eddas por la tripulaci\u00f3n del Apollo XII.<\/p>\n<p style=\"text-align: justify;\">Luego la caminata tomar\u00e1 rumbo hacia su destino final, el  <strong>MHC<\/strong>, pero antes se detendr\u00e1  en el castillo ubicado en la esquina de Jos\u00e9 Miguel Infante con Los Jesuitas y en la Embajada de Italia, una construcci\u00f3n de inter\u00e9s hist\u00f3rico que evoca la arquitectura de esa naci\u00f3n durante el  siglo XVIII.<\/p>\n<p style=\"text-align: justify;\">Dentro del MHC los visitantes tendr\u00e1n la oportunidad de realizar un recorrido cronol\u00f3gico sobre la historia de la evoluci\u00f3n de la funci\u00f3n policial en nuestro pa\u00eds, a trav\u00e9s de las diferentes ambientaciones y pantallas touch que ayudan al visitante a comprender nuestro gui\u00f3n historiogr\u00e1fico. Al mismo tiempo, podr\u00e1n visitar la colecci\u00f3n de veh\u00edculos donde destaca el Papam\u00f3vil que utiliz\u00f3 S.S. Juan Pablo II cuando visit\u00f3 Chile, en abril de 1987.<\/p>\n<p style=\"text-align: justify;\">La actividad tendr\u00e1 una duraci\u00f3n aproximada de cuatro horas.<\/p>\n<p style=\"text-align: justify;\">\n<p style=\"text-align: justify;\"><span style=\"color: #000080;\"><strong>Datos:<\/strong><\/span><\/p>\n<p style=\"text-align: justify;\"><span style=\"color: #000080;\"><strong> <\/strong><\/span><br \/>\n<strong> Inscripci\u00f3n gratuita<\/strong> a partir del 17 de marzo, en las oficinas de CITi.<br \/>\n<strong> Tel\u00e9fonos: <\/strong>23742743 &#8211; 23742744 \u2013 23742745.<br \/>\n<strong> Correo electr\u00f3nico: <\/strong><a href=\"mailto:informacionturistica@providencia.cl.\">informacionturistica@providencia.cl.<\/a><br \/>\n<strong> Fecha: <\/strong>s\u00e1bado 12 de abril.<br \/>\n<strong> Hora:<\/strong><\/p>\n<p style=\"text-align: justify;\">10:00 horas: Punto de inicio, CITi Providencia  2359.<br \/>\n10:30 horas: Museo Benjam\u00edn Vicu\u00f1a Mackenna (Vicu\u00f1a Mackenna 94, Metro Baquedano).<\/p>\n<p style=\"text-align: justify;\">\n<p style=\"text-align: left;\"><span style=\"color: #000080;\"><strong>PROGRAMA ACTIVIDAD<\/strong><\/span><br \/>\n10:00\tSalida en bus desde CITi a Museo Nacional Benjam\u00edn Vicu\u00f1a Mackenna<br \/>\n10:30\tRecepci\u00f3n Museo Nacional Benjam\u00edn Vicu\u00f1a Mackenna<br \/>\n10:40\tComienzo recorrido por Museo Nacional Benjam\u00edn Vicu\u00f1a Mackenna<br \/>\n11:20\tSalida desde Museo Nacional Benjam\u00edn Vicu\u00f1a Mackenna por calle Vi\u00f1a del Mar hacia Casa Museo Eduardo Frei Montalva<br \/>\n11:50\tRecepci\u00f3n Casa Museo Eduardo Frei Montalva<br \/>\n12:00\tComienzo recorrido por Casa Museo Eduardo Frei Montalva<br \/>\n12:40\tSalida por calle Hindenburg hacia Museo Hist\u00f3rico de Carabineros de Chile<br \/>\n13:10\tRecepci\u00f3n Museo Hist\u00f3rico de Carabineros de Chile<br \/>\n13:20\tRecorrido por Museo Hist\u00f3rico de Carabineros de Chile<br \/>\n14:00\tSalida en bus hacia CITi.<\/p>\n<p style=\"text-align: left;\">\n<p style=\"text-align: left;\"><strong>Mapa del recorrido:<\/strong><\/p>\n<p style=\"text-align: left;\"><a href=\"http:\/\/www.casamuseoeduardofrei.cl\/wp-content\/uploads\/2014\/03\/mapaylogos.jpg\" data-rel=\"lightbox-image-0\" data-rl_title=\"\" data-rl_caption=\"\"><img loading=\"lazy\" decoding=\"async\" class=\"aligncenter size-full wp-image-9344\" title=\"\" src=\"http:\/\/www.casamuseoeduardofrei.cl\/wp-content\/uploads\/2014\/03\/mapaylogos.jpg\" alt=\"mapaylogos\" width=\"900\" height=\"519\" \/><\/a><\/p>\n","protected":false},"excerpt":{"rendered":"<p>El s\u00e1bado 12 de abril desde las 10:00, el museo Benjam\u00edn Vicu\u00f1a Mackenna, Casa Museo Eduardo Frei Montalva y el Museo Hist\u00f3rico Carabineros de Chile (MHC), junto al Centro de Informaci\u00f3n Tur\u00edstica de la Municipalidad de Providencia (CITi) realizar\u00e1n una caminata patrimonial. La actividad es gratuita y abierta a toda la comunidad.<\/p>\n","protected":false},"author":4,"featured_media":0,"comment_status":"open","ping_status":"open","sticky":false,"template":"","format":"standard","meta":{"_acf_changed":false,"footnotes":""},"categories":[14],"tags":[26,24,377],"class_list":["post-9340","post","type-post","status-publish","format-standard","hentry","category-noticias","tag-actividades-de-extension","tag-caminata-patrimonial","tag-museos-de-providencia"],"acf":[],"_links":{"self":[{"href":"https:\/\/www.casamuseoeduardofrei.cl\/en\/wp-json\/wp\/v2\/posts\/9340","targetHints":{"allow":["GET"]}}],"collection":[{"href":"https:\/\/www.casamuseoeduardofrei.cl\/en\/wp-json\/wp\/v2\/posts"}],"about":[{"href":"https:\/\/www.casamuseoeduardofrei.cl\/en\/wp-json\/wp\/v2\/types\/post"}],"author":[{"embeddable":true,"href":"https:\/\/www.casamuseoeduardofrei.cl\/en\/wp-json\/wp\/v2\/users\/4"}],"replies":[{"embeddable":true,"href":"https:\/\/www.casamuseoeduardofrei.cl\/en\/wp-json\/wp\/v2\/comments?post=9340"}],"version-history":[{"count":0,"href":"https:\/\/www.casamuseoeduardofrei.cl\/en\/wp-json\/wp\/v2\/posts\/9340\/revisions"}],"wp:attachment":[{"href":"https:\/\/www.casamuseoeduardofrei.cl\/en\/wp-json\/wp\/v2\/media?parent=9340"}],"wp:term":[{"taxonomy":"category","embeddable":true,"href":"https:\/\/www.casamuseoeduardofrei.cl\/en\/wp-json\/wp\/v2\/categories?post=9340"},{"taxonomy":"post_tag","embeddable":true,"href":"https:\/\/www.casamuseoeduardofrei.cl\/en\/wp-json\/wp\/v2\/tags?post=9340"}],"curies":[{"name":"wp","href":"https:\/\/api.w.org\/{rel}","templated":true}]}}