{"id":9273,"date":"2014-03-03T10:30:30","date_gmt":"2014-03-03T14:30:30","guid":{"rendered":"http:\/\/www.casamuseoeduardofrei.cl\/?p=9273"},"modified":"2018-01-19T10:05:49","modified_gmt":"2018-01-19T13:05:49","slug":"objeto-del-mesla-mujer-del-pais-continente","status":"publish","type":"post","link":"https:\/\/www.casamuseoeduardofrei.cl\/en\/objeto-del-mesla-mujer-del-pais-continente\/","title":{"rendered":"Objeto del mes:La mujer del pa\u00eds continente"},"content":{"rendered":"<p><\/p>\n<p style=\"text-align: justify;\">En un contexto en el que se debat\u00eda fuertemente el rol de la mujer en la sociedad, una de las pol\u00edticas m\u00e1s influyentes a nivel internacional visit\u00f3 nuestro pa\u00eds. La Primer Ministro de India, Indira Ghandi, lleg\u00f3 a Chile en 1968, en el marco de su gira latinoamericana.<\/p>\n<p style=\"text-align: justify;\"><!--more--><\/p>\n<p style=\"text-align: justify;\">En un momento en el que el rol de las mujeres en la pol\u00edtica era limitado a\u00fan en pa\u00edses desarrollados, la Primer Ministro de la India, Indira Gandhi \u00a0(1) , visit\u00f3 Chile. Lo hizo en el contexto de una sociedad que a\u00fan debat\u00eda sobre el rol de la mujer y su estatus en la sociedad, siendo ella una de las figuras pol\u00edticas m\u00e1s reconocidas a nivel internacional, no s\u00f3lo por estar al mando de uno de los pa\u00edses m\u00e1s grandes del mundo, sino tambi\u00e9n por ser una l\u00edder natural de una poblaci\u00f3n que acog\u00eda una diversidad racial, religiosa, geogr\u00e1fica y social \u00fanica.<\/p>\n<p style=\"text-align: justify;\">\n<p style=\"text-align: justify;\">Los antecedentes de su visita se encuentran de manera previa en el estrecho v\u00ednculo de amistad que mantuvo ella y su padre, el tambi\u00e9n ex Presidente de India Sri Pandit Jawaharlal Nehru, con Miguel Serrano (2) , escritor, explorador y diplom\u00e1tico chileno, quien se desempe\u00f1\u00f3 entre 1957 hasta 1967 como Embajador de Chile en India. \u201cConoc\u00ed a Indira Gandhi hace 15 a\u00f1os. La m\u00fasica nos acerc\u00f3, Arrau iba a  visitar India. La se\u00f1ora Gandhi se interesaba por la m\u00fasica occidental y me ayud\u00f3 para que nuestro pianista diera un concierto en Nueva Delhi, en beneficio de los damnificados por las inundaciones del monz\u00f3n, Nehru en persona asisti\u00f3 al concierto (\u2026) Indira estaba casada con F. Gandhi, un parsi, sin conexiones con la familia del Mahatma\u201d (3), rese\u00f1\u00f3 Serrano pocos meses antes de la visita de Ghandi a Chile.<\/p>\n<p style=\"text-align: justify;\">\n<p style=\"text-align: justify;\">\n<p style=\"text-align: justify;\">Las reformas realizadas por Nehru en India para modernizar su pa\u00eds, como la reforma agraria y educacional, junto con establecer y asegurar la libertad de la India independiente tras la liberaci\u00f3n brit\u00e1nica de 1947, influyeron en la formaci\u00f3n pol\u00edtica de su hija, quien tras la muerte de su padre en 1964 se convirti\u00f3 en la Presidenta del Partido del Congreso Nacional Indio, para luego ser electa Primer Ministro de India en dos per\u00edodos (4) . Serrano fue testigo privilegiado de este proceso: \u201cEste ser \u00fanico, esta mujer extraordinaria, que gobierna a un pa\u00eds-continente (imaginemos a un Presidente de toda la Am\u00e9rica del Sur) vendr\u00e1 muy pronto de visita a Chile\u2026 La vi pronunciar el primer discurso p\u00fablico, con papel en mano, vacilante\u2026 Esa mujer fr\u00e1gil, sin salud, iba a portar sobre sus delicados hombros una m\u00e1quina gigantesca, que se hab\u00eda estancado, para intentar ponerla marchar de nuevo\u201d (5).<\/p>\n<p style=\"text-align: justify;\">\n<p style=\"text-align: justify;\">Asimismo, Serrano explica c\u00f3mo las acciones de Indira Gandhi repercutieron en nuestro alejado pa\u00eds, realizando gestiones para que su gobierno retirara el \u201cAsunto de la Ant\u00e1rtida\u201d propuesto por el anterior Primer Ministro de India, Krishna Menon. Esto permiti\u00f3 la firma del \u201cTratado Ant\u00e1rtico\u201d, a trav\u00e9s del cual el continente polar se convirti\u00f3 en un espacio para la protecci\u00f3n cient\u00edfica y ambiental, de cooperaci\u00f3n internacional y desmilitarizaci\u00f3n nuclear, promovido por el presidente estadounidense Dwight D. Eisenhower, el cual Chile suscribi\u00f3 en 1959 (6). Asimismo su presencia fue clave para que se firmara el primer Convenio Comercial entre Chile e India, lo cual permiti\u00f3 exportar salitre nacional a India, y adem\u00e1s. Gandhi comprometi\u00f3 el voto de su pa\u00eds para la candidatura del diplom\u00e1tico chileno Hern\u00e1n Santa Cruz para la elecci\u00f3n de Director General de la FAO en 1967 (7), pese a que un representante de India optaba al cargo.<\/p>\n<p style=\"text-align: justify;\">\n<p style=\"text-align: justify;\">\n<p style=\"text-align: justify;\"><span style=\"color: #000080;\"><strong>La llegada a Chile de Indira <\/strong><span style=\"color: #000000;\">(8)<\/span><\/span><\/p>\n<p style=\"text-align: justify;\">Indira Ghandi lleg\u00f3 a Chile el mi\u00e9rcoles 2 de octubre de 1968, procedente de Buenos Aires, Argentina, como parte de una gira latinoamericana. La iniciativa fue promovida por nuestro pa\u00eds y acogida por ocho pa\u00edses m\u00e1s del continente, con el objetivo de estrechar lazos amistosos, generar intercambio comercial y expansi\u00f3n econ\u00f3mica.<\/p>\n<p style=\"text-align: justify;\">\n<p style=\"text-align: justify;\">\n<div id=\"attachment_9276\" style=\"width: 310px\" class=\"wp-caption alignleft\"><a href=\"http:\/\/www.casamuseoeduardofrei.cl\/wp-content\/uploads\/2014\/03\/imageindira02.jpg\" data-rel=\"lightbox-image-0\" data-rl_title=\"\" data-rl_caption=\"\"><img loading=\"lazy\" decoding=\"async\" aria-describedby=\"caption-attachment-9276\" class=\"size-full wp-image-9276\" title=\"\" src=\"http:\/\/www.casamuseoeduardofrei.cl\/wp-content\/uploads\/2014\/03\/imageindira02.jpg\" alt=\"Retrato fotogr\u00e1fico autografiado, regalado a Eduardo Frei Montalva en el marco de su visita a Chile.\" width=\"300\" height=\"225\" \/><\/a><p id=\"caption-attachment-9276\" class=\"wp-caption-text\">Retrato fotogr\u00e1fico autografiado, regalado a Eduardo Frei Montalva en el marco de su visita a Chile.<\/p><\/div>\n<p>Pese a la diferencia abismante de habitantes de cada pa\u00eds \u2013s\u00f3lo Am\u00e9rica Latina en su conjunto ten\u00eda una expectativa de 200 millones de habitantes para la d\u00e9cada de 1970 (9) \u00a0mientras que India por s\u00ed sola conten\u00eda cerca de 450 millones de habitantes una d\u00e9cada antes-, ambos pa\u00edses enfrentaban a dificultades similares, como la superaci\u00f3n de la pobreza, el analfabetismo, la incorporaci\u00f3n de pol\u00edticas de g\u00e9nero a favor de la mujer, junto con asegurar la continuidad de la democracia como sistema de gobierno y respeto a los derechos humanos.<\/p>\n<p style=\"text-align: justify;\">\n<p style=\"text-align: justify;\">En el Aeropuerto Pudahuel Indira Gandhi fue recibida por el Ministro de Relaciones Exteriores, Gabriel Vald\u00e9s y autoridades del poder legislativo, la Iglesia Cat\u00f3lica y el Alcalde de Santiago, Manuel Fern\u00e1ndez. Durante los cuatro d\u00edas que permaneci\u00f3 en nuestro pa\u00eds se hosped\u00f3 en el c\u00e9ntrico Hotel Carrera (actual edificio del Ministerio de Relaciones Exteriores). El presidente Frei Montalva se reuni\u00f3 con ella durante la tarde del mismo d\u00eda de su llegada en el hotel.<\/p>\n<p style=\"text-align: justify;\">\n<p style=\"text-align: justify;\">Dentro de una completa agenda de actividades que realiz\u00f3 en nuestro pa\u00eds, fue nombrada Hu\u00e9sped Ilustre de la Ciudad de Santiago, coloc\u00f3 una ofrenda floral en el monumento a Bernardo O\u2019Higgins, se reuni\u00f3 con el Cuerpo Diplom\u00e1tico en Santiago, y el mismo d\u00eda de su llegada el Presidente Frei ofreci\u00f3 un banquete de honor a su comitiva. Al d\u00eda siguiente visit\u00f3 el Palacio de los Tribunales y realiz\u00f3 una particular actividad: plantar un \u00e1rbol en la Plaza Rep\u00fablica de la India, ubicada hasta el d\u00eda de hoy en el sector de Pedro de Valdivia Norte, Providencia. Junto con esto visit\u00f3 una Escuela Municipal N\u00b01 de Las Condes, conoci\u00f3 Vi\u00f1a del Mar y realiz\u00f3 una concurrida conferencia de prensa en el Hotel Carrera.<\/p>\n<p style=\"text-align: justify;\">\n<p style=\"text-align: justify;\">Durante su estad\u00eda tambi\u00e9n se reuni\u00f3 con Wilna Saavedra, diputada DC, que presid\u00eda el Comit\u00e9 Interamericano de Mujeres. A trav\u00e9s de este encuentro I. Ghandi mostr\u00f3 indirectamente su apoyo a las iniciativas  de g\u00e9nero en la <a href=\"http:\/\/www.casamuseoeduardofrei.cl\/2012\/03\/objeto-del-mes-la-incorporacion-de-la-mujer-en-la-agenda-social-objeto-del-mes-la-incorporacion-de-la-mujer-en-la-agenda-social-objeto-del-mes-la-incorporacion-de-la-mujer-en-la-agenda-social\/\" target=\"_blank\">agenda p\u00fablica de la administraci\u00f3n de Frei Montalva<\/a>. Tras el encuentro Ghandi expres\u00f3 a La Naci\u00f3n: \u201cEstoy muy feliz de que se me haya dado esta oportunidad de conocer a la mujer chilena a trav\u00e9s de este organismo\u201d \u00a0(10) y ante la curiosidad de los medios nacionales por el rol de la mujer en India coment\u00f3: \u201cIndia es un pa\u00eds de contradicciones y aunque la mujer se sinti\u00f3 postergada en un tiempo, y no supo surgir al principio, la verdad es que, a trav\u00e9s de la historia, hemos tenido mujeres destacadas, tanto en las letras, las matem\u00e1ticas e, incluso, conduciendo al triunfo de los ej\u00e9rcitos\u201d (11).<\/p>\n<p style=\"text-align: justify;\">\n<p style=\"text-align: justify;\">Indira Ghandi termin\u00f3 su visita el s\u00e1bado 5 de octubre de 1968, cuando tom\u00f3 un avi\u00f3n rumbo a Colombia para continuar con su gira latinoamericana. Si bien no se lograron acuerdos concretos entre ambos gobiernos, salvo la firma de un Convenio de Cooperaci\u00f3n entre ambos pa\u00edses, la visita de Indira Ghandi fue uno de los logros diplom\u00e1ticos de la administraci\u00f3n de Frei Montalva, la cual se caracteriz\u00f3 por establecer una firme visi\u00f3n de pol\u00edtica exterior de apertura de Chile hacia al mundo, demostrando asimismo la consistencia de la pol\u00edtica exterior que traz\u00f3 el Presidente con el apoyo del Canciller Vald\u00e9s.<\/p>\n<p style=\"text-align: justify;\">&#8212;&#8212;&#8212;&#8212;&#8212;&#8212;&#8212;-<\/p>\n<p style=\"text-align: justify;\">Notas:<\/p>\n<p><strong>(1) <\/strong>19 de noviembre de 1917. Allahabad &#8211; 31 de octubre de 1984. Nueva Delhi. India.<\/p>\n<p><strong>(2)<\/strong> 10 de septiembre de 1917 \u2013 28 de febrero de 2009. Santiago. Chile<\/p>\n<p><strong>(3)<\/strong> Indira Gandhi y Chile. Miguel Serano. Viena. Agosto de 1968. Archivo  Hist\u00f3rico EFM<\/p>\n<p><strong>(4)<\/strong> 19 de enero de 1966 &#8211; 24 de marzo de 1977 y luego entre 14 de enero de 1980  hasta el 31 de octubre de 1984, fecha en la que muere en un atentado terrorista.<\/p>\n<p><strong>(5) <\/strong>Indira Gandhi y Chile.<\/p>\n<p><strong>(6)<\/strong> <a href=\"http:\/\/www.inach.cl\/tratado-antartico\/\" target=\"_blank\">http:\/\/www.inach.cl\/tratado-antartico\/<\/a><\/p>\n<p><strong>(7) <\/strong><a href=\"http:\/\/www.fao.org\/GIII\/spanish\/dg\/faodgs.htm\" target=\"_blank\">http:\/\/www.fao.org\/GIII\/spanish\/dg\/faodgs.htm<\/a><\/p>\n<p><strong>(8)<\/strong> Consulta Diario La Naci\u00f3n: 1 al 6 de octubre de 1968.<\/p>\n<p><strong> (9) <\/strong>Discurso del Presidente Frei. Bogot\u00e1. Colombia. 16.09.1966. Archivo Hist\u00f3rico EFM<\/p>\n<p><strong>(10) <\/strong>La Naci\u00f3n 04.10.1968<\/p>\n<p><strong>(11) <\/strong>Ibid.<\/p>\n<p style=\"text-align: justify;\">\n<p><\/p>","protected":false},"excerpt":{"rendered":"<p>Sorry, this entry is only available in Espa\u00f1ol.<\/p>\n","protected":false},"author":4,"featured_media":10075,"comment_status":"open","ping_status":"open","sticky":false,"template":"","format":"standard","meta":{"_acf_changed":false,"footnotes":""},"categories":[14,15],"tags":[370,371,8],"class_list":["post-9273","post","type-post","status-publish","format-standard","has-post-thumbnail","hentry","category-noticias","category-objeto-del-mes","tag-indira-ghandi","tag-mujer-y-politica","tag-objeto-del-mes"],"acf":[],"_links":{"self":[{"href":"https:\/\/www.casamuseoeduardofrei.cl\/en\/wp-json\/wp\/v2\/posts\/9273","targetHints":{"allow":["GET"]}}],"collection":[{"href":"https:\/\/www.casamuseoeduardofrei.cl\/en\/wp-json\/wp\/v2\/posts"}],"about":[{"href":"https:\/\/www.casamuseoeduardofrei.cl\/en\/wp-json\/wp\/v2\/types\/post"}],"author":[{"embeddable":true,"href":"https:\/\/www.casamuseoeduardofrei.cl\/en\/wp-json\/wp\/v2\/users\/4"}],"replies":[{"embeddable":true,"href":"https:\/\/www.casamuseoeduardofrei.cl\/en\/wp-json\/wp\/v2\/comments?post=9273"}],"version-history":[{"count":3,"href":"https:\/\/www.casamuseoeduardofrei.cl\/en\/wp-json\/wp\/v2\/posts\/9273\/revisions"}],"predecessor-version":[{"id":12413,"href":"https:\/\/www.casamuseoeduardofrei.cl\/en\/wp-json\/wp\/v2\/posts\/9273\/revisions\/12413"}],"wp:featuredmedia":[{"embeddable":true,"href":"https:\/\/www.casamuseoeduardofrei.cl\/en\/wp-json\/wp\/v2\/media\/10075"}],"wp:attachment":[{"href":"https:\/\/www.casamuseoeduardofrei.cl\/en\/wp-json\/wp\/v2\/media?parent=9273"}],"wp:term":[{"taxonomy":"category","embeddable":true,"href":"https:\/\/www.casamuseoeduardofrei.cl\/en\/wp-json\/wp\/v2\/categories?post=9273"},{"taxonomy":"post_tag","embeddable":true,"href":"https:\/\/www.casamuseoeduardofrei.cl\/en\/wp-json\/wp\/v2\/tags?post=9273"}],"curies":[{"name":"wp","href":"https:\/\/api.w.org\/{rel}","templated":true}]}}