{"id":9259,"date":"2014-01-30T11:45:24","date_gmt":"2014-01-30T15:45:24","guid":{"rendered":"http:\/\/www.casamuseoeduardofrei.cl\/?p=9259"},"modified":"2022-06-10T11:07:12","modified_gmt":"2022-06-10T15:07:12","slug":"parte-de-la-vida-de-eduardo-frei-montalva-llego-al-congreso-en-valparaiso","status":"publish","type":"post","link":"https:\/\/www.casamuseoeduardofrei.cl\/en\/parte-de-la-vida-de-eduardo-frei-montalva-llego-al-congreso-en-valparaiso\/","title":{"rendered":"Parte de la vida de Eduardo Frei Montalva lleg\u00f3 al Congreso en Valpara\u00edso"},"content":{"rendered":"<p><\/p>\n<p style=\"text-align: justify;\">En el marco del 32\u00ba aniversario del fallecimiento de Eduardo Frei Montalva, Casa Museo EFM y el Centro de Extensi\u00f3n del Senado, invitaron a \u00a0descubrir fragmentos de la vida del ex Mandatario chileno a trav\u00e9s de una muestra itinerante que reuni\u00f3 paneles educativos y objetos patrimoniales.<\/p>\n<p style=\"text-align: justify;\"><!--more--><\/p>\n<p style=\"text-align: justify;\">Parte importante de la historia p\u00fablica y privada de Eduardo Frei Montalva llegaron al Congreso Nacional en la ciudad de Valpara\u00edso, a trav\u00e9s de la muestra itinerante de Casa Museo EFM que cont\u00f3 con el apoyo del Centro de Extensi\u00f3n del Senado. La banda presidencial, condecoraciones, objetos personales y documentos originales que pertenecieron al ex Presidente, junto a una l\u00ednea de tiempo que resume parte del siglo XX, llevaron un trozo importante de la historia de Chile a los pasillos del emblem\u00e1tico edificio, del 21 al 30 de enero.<\/p>\n<p style=\"text-align: justify;\">La exposici\u00f3n se inaugur\u00f3 el martes 21 de enero en el Hall de acceso a la Sala de Sesiones del Senado del emblem\u00e1tico edificio ubicado en pleno Valpara\u00edso. El evento cont\u00f3 con la participaci\u00f3n del titular del Senado, Jorge Pizarro, el senador Eduardo Frei Ruiz-Tagle, la senadora Soledad Alvear, y el Director Adjunto de la Biblioteca del Congreso, Felipe Vicencio. Adem\u00e1s asistieron a la ceremonia parlamentarios, integrantes del cuerpo diplom\u00e1tico y Alfonso P\u00e9rez, Director de la Biblioteca del Congreso.<\/p>\n<p style=\"text-align: justify;\">\n<div id=\"attachment_9263\" style=\"width: 310px\" class=\"wp-caption alignleft\"><a href=\"http:\/\/www.casamuseoeduardofrei.cl\/wp-content\/uploads\/2014\/01\/itivalpo_post_image03.jpg\" data-rel=\"lightbox-image-0\" data-rl_title=\"\" data-rl_caption=\"\"><img loading=\"lazy\" decoding=\"async\" aria-describedby=\"caption-attachment-9263\" class=\"size-full wp-image-9263\" title=\"\" src=\"http:\/\/www.casamuseoeduardofrei.cl\/wp-content\/uploads\/2014\/01\/itivalpo_post_image03.jpg\" alt=\"Ceremonia inaugural.\" width=\"300\" height=\"225\" \/><\/a><p id=\"caption-attachment-9263\" class=\"wp-caption-text\">Ceremonia inaugural.<\/p><\/div>\n<p>En el marco de la inauguraci\u00f3n, la Senadora Soledad Alvear fue la encargada de hacer una breve rese\u00f1a de la vida y obra de Eduardo Frei Montalva. &#8220;Al inaugurar esta exposici\u00f3n no puedo dejar de realizar un recorrido por esa l\u00ednea de tiempo, porque la vida del ex Mandatario es la historia del siglo XX (&#8230;) \u00c9l fue un hombre de pensamiento, pero tambi\u00e9n de acci\u00f3n&#8221;, coment\u00f3 y agreg\u00f3 que &#8220;en esos a\u00f1os Chile hab\u00eda despertado, y Frei Montalva era el mentor que la historia hab\u00eda colocado en su destino&#8221;.<\/p>\n<p style=\"text-align: justify;\">El S<span style=\"text-align: justify;\">enador Eduardo Frei Ruiz-Tagle tambi\u00e9n se dirigi\u00f3 a los presentes para entregar unas palabras de recuerdo para su padre .<\/span>&#8220;Frei fue un visionario que impuls\u00f3 el futuro de Chile y de Am\u00e9rica Latina a trav\u00e9s del Pacto Andino, por eso lo recordamos. Porque nos dio una ruta, y lo m\u00e1s importante, dignidad a millones de chilenos&#8221;, concluy\u00f3.<\/p>\n<p style=\"text-align: justify;\">Al interior de la muestra, los visitantes pudieron acercarse a parte de la vida y obra de Eduardo Frei Montalva a trav\u00e9s de elementos como la banda presidencial, condecoraciones diplom\u00e1ticas, adem\u00e1s de documentos originales de discursos y proyectos emblem\u00e1ticos, como la Reforma Agraria y la Ley de Juntas de Vecinos.<\/p>\n<p style=\"text-align: justify;\">Tambi\u00e9n destac\u00f3 la exhibici\u00f3n de elementos m\u00e1s personales como uno de sus sombreros, sus pipas, entre otros, que forman parte de la colecci\u00f3n permanente de la Casa Museo, espacio cultural abierto a la comunidad desde 2008, emplazado en el mismo inmueble donde Eduardo Frei Montalva vivi\u00f3 junto a su familia durante m\u00e1s de 40 a\u00f1os.<\/p>\n<p style=\"text-align: justify;\">\n<div id=\"attachment_9261\" style=\"width: 310px\" class=\"wp-caption alignright\"><a href=\"http:\/\/www.casamuseoeduardofrei.cl\/wp-content\/uploads\/2014\/01\/itivalpo_post_image01.jpg\" data-rel=\"lightbox-image-1\" data-rl_title=\"\" data-rl_caption=\"\"><img loading=\"lazy\" decoding=\"async\" aria-describedby=\"caption-attachment-9261\" class=\"size-full wp-image-9261\" title=\"\" src=\"http:\/\/www.casamuseoeduardofrei.cl\/wp-content\/uploads\/2014\/01\/itivalpo_post_image01.jpg\" alt=\"De izquierda a derecha: Alfonso P\u00e9rez, Director de la Biblioteca del Congreso; el Senador Eduardo Frei Ruiz-Tagle; la Senadora Soledad Alvear; Maite Gallego, Subdirectora de Casa Museo EFM; y el Senador Ignacio Walker. \" width=\"300\" height=\"225\" \/><\/a><p id=\"caption-attachment-9261\" class=\"wp-caption-text\">De izquierda a derecha: Alfonso P\u00e9rez, Director de la Biblioteca del Congreso; el Senador Eduardo Frei Ruiz-Tagle; la Senadora Soledad Alvear; Maite Gallego, Subdirectora de Casa Museo EFM; y el Senador Ignacio Walker. <\/p><\/div>\n<p style=\"text-align: justify;\">\u201cLa misi\u00f3n de Casa Museo EFM es difundir la personalidad, estilo de vida y vocaci\u00f3n de servicio p\u00fablico del ex Presidente, por lo que adem\u00e1s de conservar una colecci\u00f3n patrimonial con m\u00e1s de 350 objetos en la que fue su residencia familiar, tenemos un plan de itinerancias que busca acercar nuestros archivos y trozos de la historia del siglo XX de Chile y el mundo, a la comunidad en general, como una manera de generar espacios de di\u00e1logo y reflexi\u00f3n\u201d, explic\u00f3 Maite Gallego, Subdirectora de Casa Museo.<\/p>\n<p><\/p>","protected":false},"excerpt":{"rendered":"<p>Sorry, this entry is only available in Espa\u00f1ol.<\/p>\n","protected":false},"author":4,"featured_media":0,"comment_status":"open","ping_status":"open","sticky":false,"template":"","format":"standard","meta":{"_acf_changed":false,"footnotes":""},"categories":[14],"tags":[26,369,348],"class_list":["post-9259","post","type-post","status-publish","format-standard","hentry","category-noticias","tag-actividades-de-extension","tag-congreso-nacional","tag-itinerancia-regional"],"acf":[],"_links":{"self":[{"href":"https:\/\/www.casamuseoeduardofrei.cl\/en\/wp-json\/wp\/v2\/posts\/9259","targetHints":{"allow":["GET"]}}],"collection":[{"href":"https:\/\/www.casamuseoeduardofrei.cl\/en\/wp-json\/wp\/v2\/posts"}],"about":[{"href":"https:\/\/www.casamuseoeduardofrei.cl\/en\/wp-json\/wp\/v2\/types\/post"}],"author":[{"embeddable":true,"href":"https:\/\/www.casamuseoeduardofrei.cl\/en\/wp-json\/wp\/v2\/users\/4"}],"replies":[{"embeddable":true,"href":"https:\/\/www.casamuseoeduardofrei.cl\/en\/wp-json\/wp\/v2\/comments?post=9259"}],"version-history":[{"count":1,"href":"https:\/\/www.casamuseoeduardofrei.cl\/en\/wp-json\/wp\/v2\/posts\/9259\/revisions"}],"predecessor-version":[{"id":16510,"href":"https:\/\/www.casamuseoeduardofrei.cl\/en\/wp-json\/wp\/v2\/posts\/9259\/revisions\/16510"}],"wp:attachment":[{"href":"https:\/\/www.casamuseoeduardofrei.cl\/en\/wp-json\/wp\/v2\/media?parent=9259"}],"wp:term":[{"taxonomy":"category","embeddable":true,"href":"https:\/\/www.casamuseoeduardofrei.cl\/en\/wp-json\/wp\/v2\/categories?post=9259"},{"taxonomy":"post_tag","embeddable":true,"href":"https:\/\/www.casamuseoeduardofrei.cl\/en\/wp-json\/wp\/v2\/tags?post=9259"}],"curies":[{"name":"wp","href":"https:\/\/api.w.org\/{rel}","templated":true}]}}