{"id":9213,"date":"2014-01-02T13:41:25","date_gmt":"2014-01-02T17:41:25","guid":{"rendered":"http:\/\/www.casamuseoeduardofrei.cl\/?p=9213"},"modified":"2018-01-19T14:25:59","modified_gmt":"2018-01-19T17:25:59","slug":"objeto-del-mes-visitas-reales-de-belgica-y-noruega","status":"publish","type":"post","link":"https:\/\/www.casamuseoeduardofrei.cl\/en\/objeto-del-mes-visitas-reales-de-belgica-y-noruega\/","title":{"rendered":"Objeto del mes: Visitas reales de B\u00e9lgica y Noruega"},"content":{"rendered":"<p><\/p>\n<p style=\"text-align: justify;\">\n<p>Durante su gobierno, Eduardo Frei Montalva recibi\u00f3 numerosas visitas \u00a0ilustres, como la de los reyes belgas, la reina Fabiola y el rey Balduino en 1965, y la del rey de Noruega, Olav V en 1967. La presencia de estos monarcas en Chile fue de gran beneficio para estrechar lazos y desarrollar nuevos programas que ayudar\u00edan al progreso de nuestro pa\u00eds.<!--more--><\/p>\n<p style=\"text-align: justify;\">El 25 de octubre de 1965, por primera vez un monarca reinante visit\u00f3 tierras chilenas. El Rey Balduino de B\u00e9lgica, junto a su esposa, la Reina Fabiola, lleg\u00f3 a Chile en el marco de su gira por Am\u00e9rica, organizada con el prop\u00f3sito de ampliar y consolidar el intercambio comercial, cient\u00edfico y cultural.<\/p>\n<p style=\"text-align: justify;\">La expectativa era alta, por lo que su recepci\u00f3n en el aeropuerto Los Cerrillos fue bastante concurrida. El entonces Presidente de Chile, Eduardo Frei Montalva y su esposa Mar\u00eda Ruiz-Tagle, fueron los encargados de recibir a la pareja real. &#8220;Est\u00e9n ciertos, Vuestras Majestades, que son esperados con afecto y simpat\u00eda por el pueblo chileno que les damos la m\u00e1s cordial de las bienvenidas y que estamos seguros que su estada aqu\u00ed contribuir\u00e1 a unir m\u00e1s a este pa\u00eds con el Reino de los Belgas, naci\u00f3n que admiramos y queremos&#8221;, expres\u00f3 en la ocasi\u00f3n el ex mandatario chileno.<\/p>\n<p style=\"text-align: justify;\">Frente a las palabras, el Rey Balduino respondi\u00f3: &#8220;Los antiguos y amistosos lazos que unen nuestro pa\u00eds al vuestro, los comunes ideales que nos animan, hacen que la Reina y yo sintamos una gran alegr\u00eda al visitarlos (&#8230;). Damos gracias al noble pueblo de Chile por la hospitalidad que nos ofrecen&#8221;. Luego se dirigieron al Palacio de La Moneda en carrozas a la Dumont, oportunidad en que los reyes recibieron el cari\u00f1oso saludo de las cerca de cien mil personas que salieron a las calles para ver el paso de los monarcas.<\/p>\n<p style=\"text-align: justify;\">En las puertas del Palacio de Gobierno sonaron ambos himnos nacionales. Luego, al interior de La Moneda, los reyes se reunieron con el mandatario chileno en el Sal\u00f3n Carrera, donde adem\u00e1s se encontraba el Ministro de Relaciones Exteriores, Gabriel Vald\u00e9s; el Subsecretario de Relaciones Exteriores, Oscar Pinochet de la Barra; el Embajador Roger Malengreau y el Embajador de Chile en Bruselas, Jos\u00e9 Pi\u00f1era. El encuentro se desarrollo principalmente en espa\u00f1ol, idioma que los reyes hablaban fluidamente, y en \u00e9l fueron declarados Hu\u00e9spedes de Honor de la ciudad por el alcalde de Santiago, Manuel Fern\u00e1ndez.<\/p>\n<div id=\"attachment_9220\" style=\"width: 310px\" class=\"wp-caption alignleft\"><a href=\"http:\/\/www.casamuseoeduardofrei.cl\/wp-content\/uploads\/2014\/01\/image04_objetomesenero.jpg\" data-rel=\"lightbox-image-0\" data-rl_title=\"\" data-rl_caption=\"\"><img loading=\"lazy\" decoding=\"async\" aria-describedby=\"caption-attachment-9220\" class=\"size-full wp-image-9220\" title=\"\" src=\"http:\/\/www.casamuseoeduardofrei.cl\/wp-content\/uploads\/2014\/01\/image04_objetomesenero.jpg\" alt=\"Condecoraci\u00f3n de la Orden de Leopoldo de B\u00e9lgica, entregada a Eduardo Frei Montalva por el rey Balduino y la reina Fabiola, en el marco de su visita a Chile en 1965.\" width=\"300\" height=\"225\" \/><\/a><p id=\"caption-attachment-9220\" class=\"wp-caption-text\">Condecoraci\u00f3n de la Orden de Leopoldo de B\u00e9lgica, entregada a Eduardo Frei Montalva por el Rey Balduino y la Reina Fabiola, en el marco de su visita a Chile en 1965.<\/p><\/div>\n<p style=\"text-align: justify;\">En los ocho d\u00edas que dur\u00f3 su visita a Chile, los monarcas debieron cumplir una apretada agenda. En una de estas actividades, la Reina Fabiola y Mar\u00eda Ruiz-Tagle fueron a la Poblaci\u00f3n San Rafael para inaugurar el centro comunitario, el cual contar\u00eda con salas de taller de costura, guarder\u00eda infantil, sala cuna y un sal\u00f3n de actos a disposici\u00f3n de las Juntas de Vecinos, del Centro Social y Cultural y la Federaci\u00f3n de Centros de Madres. Por su parte, el Rey Balduino visit\u00f3 el Hogar de Cristo y comparti\u00f3 con los ni\u00f1os del recinto, tambi\u00e9n visit\u00f3 los Tribunales de Justicia, donde fue recibido por el presidente de la Corte Suprema, Pedro Silva Fern\u00e1ndez, ocasi\u00f3n en la que Eduardo Frei Montalva manifest\u00f3: &#8220;Estamos realizando lo que hemos llamado una &#8216;Revoluci\u00f3n en Libertad&#8217; que requiere cambios fundamentales de estructura y en ese proceso de cambios se requiere la colaboraci\u00f3n de pa\u00edses que como el vuestro, han sabido organizarlos en la paz y en la libertad&#8221;.<\/p>\n<p style=\"text-align: justify;\">Es as\u00ed como bajo este marco de colaboraci\u00f3n y apoyo entre ambos pa\u00edses, el Rey Balduino visit\u00f3 el Centro de Formaci\u00f3n de Instructores y Supervisores (CENFIS) dependiente de la CORFO y de esta forma qued\u00f3 establecido formalmente el Convenio de Asistencia T\u00e9cnica entre nuestro pa\u00eds y B\u00e9lgica. A trav\u00e9s de este Convenio, el Estado belga don\u00f3 al nuestro 5 millones 500 mil francos para financiar la primera etapa de provisi\u00f3n en materiales y equipos para la instalaci\u00f3n del Centro de Capacitaci\u00f3n de personal obrero de la miner\u00eda de Copiap\u00f3, con la asesor\u00eda de dos t\u00e9cnicos belgas.<\/p>\n<p style=\"text-align: justify;\">Los reyes se despidieron de Chile el 2 de noviembre. Fueron acompa\u00f1ados por el entonces Jefe de Estado al aeropuerto, dejando con su partida grandes aportes para seguir impulsando el desarrollo de Chile (1).<\/p>\n<p style=\"text-align: justify;\">\n<p style=\"text-align: justify;\"><span style=\"color: #000080;\"><strong>La llegada del Rey de Noruega<\/strong><\/span><\/p>\n<p style=\"text-align: justify;\">En septiembre del a\u00f1o 1967, el presidente Eduardo Frei Montalva recibi\u00f3 una nueva visita real, proveniente esta vez de uno de los reinos m\u00e1s antiguos del viejo continente. El Rey Olav V de Noruega viaj\u00f3 a Chile motivado por el inter\u00e9s con que observaba Europa los esfuerzos de los pueblos latinoamericanos por cimentar un desarrollo r\u00e1pido, y tambi\u00e9n con el objetivo de estrechar v\u00ednculos comerciales, culturales y las relaciones entre su pa\u00eds y el nuestro.<\/p>\n<p style=\"text-align: justify;\">El monarca aterriz\u00f3 en el aeropuerto de Pudahuel, siendo recibido por el Presidente de la Rep\u00fablica y autoridades nacionales, para luego dirigirse al Hotel Carrera, lugar donde se hosped\u00f3 los cuatro d\u00edas que estuvo en Santiago.<\/p>\n<p style=\"text-align: justify;\">\n<div id=\"attachment_9217\" style=\"width: 310px\" class=\"wp-caption alignright\"><a href=\"http:\/\/www.casamuseoeduardofrei.cl\/wp-content\/uploads\/2014\/01\/image03_objetomesenero.jpg\" data-rel=\"lightbox-image-1\" data-rl_title=\"\" data-rl_caption=\"\"><img loading=\"lazy\" decoding=\"async\" aria-describedby=\"caption-attachment-9217\" class=\"size-full wp-image-9217\" title=\"\" src=\"http:\/\/www.casamuseoeduardofrei.cl\/wp-content\/uploads\/2014\/01\/image03_objetomesenero.jpg\" alt=\"Rey Olav V de Noruega, junto a Eduardo Frei Montalva, y su hijo, Eduardo Frei Ruiz-Tagle.\" width=\"300\" height=\"225\" \/><\/a><p id=\"caption-attachment-9217\" class=\"wp-caption-text\">Rey Olav V de Noruega, junto a Eduardo Frei Montalva, y su hijo, Eduardo Frei Ruiz-Tagle.<\/p><\/div>\n<p>Noruega hab\u00eda contribuido hasta la fecha al desarrollo pesquero de nuestro pa\u00eds, especialmente en la instalaci\u00f3n y venta de maquinarias para diversas plantas elaboradoras de harina de pescado en el norte. T\u00e9cnicos noruegos hab\u00edan intervenido tambi\u00e9n en la investigaci\u00f3n pesquera y en la explotaci\u00f3n forestal. De la misma forma, Chile exportaba a Noruega productos agr\u00edcolas y del cobre.<\/p>\n<p style=\"text-align: justify;\">Como era costumbre de las visitas extranjeras, la del Rey Olav V comenz\u00f3 con una ofrenda  floral en el Monumento al General Bernardo O&#8217;Higgins, oportunidad donde el monarca fue declarado Hu\u00e9sped de Honor, recibiendo la Medalla de Oro de Santiago del Nuevo Extremo, gesto al cual el Rey se refiri\u00f3 con las siguientes palabras: &#8220;Pedro de Valdivia que fund\u00f3 esta ciudad en el a\u00f1o 1541 fue muy afortunado en su elecci\u00f3n. Pocas ciudades en el mundo, si es que existe alguna, tiene una ubicaci\u00f3n tan hermosa como Santiago, rodeada por las nevadas cumbres de Los Andes y teniendo el Cerro Santa Luc\u00eda y el San Crist\u00f3bal que dominan la capital misma (&#8230;). Entiendo muy bien que los ciudadanos de Santiago est\u00e9n orgullosos y contentos de su capital y siempre recordar\u00e9 con gran placer y gratitud mi visita a esta hermosa ciudad que me ha demostrado gran bondad durante mi estad\u00eda en ella&#8221;.<\/p>\n<p style=\"text-align: justify;\">Tambi\u00e9n realiz\u00f3 una visita al asentamiento campesino Las Mercedes, donde disfrut\u00f3 de la chicha en cacho y un asado a la chilena, siendo recibido cari\u00f1osamente por miles de escolares que lo saludaban con banderas chilenas y noruegas. Visit\u00f3 una exposici\u00f3n de trabajos sobre las faenas en el fundo, plant\u00f3 un \u00e1rbol adhiri\u00e9ndose a la Campa\u00f1a Nacional de Reforestaci\u00f3n y finalmente visit\u00f3 una vi\u00f1a de 314 hect\u00e1reas que estaba siendo explotada por los campesinos. En la noche lo esperaba una cena de gala en el Palacio de la Moneda, ofrecida por el Presidente y su esposa, Mar\u00eda Ruiz-Tagle, ocasi\u00f3n en la que el monarca condecor\u00f3 a Eduardo Frei Montalva con la &#8220;Orden Real Noruega de San Olaf&#8221;.<\/p>\n<p style=\"text-align: justify;\">Los d\u00edas siguientes visit\u00f3 Concepci\u00f3n, Vi\u00f1a del Mar y Valpara\u00edso, donde tambi\u00e9n fue declarado Hu\u00e9sped Ilustre.<\/p>\n<p style=\"text-align: justify;\">Durante su estad\u00eda en Chile, el Rey noruego convers\u00f3 con el Jefe de Estado sobre la posibilidad de incrementar las relaciones entre ambos pueblos, especialmente en el campo de la asistencia t\u00e9cnica para el desarrollo de las industrias pesquera y forestal.<\/p>\n<p style=\"text-align: justify;\">El recuerdo de ambas visitas reales se encuentra la Sala de Condecoraciones de Casa Museo, donde se exhiben las condecoraciones &#8220;Orden Real Noruega de San Olaf&#8221; y la &#8220;Orden de Leopoldo&#8221; de B\u00e9lgica. Adem\u00e1s, las cartas, documentos y fotograf\u00edas de los registros de la prensa de la \u00e9poca que permanecen en el Archivo Hist\u00f3rico del inmueble, dan cuenta de los estrechos lazos que se formaron a partir de estas visitas y que contribuyeron al desarrollo de nuestro pa\u00eds.<\/p>\n<p style=\"text-align: justify;\">\n<p style=\"text-align: justify;\"><strong>Notas:<\/strong><\/p>\n<p style=\"text-align: justify;\">(1) La Naci\u00f3n, octubre 1965<\/p>\n<p><\/p>","protected":false},"excerpt":{"rendered":"<p>Sorry, this entry is only available in Espa\u00f1ol.<\/p>\n","protected":false},"author":4,"featured_media":10069,"comment_status":"open","ping_status":"open","sticky":false,"template":"","format":"standard","meta":{"_acf_changed":false,"footnotes":""},"categories":[14,15],"tags":[8,365,366,367],"class_list":["post-9213","post","type-post","status-publish","format-standard","has-post-thumbnail","hentry","category-noticias","category-objeto-del-mes","tag-objeto-del-mes","tag-rey-balduino","tag-rey-olav","tag-reyes"],"acf":[],"_links":{"self":[{"href":"https:\/\/www.casamuseoeduardofrei.cl\/en\/wp-json\/wp\/v2\/posts\/9213","targetHints":{"allow":["GET"]}}],"collection":[{"href":"https:\/\/www.casamuseoeduardofrei.cl\/en\/wp-json\/wp\/v2\/posts"}],"about":[{"href":"https:\/\/www.casamuseoeduardofrei.cl\/en\/wp-json\/wp\/v2\/types\/post"}],"author":[{"embeddable":true,"href":"https:\/\/www.casamuseoeduardofrei.cl\/en\/wp-json\/wp\/v2\/users\/4"}],"replies":[{"embeddable":true,"href":"https:\/\/www.casamuseoeduardofrei.cl\/en\/wp-json\/wp\/v2\/comments?post=9213"}],"version-history":[{"count":1,"href":"https:\/\/www.casamuseoeduardofrei.cl\/en\/wp-json\/wp\/v2\/posts\/9213\/revisions"}],"predecessor-version":[{"id":12504,"href":"https:\/\/www.casamuseoeduardofrei.cl\/en\/wp-json\/wp\/v2\/posts\/9213\/revisions\/12504"}],"wp:featuredmedia":[{"embeddable":true,"href":"https:\/\/www.casamuseoeduardofrei.cl\/en\/wp-json\/wp\/v2\/media\/10069"}],"wp:attachment":[{"href":"https:\/\/www.casamuseoeduardofrei.cl\/en\/wp-json\/wp\/v2\/media?parent=9213"}],"wp:term":[{"taxonomy":"category","embeddable":true,"href":"https:\/\/www.casamuseoeduardofrei.cl\/en\/wp-json\/wp\/v2\/categories?post=9213"},{"taxonomy":"post_tag","embeddable":true,"href":"https:\/\/www.casamuseoeduardofrei.cl\/en\/wp-json\/wp\/v2\/tags?post=9213"}],"curies":[{"name":"wp","href":"https:\/\/api.w.org\/{rel}","templated":true}]}}