{"id":9196,"date":"2013-12-23T12:52:20","date_gmt":"2013-12-23T16:52:20","guid":{"rendered":"http:\/\/www.casamuseoeduardofrei.cl\/?p=9196"},"modified":"2013-12-23T12:52:20","modified_gmt":"2013-12-23T16:52:20","slug":"cine-de-verano-en-casa-museo-clasicos-de-los-60","status":"publish","type":"post","link":"https:\/\/www.casamuseoeduardofrei.cl\/en\/cine-de-verano-en-casa-museo-clasicos-de-los-60\/","title":{"rendered":"Cine de Verano en Casa Museo: Cl\u00e1sicos de los \u201860"},"content":{"rendered":"<p style=\"text-align: justify;\"><strong>Casa Museo Eduardo Frei Montalva <\/strong>te invita a participar en su ciclo Cine de Verano. Todos los s\u00e1bados y domingos de enero, a las 16:30 horas, Hitchcock, Bu\u00f1uel, Fellini, Kurosawa, Antonioni, Bergman, Penn y Truffaut se dar\u00e1n cita en Hindenburg 683, Providencia. Entrada liberada y aire acondicionado. <!--more--><\/p>\n<p style=\"text-align: justify;\">La d\u00e9cada de los \u201960 trajo consigo una serie de cambios y movimientos en distintos niveles, que quedaron registrados en tratados, pol\u00edticas, relaciones internacionales, revoluciones culturales, y por supuesto en la mirada que dieron grandes maestros del cine a esa agitada \u00e9poca de la historia. Como una manera de recoger esas perspectivas y dar un paseo por la d\u00e9cada, <strong>Casa Museo Eduardo Frei Montalva<\/strong>, con colaboraci\u00f3n de la <strong>Cineteca Nacional de Chile<\/strong>, invitan al ciclo Cine de Verano en Casa Museo: Cl\u00e1sicos de los \u201960, <strong>todos los s\u00e1bados y domingos de enero a las 16:30 horas en Hindenburg 683, Providencia.<\/strong><\/p>\n<p style=\"text-align: justify;\">La actividad tiene <strong>entrada liberada<\/strong> y re\u00fane a grandes cl\u00e1sicos del drama, comedia, acci\u00f3n, suspenso y ciencia ficci\u00f3n, en un ciclo de ocho pel\u00edculas que comienza el s\u00e1bado 4 de enero con \u201cLos P\u00e1jaros\u201d, de Alfred Hitchcock. Protagonizada por Tippi Hedren y Mitch Brenner, cuenta la historia de una joven que intenta sobrevivir al inexplicable ataque de violentos p\u00e1jaros.<\/p>\n<p style=\"text-align: justify;\">Al d\u00eda siguiente se exhibir\u00e1 <strong>\u201cBella de D\u00eda\u201d, de Luis Bu\u00f1uel<\/strong>, cinta ganadora del Le\u00f3n de Oro de Venecia. Cuenta la historia Severine, joven y amante esposa del doctor Serizy, quien insatisfecha con su vida \u00edntima comienza a trabajar en el burdel de Ana\u00efs, llevando una doble vida junto a un delincuente que se enamora de ella.<\/p>\n<p style=\"text-align: justify;\">El s\u00e1bado 11 de enero es el turno de <strong>Federico Fellini<\/strong> con la comedia <strong>\u201c8 \u00bd,\u201d<\/strong> protagonizada por Marcello Mastroianni. Ganadora del Oscar a Mejor Pel\u00edcula Extranjera, el film gira en torno a Guido Anselmi, un director que intenta descansar tras su \u00faltimo \u00e9xito, pero la presi\u00f3n de su esposa, la amante, musas y productores por desarrollar una nueva pel\u00edcula lo llevan a repensar su vida y sus proyecciones futuras.<\/p>\n<p style=\"text-align: justify;\">\n<div id=\"attachment_9201\" style=\"width: 310px\" class=\"wp-caption alignleft\"><a href=\"http:\/\/www.casamuseoeduardofrei.cl\/wp-content\/uploads\/2013\/12\/image04_yojimbo_ciclocineverano.jpg\" data-rel=\"lightbox-image-0\" data-rl_title=\"\" data-rl_caption=\"\"><img loading=\"lazy\" decoding=\"async\" aria-describedby=\"caption-attachment-9201\" class=\"size-full wp-image-9201\" title=\"\" src=\"http:\/\/www.casamuseoeduardofrei.cl\/wp-content\/uploads\/2013\/12\/image04_yojimbo_ciclocineverano.jpg\" alt=\"Yojimbo, de Akira Kurosawa (domingo 12 de enero)\" width=\"300\" height=\"225\" \/><\/a><p id=\"caption-attachment-9201\" class=\"wp-caption-text\">Yojimbo, de Akira Kurosawa (domingo 12 de enero)<\/p><\/div>\n<p>Contin\u00faa el ciclo con <strong>\u201cYojimbo\u201d<\/strong>, considerada una de las mejores pel\u00edculas de <strong>Akira Kurosaw<\/strong>a. Este drama, ambientado en el Jap\u00f3n feudal del siglo XIX, sigue a Sanjuro, un samur\u00e1i mercenario que llega a un pueblo dividido por dos bandas rivales.<\/p>\n<p style=\"text-align: justify;\">Michelangelo Antonioni llega a <strong>Casa Museo EFM<\/strong> el s\u00e1bado 18 de enero con <strong>\u201cBlow-Up\u201d<\/strong>, un cl\u00e1sico inspirado en el cuento de Julio Cort\u00e1zar \u201cLas babas del diablo\u201d. Aqu\u00ed Antonioni cuenta la historia de un fot\u00f3grafo londinense, quien tras fotografiar a una bella y extra\u00f1a mujer en un parque, observa que en las im\u00e1genes podr\u00eda haber capturado el momento de un asesinato, involucr\u00e1ndose peligrosamente en este singular misterio.<\/p>\n<p style=\"text-align: justify;\"><strong>\u201cComo en un Espejo\u201d<\/strong> se exhibir\u00e1 el domingo 19 de enero. Ganadora del Oscar a la Mejor Pel\u00edcula Extranjera, esta cinta de <strong>Ingmar Bergman<\/strong> cuenta la historia de Karin, una joven que regresa a la isla donde vive junto a su solitario hermano y su amable esposo, tras permanecer una temporada en un hospital psiqui\u00e1trico. La visita del padre de ambos hermanos, un famoso escritor distanciado de sus hijos, traer\u00e1 una profunda crisis familiar.<\/p>\n<p style=\"text-align: justify;\">El s\u00e1bado 25 de enero la acci\u00f3n llega con <strong>\u201cBonnie &amp; Clyde\u201d<\/strong>. Dirigida por <strong>Arthur Penn <\/strong>y protagonizada por Faye Dunaway y Warren Beatty, es considerada una de las mejores pel\u00edculas de los \u201960. Ambientada en el medio oeste estadounidense, narra  la historia de una joven aburrida de su vida que se une a un mediocre asaltante de bancos, involucr\u00e1ndose en una serie de violentos asaltos que capturan los titulares e  imaginaci\u00f3n de la sociedad en medio de la Gran Depresi\u00f3n.<\/p>\n<p style=\"text-align: justify;\">El ciclo de cine finaliza el domingo 26 de enero con un cl\u00e1sico de ciencia ficci\u00f3n: <strong>\u201cFarenheit 451\u201d<\/strong>, de <strong>Francois Truffaut<\/strong>. La cinta, basada en la novela hom\u00f3nima de Ray Bradbury, narra la historia de Guy Montag, un sencillo bombero que vive en un gobierno totalitario, que tiene la misi\u00f3n de quemar libros prohibidos por las autoridades. Sin embargo, conoce a una profesora que lee esas publicaciones y lo hace cuestionar al r\u00e9gimen y elegir entre mantenerse a salvo o cuidar su libertad intelectual.<\/p>\n<p style=\"text-align: justify;\">Las ocho pel\u00edculas se exhibir\u00e1n <strong>todos los s\u00e1bados y domingos de enero a las 16:30 hrs. en la sala audiovisual de Casa Museo Eduardo Frei Montalva <\/strong>(Hindenburg 683, Providencia). El espacio cuenta con aire acondicionado y la entrada es liberada.<\/p>\n<p style=\"text-align: justify;\">Este ciclo de cine forma parte de las actividades de extensi\u00f3n organizadas por Casa Museo EFM, y cuenta con el apoyo de la Cineteca Nacional.<\/p>\n<p style=\"text-align: center;\"><span style=\"color: #000080;\"><strong><span style=\"text-decoration: underline;\">Programa<\/span><\/strong><\/span><\/p>\n<p style=\"text-align: center;\"><span style=\"color: #000080;\"><strong><span style=\"text-decoration: underline;\"><br \/>\n<\/span><\/strong><\/span><\/p>\n<p style=\"text-align: justify;\"><strong>S\u00e1bado 4 de Enero. 16:30hrs<\/strong><\/p>\n<div id=\"attachment_9206\" style=\"width: 310px\" class=\"wp-caption alignright\"><a href=\"http:\/\/www.casamuseoeduardofrei.cl\/wp-content\/uploads\/2013\/12\/image_pajaros_ciclocineverano.jpg\" data-rel=\"lightbox-image-1\" data-rl_title=\"\" data-rl_caption=\"\"><img loading=\"lazy\" decoding=\"async\" aria-describedby=\"caption-attachment-9206\" class=\"size-full wp-image-9206\" title=\"\" src=\"http:\/\/www.casamuseoeduardofrei.cl\/wp-content\/uploads\/2013\/12\/image_pajaros_ciclocineverano.jpg\" alt=\"Los P\u00e1jaros, de Alfred Hitchcock (s\u00e1bado 4 de enero).\" width=\"300\" height=\"225\" \/><\/a><p id=\"caption-attachment-9206\" class=\"wp-caption-text\">Los P\u00e1jaros, de Alfred Hitchcock (s\u00e1bado 4 de enero).<\/p><\/div>\n<p><strong> Los P\u00e1jaros <\/strong>(Suspenso. Estados Unidos. 1963)<br \/>\nAlfred Hitchcock. Duraci\u00f3n: 115 min. Color.  Elenco: Tippi Hedren, Mitch Brenner.<br \/>\nMelanie, una joven adinerada quien ante la indiferencia de un posible novio, decide seguirlo hasta la casa de  su madre durante un fin de semana en la costa. Tras su llegada, los p\u00e1jaros de la zona comienzan a atacar a los habitantes de la isla y sobrevivir ser\u00e1 la \u00fanica prioridad.<\/p>\n<p style=\"text-align: justify;\">\n<p style=\"text-align: justify;\">\n<p style=\"text-align: justify;\">\n<p style=\"text-align: justify;\">\n<p style=\"text-align: justify;\">\n<p style=\"text-align: justify;\">\n<p style=\"text-align: justify;\">\n<p style=\"text-align: justify;\"><strong>Domingo 5 de Enero. 16:30hrs<\/strong><\/p>\n<div id=\"attachment_9199\" style=\"width: 310px\" class=\"wp-caption alignright\"><strong><a href=\"http:\/\/www.casamuseoeduardofrei.cl\/wp-content\/uploads\/2013\/12\/image01_belle_ciclocineverano.jpg\" data-rel=\"lightbox-image-2\" data-rl_title=\"\" data-rl_caption=\"\"><img loading=\"lazy\" decoding=\"async\" aria-describedby=\"caption-attachment-9199\" class=\"size-full wp-image-9199\" title=\"\" src=\"http:\/\/www.casamuseoeduardofrei.cl\/wp-content\/uploads\/2013\/12\/image01_belle_ciclocineverano.jpg\" alt=\"Bella de D\u00eda, de Luis Bu\u00f1uel (domingo 5 de enero).\" width=\"300\" height=\"225\" \/><\/a><\/strong><p id=\"caption-attachment-9199\" class=\"wp-caption-text\">Bella de D\u00eda, de Luis Bu\u00f1uel (domingo 5 de enero).<\/p><\/div>\n<p><strong> Bella de D\u00eda<\/strong> (Drama. Francia-Italia. 1967)<br \/>\nLuis Bu\u00f1uel. Duraci\u00f3n: 96 min. B\/N.  Elenco: Catherine Deneuve, Jean Sorel.<br \/>\nGanadora del Le\u00f3n de Oro de Venecia, cuenta la historia Severine, joven y amante esposa del doctor Serizy, quien insatisfecha con su vida \u00edntima comienza a trabajar en el burdel de Ana\u00efs, llevando una doble vida junto a un delincuente  que se enamora de ella, complicando la relaci\u00f3n.<\/p>\n<p style=\"text-align: justify;\">\n<p style=\"text-align: justify;\">\n<p style=\"text-align: justify;\">\n<p><strong>S\u00e1bado 11 de Enero. 16:30hrs<\/strong><\/p>\n<div id=\"attachment_9200\" style=\"width: 310px\" class=\"wp-caption alignright\"><a href=\"http:\/\/www.casamuseoeduardofrei.cl\/wp-content\/uploads\/2013\/12\/image03_8_ciclocineverano.jpg\" data-rel=\"lightbox-image-3\" data-rl_title=\"\" data-rl_caption=\"\"><img loading=\"lazy\" decoding=\"async\" aria-describedby=\"caption-attachment-9200\" class=\"size-full wp-image-9200\" title=\"\" src=\"http:\/\/www.casamuseoeduardofrei.cl\/wp-content\/uploads\/2013\/12\/image03_8_ciclocineverano.jpg\" alt=\"8 \u00bd, de Federico Fellini (s\u00e1bado 11 de enero).\" width=\"300\" height=\"225\" \/><\/a><p id=\"caption-attachment-9200\" class=\"wp-caption-text\">8 \u00bd, de Federico Fellini (s\u00e1bado 11 de enero).<\/p><\/div>\n<p>8 \u00bd (Comedia. Italia. 1963)<br \/>\nFederico Fellini. Duraci\u00f3n: 140 min. B\/N.  Elenco: Marcello Mastroianni, Anouk Aim\u00e9e.<br \/>\nOscar a la Mejor Pel\u00edcula Extranjera, Fellini hace de Guido Anselmi, su protagonista, el alter ego de un director que intenta descansar tras su \u00faltimo \u00e9xito. Sin embargo, la presi\u00f3n de su esposa, la amante, musas y productores por desarrollar una nueva pel\u00edcula, lo llevan a repensar su vida y sus proyecciones futuras.<\/p>\n<p style=\"text-align: justify;\">\n<p style=\"text-align: justify;\">\n<p style=\"text-align: justify;\">\n<p style=\"text-align: justify;\">\n<p style=\"text-align: justify;\">\n<p style=\"text-align: justify;\">\n<p style=\"text-align: justify;\">\n<p style=\"text-align: justify;\">\n<p style=\"text-align: justify;\">\n<p style=\"text-align: justify;\">\n<p style=\"text-align: justify;\"><strong>Domingo 12 de Enero. 16:30hrs<\/strong><\/p>\n<div id=\"attachment_9201\" style=\"width: 310px\" class=\"wp-caption alignright\"><a href=\"http:\/\/www.casamuseoeduardofrei.cl\/wp-content\/uploads\/2013\/12\/image04_yojimbo_ciclocineverano.jpg\" data-rel=\"lightbox-image-0\" data-rl_title=\"\" data-rl_caption=\"\"><img loading=\"lazy\" decoding=\"async\" aria-describedby=\"caption-attachment-9201\" class=\"size-full wp-image-9201\" title=\"\" src=\"http:\/\/www.casamuseoeduardofrei.cl\/wp-content\/uploads\/2013\/12\/image04_yojimbo_ciclocineverano.jpg\" alt=\"Yojimbo, de Akira Kurosawa (domingo 12 de enero)\" width=\"300\" height=\"225\" \/><\/a><p id=\"caption-attachment-9201\" class=\"wp-caption-text\">Yojimbo, de Akira Kurosawa (domingo 12 de enero).<\/p><\/div>\n<p><strong> Yojimbo<\/strong> (Drama. Jap\u00f3n. 1961)<br \/>\nAkira Kurosawa. Duraci\u00f3n: 110 min. B\/N.  Elenco: Toshiro Mifune, Tatsuya Nakadi.<br \/>\nConsiderada una de las mejores pel\u00edculas de Kurosawa, la cinta est\u00e1 ambientada en el Jap\u00f3n feudal del siglo XIX. Sanjuro, convertido en un samurai mercenario, llega a un pueblo dividido por dos bandas rivales. Su inteligencia y manejo en las armas llama la atenci\u00f3n de los l\u00edderes de los bandos,  quienes luchan por tenerlo a su lado pese al desprecio del samurai por los maleantes.<\/p>\n<p style=\"text-align: justify;\">\n<p style=\"text-align: justify;\">\n<p style=\"text-align: justify;\">\n<p style=\"text-align: justify;\">\n<p style=\"text-align: justify;\">\n<p style=\"text-align: justify;\">\n<p style=\"text-align: justify;\">\n<p style=\"text-align: justify;\"><strong>S\u00e1bado 18 de Enero. 16:30hrs<\/strong><\/p>\n<div id=\"attachment_9202\" style=\"width: 310px\" class=\"wp-caption alignright\"><a href=\"http:\/\/www.casamuseoeduardofrei.cl\/wp-content\/uploads\/2013\/12\/image05_blow_ciclocineverano.jpg\" data-rel=\"lightbox-image-5\" data-rl_title=\"\" data-rl_caption=\"\"><img loading=\"lazy\" decoding=\"async\" aria-describedby=\"caption-attachment-9202\" class=\"size-full wp-image-9202\" title=\"\" src=\"http:\/\/www.casamuseoeduardofrei.cl\/wp-content\/uploads\/2013\/12\/image05_blow_ciclocineverano.jpg\" alt=\"Blow Up, de Michelangelo Antonioni (s\u00e1bado 18 de enero).\" width=\"300\" height=\"225\" \/><\/a><p id=\"caption-attachment-9202\" class=\"wp-caption-text\">Blow Up, de Michelangelo Antonioni (s\u00e1bado 18 de enero).<\/p><\/div>\n<p><strong> Blow-Up<\/strong> (Italia. 1962)<br \/>\nMichelangelo Antonioni. Duraci\u00f3n: 101 min. Color.  Elenco: David Hammings, Vanessa Redgrave.<br \/>\nInspirado en el cuento de Julio Cort\u00e1zar \u201cLas babas del diablo\u201d, Antonioni cuenta la historia de un fot\u00f3grafo londinense, quien tras fotografiar a una bella y extra\u00f1a mujer en un parque, observa que en las im\u00e1genes podr\u00eda haber capturado el momento de un asesinato, involucr\u00e1ndose peligrosamente en este singular misterio.<\/p>\n<p style=\"text-align: justify;\">\n<p style=\"text-align: justify;\">\n<p style=\"text-align: justify;\">\n<p style=\"text-align: justify;\">\n<p style=\"text-align: justify;\">\n<p style=\"text-align: justify;\">\n<p style=\"text-align: justify;\">\n<p style=\"text-align: justify;\">\n<p style=\"text-align: justify;\">\n<p style=\"text-align: justify;\">\n<p style=\"text-align: justify;\"><strong>Domingo 19 de Enero. 16:30hrs<\/strong><\/p>\n<div id=\"attachment_9203\" style=\"width: 310px\" class=\"wp-caption alignright\"><a href=\"http:\/\/www.casamuseoeduardofrei.cl\/wp-content\/uploads\/2013\/12\/image06_espejo_ciclocineverano.jpg\" data-rel=\"lightbox-image-6\" data-rl_title=\"\" data-rl_caption=\"\"><img loading=\"lazy\" decoding=\"async\" aria-describedby=\"caption-attachment-9203\" class=\"size-full wp-image-9203\" title=\"\" src=\"http:\/\/www.casamuseoeduardofrei.cl\/wp-content\/uploads\/2013\/12\/image06_espejo_ciclocineverano.jpg\" alt=\"Como en un Espejo, de Ingmar Bergman (domingo 19 de enero).\" width=\"300\" height=\"225\" \/><\/a><p id=\"caption-attachment-9203\" class=\"wp-caption-text\">Como en un Espejo, de Ingmar Bergman (domingo 19 de enero).<\/p><\/div>\n<p><strong> Como en un Espejo<\/strong> (Drama. Suecia. 1961)<br \/>\nIngmar Bergman. Duraci\u00f3n: 86 min. Color.  Elenco: Harriet Andersson, Max von Sydow.<br \/>\nOscar a la Mejor Pel\u00edcula Extranjera, cuenta la historia de Karin, una joven que  regresa a la isla donde vive junto a su solitario hermano y amable esposo, tras permanecer una temporada en un hospital psiqui\u00e1trico. La visita del padre de ambos hermanos, un famoso escritor, quien estaba distanciado de sus hijos, traer\u00e1 la crisis familiar que todos intentaban evitar.<\/p>\n<p style=\"text-align: justify;\">\n<p style=\"text-align: justify;\">\n<p style=\"text-align: justify;\">\n<p style=\"text-align: justify;\">\n<p style=\"text-align: justify;\">\n<p style=\"text-align: justify;\">\n<p style=\"text-align: justify;\">\n<p style=\"text-align: justify;\">\n<p style=\"text-align: justify;\">\n<p style=\"text-align: justify;\">\n<p style=\"text-align: justify;\">\n<p style=\"text-align: justify;\"><strong>S\u00e1bado 25 de Enero. 16:30hrs<\/strong><\/p>\n<div id=\"attachment_9204\" style=\"width: 310px\" class=\"wp-caption alignright\"><a href=\"http:\/\/www.casamuseoeduardofrei.cl\/wp-content\/uploads\/2013\/12\/image07_bonnie_ciclocineverano.jpg\" data-rel=\"lightbox-image-7\" data-rl_title=\"\" data-rl_caption=\"\"><img loading=\"lazy\" decoding=\"async\" aria-describedby=\"caption-attachment-9204\" class=\"size-full wp-image-9204\" title=\"\" src=\"http:\/\/www.casamuseoeduardofrei.cl\/wp-content\/uploads\/2013\/12\/image07_bonnie_ciclocineverano.jpg\" alt=\"Bonnie &amp; Clyde, de Arthur Penn (s\u00e1bado 25 de enero).\" width=\"300\" height=\"225\" \/><\/a><p id=\"caption-attachment-9204\" class=\"wp-caption-text\">Bonnie &amp; Clyde, de Arthur Penn (s\u00e1bado 25 de enero).<\/p><\/div>\n<p><strong> Bonnie &amp; Clyde<\/strong> (Acci\u00f3n. Estados Unidos. 1967)<br \/>\nArthur Penn. Duraci\u00f3n: 111 min. Color.  Elenco: Faye Dunaway,  Warren Beatty.<br \/>\nConsidera una de las mejores pel\u00edculas de los \u201960 y ambientada en el medio oeste estadounidense, narra  la historia de una joven quien, aburrida de su vida, se une a un mediocre asaltante de bancos, involucr\u00e1ndose en una serie de violentos asaltos que capturan los titulares e  imaginaci\u00f3n de la sociedad en medio de la Gran Depresi\u00f3n.<\/p>\n<p style=\"text-align: justify;\">\n<p style=\"text-align: justify;\">\n<p style=\"text-align: justify;\">\n<p style=\"text-align: justify;\">\n<p style=\"text-align: justify;\">\n<p style=\"text-align: justify;\">\n<p style=\"text-align: justify;\">\n<p style=\"text-align: justify;\">\n<p style=\"text-align: justify;\">\n<p style=\"text-align: justify;\">\n<p style=\"text-align: justify;\"><strong>Domingo 26 de Enero. 16:30hrs <\/strong><\/p>\n<div id=\"attachment_9205\" style=\"width: 310px\" class=\"wp-caption alignright\"><a href=\"http:\/\/www.casamuseoeduardofrei.cl\/wp-content\/uploads\/2013\/12\/image08_farenheit_ciclocineverano.jpg\" data-rel=\"lightbox-image-8\" data-rl_title=\"\" data-rl_caption=\"\"><img loading=\"lazy\" decoding=\"async\" aria-describedby=\"caption-attachment-9205\" class=\"size-full wp-image-9205\" title=\"\" src=\"http:\/\/www.casamuseoeduardofrei.cl\/wp-content\/uploads\/2013\/12\/image08_farenheit_ciclocineverano.jpg\" alt=\"Farenheit 451, de Francois Truffaut (domingo 26 de enero).\" width=\"300\" height=\"225\" \/><\/a><p id=\"caption-attachment-9205\" class=\"wp-caption-text\">Farenheit 451, de Francois Truffaut (domingo 26 de enero).<\/p><\/div>\n<p><strong> Farenheit 451 <\/strong>(Ciencia Ficci\u00f3n. Reino Unido. 1966)<br \/>\nFrancois Truffaut. Duraci\u00f3n: 107 min. Color.  Elenco: Oskar Werner, Julie Christie.<br \/>\nEn un gobierno totalitario, Guy Montag es un sencillo bombero que tiene la misi\u00f3n de quemar libros prohibidos por las autoridades. Sin embargo, su vida cambia tras conocer a una profesora que lee aquellos libros, con los que descubre un nuevo mundo y comienza a cuestionar al r\u00e9gimen, convirti\u00e9ndose en un fugitivo que debe elegir entre mantenerse a salvo o cuidar su libertad intelectual.<\/p>\n<p style=\"text-align: justify;\"><a href=\"http:\/\/www.casamuseoeduardofrei.cl\/wp-content\/uploads\/2013\/12\/afiche_chico.jpg\" data-rel=\"lightbox-image-9\" data-rl_title=\"\" data-rl_caption=\"\"><img loading=\"lazy\" decoding=\"async\" class=\"aligncenter size-full wp-image-9198\" title=\"\" src=\"http:\/\/www.casamuseoeduardofrei.cl\/wp-content\/uploads\/2013\/12\/afiche_chico.jpg\" alt=\"afiche_chico\" width=\"580\" height=\"737\" \/><\/a><\/p>\n","protected":false},"excerpt":{"rendered":"<p>Casa Museo Eduardo Frei Montalva te invita a participar en su ciclo Cine de Verano. Todos los s\u00e1bados y domingos de enero, a las 16:30 horas, Hitchcock, Bu\u00f1uel, Fellini, Kurosawa, Antonioni, Bergman, Penn y Truffaut se dar\u00e1n cita en Hindenburg 683, Providencia. Entrada liberada y aire acondicionado.<\/p>\n","protected":false},"author":4,"featured_media":0,"comment_status":"open","ping_status":"open","sticky":false,"template":"","format":"standard","meta":{"_acf_changed":false,"footnotes":""},"categories":[14],"tags":[26,262,364],"class_list":["post-9196","post","type-post","status-publish","format-standard","hentry","category-noticias","tag-actividades-de-extension","tag-ciclo-de-cine","tag-clasicos-de-los-60"],"acf":[],"_links":{"self":[{"href":"https:\/\/www.casamuseoeduardofrei.cl\/en\/wp-json\/wp\/v2\/posts\/9196","targetHints":{"allow":["GET"]}}],"collection":[{"href":"https:\/\/www.casamuseoeduardofrei.cl\/en\/wp-json\/wp\/v2\/posts"}],"about":[{"href":"https:\/\/www.casamuseoeduardofrei.cl\/en\/wp-json\/wp\/v2\/types\/post"}],"author":[{"embeddable":true,"href":"https:\/\/www.casamuseoeduardofrei.cl\/en\/wp-json\/wp\/v2\/users\/4"}],"replies":[{"embeddable":true,"href":"https:\/\/www.casamuseoeduardofrei.cl\/en\/wp-json\/wp\/v2\/comments?post=9196"}],"version-history":[{"count":0,"href":"https:\/\/www.casamuseoeduardofrei.cl\/en\/wp-json\/wp\/v2\/posts\/9196\/revisions"}],"wp:attachment":[{"href":"https:\/\/www.casamuseoeduardofrei.cl\/en\/wp-json\/wp\/v2\/media?parent=9196"}],"wp:term":[{"taxonomy":"category","embeddable":true,"href":"https:\/\/www.casamuseoeduardofrei.cl\/en\/wp-json\/wp\/v2\/categories?post=9196"},{"taxonomy":"post_tag","embeddable":true,"href":"https:\/\/www.casamuseoeduardofrei.cl\/en\/wp-json\/wp\/v2\/tags?post=9196"}],"curies":[{"name":"wp","href":"https:\/\/api.w.org\/{rel}","templated":true}]}}