{"id":8758,"date":"2013-05-31T14:31:50","date_gmt":"2013-05-31T18:31:50","guid":{"rendered":"http:\/\/www.casamuseoeduardofrei.cl\/?p=8758"},"modified":"2015-04-21T13:38:12","modified_gmt":"2015-04-21T16:38:12","slug":"objeto-del-mes-vida-cotidiana-de-adolescencia","status":"publish","type":"post","link":"https:\/\/www.casamuseoeduardofrei.cl\/en\/objeto-del-mes-vida-cotidiana-de-adolescencia\/","title":{"rendered":"Objeto del mes: Vida cotidiana de adolescencia"},"content":{"rendered":"<p style=\"text-align: justify;\">En el hogar, compartir la habitaci\u00f3n era com\u00fan en aquellos que vivieron el paso previo a la adultez en las d\u00e9cadas de los \u201950 y \u201960 en Chile. Familias m\u00e1s numerosas, mucha vida de barrio y sin acceso a tanta tecnolog\u00edas, fueron algunas caracter\u00edsticas  de la forma de vida de esa \u00e9poca. Los invitamos a compartir nuestro objeto del mes de junio, del 1 al 30 de dicho mes en Casa Museo EFM.<!--more--><\/p>\n<p style=\"text-align: justify;\">En las d\u00e9cada de los \u201950 y \u201960 en Chile la estructura tradicional de una familia de clase media se basaba principalmente en un padre que trabajaba fuera del hogar,  mientras que la madre  se encargaba de cuidar a los hijos y administrar la econom\u00eda familiar. En el caso de la familia Frei Ruiz- Tagle, era justamente de esta manera, mientras Eduardo Frei Montalva  Montalva estaba dedicado de lleno a la actividad pol\u00edtica del pa\u00eds, Mar\u00eda Ruiz-Tagle se preocupaba del orden y cuidado de sus siete hijos, cuatro  mujeres y tres varones. El hombre en estas d\u00e9cadas era el jefe de hogar, y la mujer  muy someramente empezaba a participar en el mundo laboral, fuera del hogar.<\/p>\n<p style=\"text-align: justify;\">Partiendo de este concepto, la vida de un adolescente de una familia tradicional de la \u00e9poca se divid\u00eda entre sus estudios y la casa, donde se encontraba la figura materna, como la de Mar\u00eda Ruiz-Tagle, quien siempre se preocup\u00f3 de tejer y coser para sus hijos y nietos, haci\u00e9ndoles personalmente los uniformes, pijamas, vestidos, chalecos, cubrecamas y otros.<\/p>\n<p style=\"text-align: justify;\">\n<div id=\"attachment_8761\" style=\"width: 310px\" class=\"wp-caption alignleft\"><a href=\"http:\/\/www.casamuseoeduardofrei.cl\/wp-content\/uploads\/2013\/05\/image02_adolescencia_junio.jpg\" data-rel=\"lightbox-image-0\" data-rl_title=\"\" data-rl_caption=\"\"><img loading=\"lazy\" decoding=\"async\" aria-describedby=\"caption-attachment-8761\" class=\"size-full wp-image-8761\" title=\"\" src=\"http:\/\/www.casamuseoeduardofrei.cl\/wp-content\/uploads\/2013\/05\/image02_adolescencia_junio.jpg\" alt=\"Alrededor de la d\u00e9cada de los '60 los adolescentes ocupaban su tiempo libre leyendo revistas y c\u00f3mic, entre otras actividades.\" width=\"300\" height=\"225\" \/><\/a><p id=\"caption-attachment-8761\" class=\"wp-caption-text\">Alrededor de la d\u00e9cada de los '60 los adolescentes ocupaban su tiempo libre leyendo revistas y c\u00f3mic, entre otras actividades.<\/p><\/div>\n<p>Por otro lado, los j\u00f3venes estaban acostumbrados a convivir y compartir todo lo que ten\u00edan, desde las habitaciones hasta los libros, pasando por juegos, canicas. Se pasaban horas leyendo libros de aventuras, historietas, c\u00f3mics. Memorizan y recitaban poemas, coleccionaban cromos hasta completar \u00e1lbumes de animales, dibujos animados, jugadores de f\u00fatbol, entre otros.<\/p>\n<p style=\"text-align: justify;\">Y por supuesto escuchaban la radio, que ocupaba un destacado lugar en los hogares chilenos. Medio de comunicaci\u00f3n, donde se sintonizaban novelas, partidos de f\u00fatbol, m\u00fasica, noticiarios que informaban de lo que pasaba a lo largo del pa\u00eds y del extranjero. La televisi\u00f3n estaba reci\u00e9n empezando a llegar a los hogares chilenos, y no era tan com\u00fan tenerla en todas los hogares como lo es hoy en d\u00eda. En Casa Museo Eduardo Frei Montalva, se conservan algunas radios que pertenecieron al hogar de los Frei Ruiz-Tagle, aut\u00e9nticas piezas de colecci\u00f3n hoy en d\u00eda. En la habitaci\u00f3n de los hijos varones, se encuentra una de marca Espey, que era la encargada de acompa\u00f1ar a los j\u00f3venes en sus ratos libres, y donde la imaginaci\u00f3n jugaba un papel muy importante, ya que ellos ve\u00edan en im\u00e1genes lo que la radio les retransmit\u00eda. Estas radios  actualmente  son parte de la muestra dentro de la casa y pueden ser visitadas.<\/p>\n<p style=\"text-align: justify;\"><strong><span style=\"color: #000080;\">La calle, el barrio, los amigos<\/span><\/strong><br \/>\nEn cuanto a los estudios, en t\u00e9rminos generales, en Chile no todos terminaban la ense\u00f1anza b\u00e1sica, ya que ten\u00edan que aportar con su trabajo a la econom\u00eda del hogar, por lo que abandonaban muy pronto el colegio. Este punto cambi\u00f3 gracias a la Reforma Educacional llevada a cabo por Eduardo Frei Montalva durante su mandato, entre 1964 y 1970, creada para terminar con el analfabetismo y conseguir  un mayor desarrollo en el pa\u00eds.<\/p>\n<p style=\"text-align: justify;\">Cada vez era m\u00e1s frecuente la incorporaci\u00f3n de la mujer a los estudios superiores, es el caso de las hijas del matrimonio Frei- Ruiz Ragle, que estudiaron en el Colegio Universitario Ingl\u00e9s, siendo muy pocos los colegios mixtos existentes en esa \u00e9poca. A diferencia de su madre que ven\u00eda de otra generaci\u00f3n, las cuatro fueron a la Universidad, donde estudiaron carreras tradicionalmente asociadas a lo femenino: Irene estudi\u00f3 Historia y Geograf\u00eda, Carmen, P\u00e1rvulos, Isabel Margarita, Educaci\u00f3n Familiar, y M\u00f3nica, Secretariado.<\/p>\n<p style=\"text-align: justify;\">Los tres hijos, Eduardo, Francisco y Jorge estudiaron la educaci\u00f3n b\u00e1sica y media en el Instituto de Humanidades Luis Campino, al igual que su padre, para luego continuar en la Universidad realizando carreras de Ingenier\u00eda.<\/p>\n<p style=\"text-align: justify;\">En el dormitorio de los hijos varones de la familia Frei Ruiz-Tagle, en la actualidad dentro de Casa Museo, podemos ver objetos de la \u00e9poca, como el Globo Terr\u00e1queo, los bolsones de cuero del colegio, uniformes, y distintas fotograf\u00edas del Colegio Luis Campino (ubicado en el actual Centro de Extensi\u00f3n de la Universidad Cat\u00f3lica en su casa central de calle Alameda.)<\/p>\n<p style=\"text-align: justify;\">Junto con sus establecimientos educacionales, la vida de un adolescente de la \u00e9poca transcurr\u00eda entre su casa y el barrio. Se trataba de una \u00e9poca donde los vecinos eran casi como hermanos, compartiendo, libros, juegos, no faltando en los hogares visitas de amigos, vecinos y familiares, donde se creaban fuertes v\u00ednculos de amistad y camarader\u00eda.<\/p>\n<div id=\"attachment_8762\" style=\"width: 310px\" class=\"wp-caption alignright\"><a href=\"http:\/\/www.casamuseoeduardofrei.cl\/wp-content\/uploads\/2013\/05\/image03_adolescencia_junio.jpg\" data-rel=\"lightbox-image-1\" data-rl_title=\"\" data-rl_caption=\"\"><img loading=\"lazy\" decoding=\"async\" aria-describedby=\"caption-attachment-8762\" class=\"size-full wp-image-8762\" title=\"\" src=\"http:\/\/www.casamuseoeduardofrei.cl\/wp-content\/uploads\/2013\/05\/image03_adolescencia_junio.jpg\" alt=\"Bols\u00f3n escolar de los hijos de la familia Frei Ruiz-Tagle.\" width=\"300\" height=\"225\" \/><\/a><p id=\"caption-attachment-8762\" class=\"wp-caption-text\">Bols\u00f3n escolar de los hijos de la familia Frei Ruiz-Tagle.<\/p><\/div>\n<p style=\"text-align: justify;\">Era muy com\u00fan  en las tardes, sobre todo en primavera y verano, jugar en los parques, o calles a la rayuela, luche,canicas, el\u00e1stico o cuerda, donde los ni\u00f1os y ni\u00f1as entonaban encantadoras melod\u00edas y canciones populares. Ni\u00f1os y j\u00f3venes se prestaban libros de historietas, como El Peneca, Condorito, Estadio  o revistas como Mec\u00e1nica Popular, entre otras, que quedaban viejas al ser rele\u00eddas una y otra vez por distintas generaciones. Todas estas revistas tambi\u00e9n son parte de la muestra y pueden ser visitadas.<\/p>\n<p style=\"text-align: justify;\">Lo invitamos a conocer los objetos que acompa\u00f1aron la ni\u00f1ez y adolescencia de los hermanos Frei Ruiz -Tagle  y  a conectarse con el Chile en los a\u00f1os \u00b460.<\/p>\n","protected":false},"excerpt":{"rendered":"<p>En el hogar, compartir la habitaci\u00f3n era com\u00fan en aquellos que vivieron el paso previo a la adultez en las d\u00e9cadas de los \u201950 y \u201960 en Chile. Familias m\u00e1s numerosas, mucha vida de barrio y sin acceso a tanta tecnolog\u00edas, fueron algunas caracter\u00edsticas de la forma de vida de esa \u00e9poca. Los invitamos a [&hellip;]<\/p>\n","protected":false},"author":4,"featured_media":10085,"comment_status":"open","ping_status":"open","sticky":false,"template":"","format":"standard","meta":{"_acf_changed":false,"footnotes":""},"categories":[14,15],"tags":[342,343,8],"class_list":["post-8758","post","type-post","status-publish","format-standard","has-post-thumbnail","hentry","category-noticias","category-objeto-del-mes","tag-adolescencia","tag-familia-frei-ruiz-tagle","tag-objeto-del-mes"],"acf":[],"_links":{"self":[{"href":"https:\/\/www.casamuseoeduardofrei.cl\/en\/wp-json\/wp\/v2\/posts\/8758","targetHints":{"allow":["GET"]}}],"collection":[{"href":"https:\/\/www.casamuseoeduardofrei.cl\/en\/wp-json\/wp\/v2\/posts"}],"about":[{"href":"https:\/\/www.casamuseoeduardofrei.cl\/en\/wp-json\/wp\/v2\/types\/post"}],"author":[{"embeddable":true,"href":"https:\/\/www.casamuseoeduardofrei.cl\/en\/wp-json\/wp\/v2\/users\/4"}],"replies":[{"embeddable":true,"href":"https:\/\/www.casamuseoeduardofrei.cl\/en\/wp-json\/wp\/v2\/comments?post=8758"}],"version-history":[{"count":0,"href":"https:\/\/www.casamuseoeduardofrei.cl\/en\/wp-json\/wp\/v2\/posts\/8758\/revisions"}],"wp:featuredmedia":[{"embeddable":true,"href":"https:\/\/www.casamuseoeduardofrei.cl\/en\/wp-json\/wp\/v2\/media\/10085"}],"wp:attachment":[{"href":"https:\/\/www.casamuseoeduardofrei.cl\/en\/wp-json\/wp\/v2\/media?parent=8758"}],"wp:term":[{"taxonomy":"category","embeddable":true,"href":"https:\/\/www.casamuseoeduardofrei.cl\/en\/wp-json\/wp\/v2\/categories?post=8758"},{"taxonomy":"post_tag","embeddable":true,"href":"https:\/\/www.casamuseoeduardofrei.cl\/en\/wp-json\/wp\/v2\/tags?post=8758"}],"curies":[{"name":"wp","href":"https:\/\/api.w.org\/{rel}","templated":true}]}}