{"id":8666,"date":"2013-04-29T14:00:25","date_gmt":"2013-04-29T18:00:25","guid":{"rendered":"http:\/\/www.casamuseoeduardofrei.cl\/?p=8666"},"modified":"2013-04-29T14:00:25","modified_gmt":"2013-04-29T18:00:25","slug":"comenzo-el-laboratorio-juvenil-de-reflexion-y-participacion","status":"publish","type":"post","link":"https:\/\/www.casamuseoeduardofrei.cl\/en\/comenzo-el-laboratorio-juvenil-de-reflexion-y-participacion\/","title":{"rendered":"Comenz\u00f3 el Laboratorio Juvenil de Reflexi\u00f3n y Participaci\u00f3n"},"content":{"rendered":"<p style=\"text-align: justify;\">El <strong>Museo Benjam\u00edn Vicu\u00f1a Mackenna y Casa Museo Eduardo Frei Montalva<\/strong>, junto a <strong>Explora CONICYT RM Zona Sur Oriente<\/strong>, organizaron una instancia de participaci\u00f3n ciudadana para alumnos de 8\u00ba b\u00e1sico y educaci\u00f3n media donde se conversar\u00e1 en torno a varios temas. El primer encuentro, <strong>\u201cGraffitis y expresi\u00f3n art\u00edstica\u201d <\/strong>se realiz\u00f3 el jueves 25 de abril y reuni\u00f3 a cerca de 90 estudiantes.<!--more--><\/p>\n<p style=\"text-align: justify;\">El jueves 25 de abril, cerca de 90 estudiantes entre 8\u00ba b\u00e1sico y 4\u00ba medio de los colegios Mar\u00eda Inmaculada de Providencia y Malaqu\u00edas Concha de La Granja, se reunieron en el Museo Benjam\u00edn Vicu\u00f1a Mackenna. \u00bfEl objetivo? Reflexionar y conversar en torno a un tema com\u00fan, que en este caso fue el graffiti. La cita se dio en el marco de <strong>\u201cGraffitis y expresi\u00f3n art\u00edstica\u201d<\/strong>, el primer conversatorio del Laboratorio Juvenil de Reflexi\u00f3n y Participaci\u00f3n, instancia organizada por el <strong>Museo Benjam\u00edn Vicu\u00f1a Mackenna y Casa Museo Eduardo Frei Montalva, junto a Explora CONICYT RM Zona Sur Oriente.<\/strong><\/p>\n<p style=\"text-align: justify;\">La idea principal es que a trav\u00e9s de cuatro jornadas, que se realizar\u00e1n  entre los meses de abril y noviembre de 2013, los j\u00f3venes a compartan en torno a diversas tem\u00e1ticas de su inter\u00e9s, como \u201cGraffitis y expresi\u00f3n art\u00edstica\u201d, \u201cJ\u00f3venes y participaci\u00f3n pol\u00edtica\u201d, \u201cIdentidad barrial\u201d y \u201cJ\u00f3venes y la ciencia en colegios\u201d.<\/p>\n<p style=\"text-align: justify;\">El objetivo de este Laboratorio es crear una plataforma de reflexi\u00f3n para que diversos grupos de estudiantes conozcan iniciativas de otros j\u00f3venes, intercambien opiniones y desarrollen una conciencia cr\u00edtica respecto de su entorno. As\u00ed tambi\u00e9n, los estudiantes podr\u00e1n comprender que son una pieza fundamental al momento de crear su propia sociedad.<\/p>\n<p style=\"text-align: justify;\"><span style=\"color: #0000ff;\"><strong>Arte para todos<\/strong><\/span><\/p>\n<p style=\"text-align: justify;\">El encuentro del jueves 25 de abril estuvo a cargo de Roberto Hern\u00e1ndez y David Villarroel, gestores del proyecto \u201cMuseo a cielo abierto\u201d en <a href=\"http:\/\/www.museoacieloabiertoensanmiguel.cl\/\" target=\"_blank\">San Miguel<\/a>, una experiencia que despert\u00f3 los comentarios y preguntas de los j\u00f3venes que participaron en el conversatorio \u201cGraffitis y expresi\u00f3n art\u00edstica\u201d.<\/p>\n<p style=\"text-align: justify;\">La iniciativa comenz\u00f3 en marzo de 2009, y consiste en la realizaci\u00f3n de grandes murales en los muros ciegos de los blocks de departamentos situados en la vereda norte de la Avenida Departamental a la altura del 1500, entre las calles Gauss por el oriente y Autopista Central (Panamericana Sur) por el poniente.<\/p>\n<p style=\"text-align: justify;\">\n<div id=\"attachment_8669\" style=\"width: 310px\" class=\"wp-caption alignleft\"><a href=\"http:\/\/www.casamuseoeduardofrei.cl\/wp-content\/uploads\/2013\/04\/img_graffiti01.jpg\" data-rel=\"lightbox-image-0\" data-rl_title=\"\" data-rl_caption=\"\"><img loading=\"lazy\" decoding=\"async\" aria-describedby=\"caption-attachment-8669\" class=\"size-full wp-image-8669\" title=\"\" src=\"http:\/\/www.casamuseoeduardofrei.cl\/wp-content\/uploads\/2013\/04\/img_graffiti01.jpg\" alt=\"Los participantes del primer coloquio salieron al patio del Museo Benjam\u00edn Vicu\u00f1a Mackenna a pintar un graffiti junto a Basti\u00e1n, conocido graffitero y colaborador del &quot;Museo a cielo abierto&quot;.\" width=\"300\" height=\"225\" \/><\/a><p id=\"caption-attachment-8669\" class=\"wp-caption-text\">Los participantes del primer coloquio salieron al patio del Museo Benjam\u00edn Vicu\u00f1a Mackenna a pintar un graffiti junto a Basti\u00e1n, conocido graffitero y colaborador del &quot;Museo a cielo abierto&quot;.<\/p><\/div>\n<p>El proyecto, financiado por un Fondart, comenz\u00f3 con 10 murales, y hoy ya llega a las 35 obras abiertas a toda la comunidad. \u201cUno no puede dar por perdidas las batallas. Esto lo hacemos por nuestras familias, para que nuestros hijos crezcan en un ambiente mucho mejor que el que tuvimos nosotros en el barrio\u201d, le coment\u00f3 Roberto Hern\u00e1ndez a los j\u00f3venes presentes.<\/p>\n<p style=\"text-align: justify;\">Coment\u00f3 adem\u00e1s que uno de los trabajos m\u00e1s entretenidos y largos fue conseguir los permisos de los vecinos, lo que adem\u00e1s les permiti\u00f3 generar redes y crear un sentido de comunidad, ya que son los mismos pobladores quienes eligen las creaciones que se llevar\u00e1n a los muros. \u201cLa gente del barrio ahora se encuentra con arte todos los d\u00edas. Gracias al proyecto hoy tenemos una identidad propia\u201d, afirm\u00f3 David Villarroel.<\/p>\n<p style=\"text-align: justify;\">Luego de las preguntas y comentarios, el grupo en pleno sali\u00f3 al patio del Museo Benjam\u00edn Vicu\u00f1a Mackenna para pintar en vivo un graffiti, apoyados por Basti\u00e1n, un reconocido graffitero y colaborador adem\u00e1s del \u201cMuseo a cielo abierto\u201d en San Miguel.<\/p>\n<p style=\"text-align: justify;\">Los encuentros del Primer Laboratorio Juvenil de Reflexi\u00f3n y Participaci\u00f3n tienen inscripci\u00f3n gratuita, y continuar\u00e1n el 27 de junio con \u201cJ\u00f3venes y participaci\u00f3n pol\u00edtica\u201d, en Casa Museo Eduardo Frei Montalva. Para participar del Laboratorio, los profesores interesados deben inscribir a su curso contact\u00e1ndose con Loreto Acu\u00f1a al correo electr\u00f3nico <a href=\"mailto:loretoacuna@explorarm.com\">loretoacuna@explorarm.com<\/a> o al tel\u00e9fono 29785603.<\/p>\n<p style=\"text-align: justify;\">\n<div id=\"attachment_8671\" style=\"width: 310px\" class=\"wp-caption aligncenter\"><a href=\"http:\/\/www.casamuseoeduardofrei.cl\/wp-content\/uploads\/2013\/04\/img_graffiti03.jpg\" data-rel=\"lightbox-image-1\" data-rl_title=\"\" data-rl_caption=\"\"><img loading=\"lazy\" decoding=\"async\" aria-describedby=\"caption-attachment-8671\" class=\"size-full wp-image-8671\" title=\"\" src=\"http:\/\/www.casamuseoeduardofrei.cl\/wp-content\/uploads\/2013\/04\/img_graffiti03.jpg\" alt=\"En el primer conversatorio participaron cerca de 90 estudiantes.\" width=\"300\" height=\"225\" \/><\/a><p id=\"caption-attachment-8671\" class=\"wp-caption-text\">En el primer conversatorio participaron cerca de 90 estudiantes.<\/p><\/div>\n","protected":false},"excerpt":{"rendered":"<p>El Museo Benjam\u00edn Vicu\u00f1a Mackenna y Casa Museo Eduardo Frei Montalva, junto a Explora CONICYT RM Zona Sur Oriente, organizaron una instancia de participaci\u00f3n ciudadana para alumnos de 8\u00ba b\u00e1sico y educaci\u00f3n media donde se conversar\u00e1 en torno a varios temas. El primer encuentro, \u201cGraffitis y expresi\u00f3n art\u00edstica\u201d se realiz\u00f3 el jueves 25 de abril [&hellip;]<\/p>\n","protected":false},"author":4,"featured_media":0,"comment_status":"open","ping_status":"open","sticky":false,"template":"","format":"standard","meta":{"_acf_changed":false,"footnotes":""},"categories":[14],"tags":[337,338],"class_list":["post-8666","post","type-post","status-publish","format-standard","hentry","category-noticias","tag-graffitis","tag-laboratorio-juvenil-de-reflexion-y-participacion"],"acf":[],"_links":{"self":[{"href":"https:\/\/www.casamuseoeduardofrei.cl\/en\/wp-json\/wp\/v2\/posts\/8666","targetHints":{"allow":["GET"]}}],"collection":[{"href":"https:\/\/www.casamuseoeduardofrei.cl\/en\/wp-json\/wp\/v2\/posts"}],"about":[{"href":"https:\/\/www.casamuseoeduardofrei.cl\/en\/wp-json\/wp\/v2\/types\/post"}],"author":[{"embeddable":true,"href":"https:\/\/www.casamuseoeduardofrei.cl\/en\/wp-json\/wp\/v2\/users\/4"}],"replies":[{"embeddable":true,"href":"https:\/\/www.casamuseoeduardofrei.cl\/en\/wp-json\/wp\/v2\/comments?post=8666"}],"version-history":[{"count":0,"href":"https:\/\/www.casamuseoeduardofrei.cl\/en\/wp-json\/wp\/v2\/posts\/8666\/revisions"}],"wp:attachment":[{"href":"https:\/\/www.casamuseoeduardofrei.cl\/en\/wp-json\/wp\/v2\/media?parent=8666"}],"wp:term":[{"taxonomy":"category","embeddable":true,"href":"https:\/\/www.casamuseoeduardofrei.cl\/en\/wp-json\/wp\/v2\/categories?post=8666"},{"taxonomy":"post_tag","embeddable":true,"href":"https:\/\/www.casamuseoeduardofrei.cl\/en\/wp-json\/wp\/v2\/tags?post=8666"}],"curies":[{"name":"wp","href":"https:\/\/api.w.org\/{rel}","templated":true}]}}