{"id":8603,"date":"2013-03-18T13:50:47","date_gmt":"2013-03-18T17:50:47","guid":{"rendered":"http:\/\/www.casamuseoeduardofrei.cl\/?p=8603"},"modified":"2013-03-18T13:50:47","modified_gmt":"2013-03-18T17:50:47","slug":"todo-un-barrio-mirada-vecinal","status":"publish","type":"post","link":"https:\/\/www.casamuseoeduardofrei.cl\/en\/todo-un-barrio-mirada-vecinal\/","title":{"rendered":"Todo un Barrio: Mirada vecinal"},"content":{"rendered":"<p style=\"text-align: justify;\">En el marco de su 5\u00ba aniversario, <strong>Casa Museo Eduardo Frei Montalva<\/strong> invita a los vecinos y ex vecinos de la zona comprendida entre calles Bustamante, Irarr\u00e1zaval, J.M. Infante y Rancagua, a participar en una muestra fotogr\u00e1fica. A trav\u00e9s de una serie de im\u00e1genes colectivas de la zona, se busca recrear la esencia y formaci\u00f3n de un tradicional sector de Providencia.<\/p>\n<p style=\"text-align: justify;\"><!--more--><br \/>\nEl 12 de mayo de este a\u00f1o,<strong> Casa Museo Eduardo Frei Montalva <\/strong>cumple cinco a\u00f1os de funcionamiento. Para celebrarlo lanz\u00f3 una convocatoria dirigida a todos los vecinos del sector que rodea la casa donde el ex Mandatario vivi\u00f3 junto a su familia por m\u00e1s de 40 a\u00f1os, para descubrir a trav\u00e9s de una mirada colectiva la historia \u00edntima del barrio.<\/p>\n<p style=\"text-align: justify;\">Inspirada en el discurso \u201cEsfuerzo de Todo un Pueblo\u201d, en el cual Eduardo Frei Montalva anunci\u00f3 al Pa\u00eds el Programa de Promoci\u00f3n Popular en diciembre de 1964, Casa Museo est\u00e1 organizando la exposici\u00f3n <strong>\u201cTodo un Barrio: Mirada Vecinal\u201d<\/strong>, que ser\u00e1 montada durante todo el mes de mayo de 2013, y que integrar\u00e1 una serie de fotograf\u00edas tomadas por los habitantes de la zona comprendida entre calles Bustamante, Irarr\u00e1zaval, J.M. Infante y Rancagua (en la comuna de Providencia, Santiago).<\/p>\n<p style=\"text-align: justify;\">\u201cQue cada uno ponga su contribuci\u00f3n: ser\u00e1n los barrios y las Juntas de Vecinos, las cooperativas, las asociaciones de padres de familia en las escuelas, ser\u00e1n las regiones y las provincias, los centros de madres. En una palabra darle a cada uno el medio en que viva la posibilidad de expresarse, de influir, de opinar, de exigir, cuando sea justo, y de contribuir de una manera organizada a las transformaciones que el pa\u00eds espera y requiere\u201d, afirm\u00f3 el ex Presidente en su discurso.<\/p>\n<p style=\"text-align: justify;\">Porque un signo distintivo de su gobierno fue la promoci\u00f3n popular, que m\u00e1s all\u00e1 de un organismo, buscaba ser un proceso por el cual cada persona pudiera integrarse en la capacitaci\u00f3n y organizaci\u00f3n del desarrollo del pa\u00eds, participando de modo efectivo.<\/p>\n<p style=\"text-align: justify;\">Es por eso que el llamado que hace Casa Museo EFM es a que cada vecino env\u00ede un trozo de su historia, capturada a trav\u00e9s de una fotograf\u00eda, que formar\u00e1 parte de <strong>\u201cTodo un Barrio: Mirada Vecinal\u201d<\/strong>, la cual ser\u00e1 inaugurada a principios de mayo y tendr\u00e1 entrada liberada.<\/p>\n<p style=\"text-align: justify;\">\n<h2 style=\"text-align: justify;\"><span style=\"color: #000080;\">C\u00f3mo participar:<\/span><\/h2>\n<p><span style=\"color: #000080;\"><br \/>\n<\/span><\/p>\n<ul>\n<li><strong>Plazo de entrega: <\/strong>21 de abril a las 18:00 horas.<\/li>\n<li>Las im\u00e1genes deben haber sido tomadas <strong>entre los a\u00f1os \u201840 y la d\u00e9cada de los \u201990<\/strong>.<\/li>\n<li><span style=\"text-align: justify;\">Las fotograf\u00edas se pueden enviar al correo <a href=\"mailto:contacto@casamuseoeduardofrei.cl\">contacto@casamuseoeduardofrei.cl<\/a>,  o directamente en Casa Museo EFM, de martes a domingo, de 10:00 a 18:00 horas (la foto ser\u00e1 digitalizada y devuelta).<\/span><\/li>\n<li><span style=\"text-align: justify;\">Los archivos enviados v\u00eda correo electr\u00f3nico deben tener formato jpg o TIFF. Tama\u00f1o m\u00ednimo: 700 KB. M\u00e1ximo: 9 MB.<\/span><\/li>\n<li>Junto con la imagen se debe enviar la siguiente informaci\u00f3n:<\/li>\n<\/ul>\n<ol>\n<li>Nombre completo del remitente.<\/li>\n<li>Lugar donde se tom\u00f3 la fotograf\u00eda (Calle, barrio, cit\u00e9).<\/li>\n<li>A\u00f1o en que se tom\u00f3 la foto (o un aproximado).<\/li>\n<li>Breve rese\u00f1a con la historia de la imagen.<\/li>\n<li>\u00bfQu\u00e9 lo motiv\u00f3 a enviar esta fotograf\u00eda?<\/li>\n<\/ol>\n<p>* Las fotograf\u00edas enviadas a trav\u00e9s de estas dos v\u00edas, formar\u00e1n parte de la muestra <strong>Todo un Barrio: Mirada Vecina<\/strong>l, de Casa Museo Eduardo Frei Montalva. \u00a0Las im\u00e1genes s\u00f3lo ser\u00e1n utilizadas para fines relacionados con dicha exposici\u00f3n.<\/p>\n<p style=\"text-align: justify;\">\u00a1Los esperamos!<\/p>\n<p style=\"text-align: center;\"><a href=\"http:\/\/www.casamuseoeduardofrei.cl\/wp-content\/uploads\/2013\/03\/afiche_expofoto_WEB.jpg\" data-rel=\"lightbox-image-0\" data-rl_title=\"\" data-rl_caption=\"\"><img loading=\"lazy\" decoding=\"async\" class=\"aligncenter size-full wp-image-8608\" title=\"\" src=\"http:\/\/www.casamuseoeduardofrei.cl\/wp-content\/uploads\/2013\/03\/afiche_expofoto_WEB.jpg\" alt=\"afiche_expofoto_WEB\" width=\"540\" height=\"739\" \/><\/a><\/p>\n","protected":false},"excerpt":{"rendered":"<p>En el marco de su 5\u00ba aniversario, Casa Museo Eduardo Frei Montalva invita a los vecinos y ex vecinos de la zona comprendida entre calles Bustamante, Irarr\u00e1zaval, J.M. Infante y Rancagua, a participar en una muestra fotogr\u00e1fica. A trav\u00e9s de una serie de im\u00e1genes colectivas de la zona, se busca recrear la esencia y formaci\u00f3n [&hellip;]<\/p>\n","protected":false},"author":4,"featured_media":0,"comment_status":"open","ping_status":"open","sticky":false,"template":"","format":"standard","meta":{"_acf_changed":false,"footnotes":""},"categories":[14],"tags":[330,131,331,25],"class_list":["post-8603","post","type-post","status-publish","format-standard","hentry","category-noticias","tag-aniversario-casa-museo-efm","tag-barrio-italia","tag-exposicion-fotografica","tag-providencia"],"acf":[],"_links":{"self":[{"href":"https:\/\/www.casamuseoeduardofrei.cl\/en\/wp-json\/wp\/v2\/posts\/8603","targetHints":{"allow":["GET"]}}],"collection":[{"href":"https:\/\/www.casamuseoeduardofrei.cl\/en\/wp-json\/wp\/v2\/posts"}],"about":[{"href":"https:\/\/www.casamuseoeduardofrei.cl\/en\/wp-json\/wp\/v2\/types\/post"}],"author":[{"embeddable":true,"href":"https:\/\/www.casamuseoeduardofrei.cl\/en\/wp-json\/wp\/v2\/users\/4"}],"replies":[{"embeddable":true,"href":"https:\/\/www.casamuseoeduardofrei.cl\/en\/wp-json\/wp\/v2\/comments?post=8603"}],"version-history":[{"count":0,"href":"https:\/\/www.casamuseoeduardofrei.cl\/en\/wp-json\/wp\/v2\/posts\/8603\/revisions"}],"wp:attachment":[{"href":"https:\/\/www.casamuseoeduardofrei.cl\/en\/wp-json\/wp\/v2\/media?parent=8603"}],"wp:term":[{"taxonomy":"category","embeddable":true,"href":"https:\/\/www.casamuseoeduardofrei.cl\/en\/wp-json\/wp\/v2\/categories?post=8603"},{"taxonomy":"post_tag","embeddable":true,"href":"https:\/\/www.casamuseoeduardofrei.cl\/en\/wp-json\/wp\/v2\/tags?post=8603"}],"curies":[{"name":"wp","href":"https:\/\/api.w.org\/{rel}","templated":true}]}}