{"id":8591,"date":"2024-03-05T10:00:08","date_gmt":"2024-03-05T13:00:08","guid":{"rendered":"http:\/\/www.casamuseoeduardofrei.cl\/?p=8591"},"modified":"2024-03-05T10:53:19","modified_gmt":"2024-03-05T13:53:19","slug":"casa-museo-efm-se-suma-a-la-hora-del-planeta","status":"publish","type":"post","link":"https:\/\/www.casamuseoeduardofrei.cl\/en\/casa-museo-efm-se-suma-a-la-hora-del-planeta\/","title":{"rendered":"Casa Museo EFM se suma a La Hora del Planeta"},"content":{"rendered":"<p><\/p>\n<p style=\"text-align: justify;\">El s\u00e1bado 23 de marzo, de 20:30 a 21:30 horas,<strong> Casa Museo Eduardo Frei Montalva<\/strong> apagar\u00e1 todas sus luces para sumarse a la iniciativa promovida por <strong>WWF<\/strong>, organizaci\u00f3n mundial de conservaci\u00f3n.  De esta manera reafirma su compromiso con el medio ambiente, sumando adem\u00e1s acciones concretas como la organizaci\u00f3n de nuevas jornadas de talleres ecol\u00f3gicos.<!--more--><\/p>\n<p style=\"text-align: justify;\">Organizada por la <a href=\"http:\/\/chile.panda.org\/\" target=\"_blank\" rel=\"noopener\">WWF, la organizaci\u00f3n mundial de conservaci\u00f3n<\/a>, La Hora del Planeta (LHP\/Earth Hour) se ha convertido en la acci\u00f3n voluntaria m\u00e1s importante del mundo en la lucha contra el cambio clim\u00e1tico, convocando en 2012 a m\u00e1s de 6950 ciudades en 152 pa\u00edses y territorios. Este a\u00f1o tendr\u00e1 lugar el <strong>s\u00e1bado 23 de marzo entre las 20:30 y las 21:30 horas<\/strong>, y en Chile ya han confirmado su participaci\u00f3n varios edificios, entidades emblem\u00e1ticas y personas comprometidas con el cuidado del planeta.<\/p>\n<p style=\"text-align: justify;\"><strong>Casa Museo Eduardo Frei Montalva<\/strong> tambi\u00e9n se uni\u00f3 a la iniciativa, como una forma de continuar con su misi\u00f3n de difundir la personalidad, estilo de vida y vocaci\u00f3n de servicio del ex Mandatario chileno, quien plante\u00f3 su inter\u00e9s por la conservaci\u00f3n del medio ambiente en varios de sus discursos y acciones dentro de su gobierno.<\/p>\n<p style=\"text-align: justify;\">Junto con apagar sus luces durante una hora, Casa Museo EFM continuar\u00e1 durante el a\u00f1o organizando talleres ecol\u00f3gicos gratuitos orientados a ni\u00f1os, ni\u00f1as y j\u00f3venes. En estas actividades se explica, entre otras cosas, la importancia del reciclaje y la reutilizaci\u00f3n de desechos no biodegradables, d\u00e1ndoles un nuevo uso a trav\u00e9s de la creatividad y la imaginaci\u00f3n.<\/p>\n<p style=\"text-align: justify;\">Durante 2013 la entidad comenz\u00f3 el a\u00f1o con una jornada del taller  Ecoimaginaci\u00f3n, donde los participantes pudieron crear sus propios personajes usando como base un ecoladrillo.<\/p>\n<p style=\"text-align: justify;\"><strong><span style=\"color: #000080;\">Sobre Casa Museo Eduardo Frei Montalva<\/span><\/strong><br \/>\nLa \u00fanica Casa Museo de un ex Mandatario chileno abri\u00f3 sus puertas el 12 de mayo de 2008 e invita a  adentrarse en el estilo de vida de una familia tradicional de los a\u00f1os \u201860. En ella se aplic\u00f3 un concepto museogr\u00e1fico que no ocupa vitrinas, lo que permite apreciar de manera m\u00e1s cercana el cotidiano familiar de la \u00e9poca, a trav\u00e9s de la conservaci\u00f3n del mobiliario original.<\/p>\n<p style=\"text-align: justify;\">En la casa se pueden encontrar m\u00e1s de 350 objetos patrimoniales e hist\u00f3ricos, que forman parte de la colecci\u00f3n permanente del lugar, como por ejemplo una biblioteca personal, vestuario de los a\u00f1os \u201860, e incluso fragmentos de piedra lunar tra\u00eddos de regalo por los primeros astronautas que estuvieron en la Luna en 1969. A esto se suma un archivo fotogr\u00e1fico con m\u00e1s de 8.000 im\u00e1genes, otro hist\u00f3rico con m\u00e1s de 9.000 documentos, que contiene correspondencia, tratados, discursos, entre otros.<\/p>\n<p style=\"text-align: justify;\"><strong><span style=\"color: #000080;\">Sobre la Hora del Planeta<\/span><\/strong><br \/>\nLa Hora del Planeta empez\u00f3 en una sola ciudad en 2007 y en 2012 participaron cientos de millones de personas en 152 pa\u00edses en cada continente. Fue se\u00f1alada como \u201cla campa\u00f1a m\u00e1s grande del mundo para el planeta\u201d. En Chile, La Hora del Planeta es convocada por WWF Chile, el Ministerio del Medio Ambiente y CECADES.<\/p>\n<p style=\"text-align: justify;\">\n<p><div id=\"attachment_8594\" style=\"width: 510px\" class=\"wp-caption aligncenter\"><a href=\"http:\/\/chile.panda.org\/que_hacemos\/lahoradelplaneta\/\" target=\"_blank\" rel=\"noopener\"><img loading=\"lazy\" decoding=\"async\" aria-describedby=\"caption-attachment-8594\" class=\"size-full wp-image-8594\" title=\"HORAPLANETA\" src=\"http:\/\/www.casamuseoeduardofrei.cl\/wp-content\/uploads\/2013\/03\/HORAPLANETA.jpg\" alt=\"Afiche La Hora del Planeta 2013\" width=\"500\" height=\"639\" \/><\/a><p id=\"caption-attachment-8594\" class=\"wp-caption-text\">Afiche La Hora del Planeta 2013<\/p><\/div><\/p>","protected":false},"excerpt":{"rendered":"<p class=\"qtranxs-available-languages-message qtranxs-available-languages-message-en\">Sorry, this entry is only available in <a href=\"https:\/\/www.casamuseoeduardofrei.cl\/es\/wp-json\/wp\/v2\/posts\/8591\" class=\"qtranxs-available-language-link qtranxs-available-language-link-es\" title=\"Espa\u00f1ol\">Espa\u00f1ol<\/a>.<\/p>\n","protected":false},"author":4,"featured_media":17830,"comment_status":"open","ping_status":"open","sticky":false,"template":"","format":"standard","meta":{"_acf_changed":false,"footnotes":""},"categories":[11,14],"tags":[23,21,329],"class_list":["post-8591","post","type-post","status-publish","format-standard","has-post-thumbnail","hentry","category-destacados","category-noticias","tag-ecologia","tag-la-hora-del-planeta","tag-wwf"],"acf":[],"_links":{"self":[{"href":"https:\/\/www.casamuseoeduardofrei.cl\/en\/wp-json\/wp\/v2\/posts\/8591","targetHints":{"allow":["GET"]}}],"collection":[{"href":"https:\/\/www.casamuseoeduardofrei.cl\/en\/wp-json\/wp\/v2\/posts"}],"about":[{"href":"https:\/\/www.casamuseoeduardofrei.cl\/en\/wp-json\/wp\/v2\/types\/post"}],"author":[{"embeddable":true,"href":"https:\/\/www.casamuseoeduardofrei.cl\/en\/wp-json\/wp\/v2\/users\/4"}],"replies":[{"embeddable":true,"href":"https:\/\/www.casamuseoeduardofrei.cl\/en\/wp-json\/wp\/v2\/comments?post=8591"}],"version-history":[{"count":4,"href":"https:\/\/www.casamuseoeduardofrei.cl\/en\/wp-json\/wp\/v2\/posts\/8591\/revisions"}],"predecessor-version":[{"id":17833,"href":"https:\/\/www.casamuseoeduardofrei.cl\/en\/wp-json\/wp\/v2\/posts\/8591\/revisions\/17833"}],"wp:featuredmedia":[{"embeddable":true,"href":"https:\/\/www.casamuseoeduardofrei.cl\/en\/wp-json\/wp\/v2\/media\/17830"}],"wp:attachment":[{"href":"https:\/\/www.casamuseoeduardofrei.cl\/en\/wp-json\/wp\/v2\/media?parent=8591"}],"wp:term":[{"taxonomy":"category","embeddable":true,"href":"https:\/\/www.casamuseoeduardofrei.cl\/en\/wp-json\/wp\/v2\/categories?post=8591"},{"taxonomy":"post_tag","embeddable":true,"href":"https:\/\/www.casamuseoeduardofrei.cl\/en\/wp-json\/wp\/v2\/tags?post=8591"}],"curies":[{"name":"wp","href":"https:\/\/api.w.org\/{rel}","templated":true}]}}