{"id":8518,"date":"2014-01-30T09:40:02","date_gmt":"2014-01-30T13:40:02","guid":{"rendered":"http:\/\/www.casamuseoeduardofrei.cl\/?p=8518"},"modified":"2014-01-30T09:40:02","modified_gmt":"2014-01-30T13:40:02","slug":"receso-de-febrero","status":"publish","type":"post","link":"https:\/\/www.casamuseoeduardofrei.cl\/en\/receso-de-febrero\/","title":{"rendered":"Receso de Febrero"},"content":{"rendered":"<p>Como cada a\u00f1o, a trav\u00e9s de esta v\u00eda les recordamos que <strong>Casa Museo Eduardo Frei Montalva<\/strong> permanecer\u00e1 cerrada durante el mes de febrero, por motivo de las vacaciones del personal y para realizar \u00a0labores anuales de mantenci\u00f3n.<\/p>\n<p>El s\u00e1bado 1 de marzo retomaremos el horario habitual, de martes a domingo, de 10:00 a 18:00 horas. Para m\u00e1s informaci\u00f3n los invitamos de visitar nuestra p\u00e1gina con <a href=\"http:\/\/www.casamuseoeduardofrei.cl\/2009\/04\/informacion-al-visitante\/\" target=\"_blank\">informaci\u00f3n al visitante.<\/a><\/p>\n","protected":false},"excerpt":{"rendered":"<p>Como cada a\u00f1o, a trav\u00e9s de esta v\u00eda les recordamos que Casa Museo Eduardo Frei Montalva permanecer\u00e1 cerrada durante el mes de febrero, por motivo de las vacaciones del personal y para realizar \u00a0labores anuales de mantenci\u00f3n. El s\u00e1bado 1 de marzo retomaremos el horario habitual, de martes a domingo, de 10:00 a 18:00 horas. [&hellip;]<\/p>\n","protected":false},"author":4,"featured_media":0,"comment_status":"closed","ping_status":"closed","sticky":false,"template":"","format":"standard","meta":{"_acf_changed":false,"footnotes":""},"categories":[14],"tags":[311,289],"class_list":["post-8518","post","type-post","status-publish","format-standard","hentry","category-noticias","tag-aviso","tag-casa-museo-eduardo-frei-montalva"],"acf":[],"_links":{"self":[{"href":"https:\/\/www.casamuseoeduardofrei.cl\/en\/wp-json\/wp\/v2\/posts\/8518","targetHints":{"allow":["GET"]}}],"collection":[{"href":"https:\/\/www.casamuseoeduardofrei.cl\/en\/wp-json\/wp\/v2\/posts"}],"about":[{"href":"https:\/\/www.casamuseoeduardofrei.cl\/en\/wp-json\/wp\/v2\/types\/post"}],"author":[{"embeddable":true,"href":"https:\/\/www.casamuseoeduardofrei.cl\/en\/wp-json\/wp\/v2\/users\/4"}],"replies":[{"embeddable":true,"href":"https:\/\/www.casamuseoeduardofrei.cl\/en\/wp-json\/wp\/v2\/comments?post=8518"}],"version-history":[{"count":0,"href":"https:\/\/www.casamuseoeduardofrei.cl\/en\/wp-json\/wp\/v2\/posts\/8518\/revisions"}],"wp:attachment":[{"href":"https:\/\/www.casamuseoeduardofrei.cl\/en\/wp-json\/wp\/v2\/media?parent=8518"}],"wp:term":[{"taxonomy":"category","embeddable":true,"href":"https:\/\/www.casamuseoeduardofrei.cl\/en\/wp-json\/wp\/v2\/categories?post=8518"},{"taxonomy":"post_tag","embeddable":true,"href":"https:\/\/www.casamuseoeduardofrei.cl\/en\/wp-json\/wp\/v2\/tags?post=8518"}],"curies":[{"name":"wp","href":"https:\/\/api.w.org\/{rel}","templated":true}]}}