{"id":8363,"date":"2012-11-08T13:16:11","date_gmt":"2012-11-08T17:16:11","guid":{"rendered":"http:\/\/www.casamuseoeduardofrei.cl\/?p=8363"},"modified":"2012-11-08T13:16:11","modified_gmt":"2012-11-08T17:16:11","slug":"chile-en-dos-epocas-desde-la-perspectiva-de-frei-montalva","status":"publish","type":"post","link":"https:\/\/www.casamuseoeduardofrei.cl\/en\/chile-en-dos-epocas-desde-la-perspectiva-de-frei-montalva\/","title":{"rendered":"Chile en dos \u00e9pocas, desde la perspectiva de Eduardo Frei Montalva"},"content":{"rendered":"<p style=\"text-align: justify; \">La mirada de Eduardo Frei Montalva en dos periodos de su vida, 1937 y 1975, qued\u00f3 plasmada en sus obras: &#8220;Chile Desconocido&#8221; y &#8220;El Mandato de la Historia y las Exigencias del Porvenir&#8221;, que Casa Museo EFM reedit\u00f3 y lanz\u00f3 en el marco de la 32\u00b0 versi\u00f3n de la Feria Internacional del Libro de Santiago, el lunes 5 de noviembre.<!--more--><\/p>\n<p style=\"text-align: justify; \">El lunes 5 de noviembre, en la Sala Camilo Mori del Centro Cultural Estaci\u00f3n Mapocho, <strong>Casa Museo Eduardo Frei Montalva<\/strong> lanz\u00f3 las reediciones de dos libros del ex Mandatario: \u201cChile Desconocido\u201d (1937) y \u201cEl Mandato de la Historia y las Exigencias del Porvenir\u201d (1975), que presentan la mirada del estadista en dos momentos de su vida.<\/p>\n<p style=\"text-align: justify; \">El evento se enmarc\u00f3 en la <span style=\"text-align: justify;\">32\u00b0 Feria Internacional del Libro de Santiago, y <\/span>cont\u00f3 con la presencia del Senador Eduardo Frei Ruiz-Tagle, de la Directora de Casa Museo EFM, Magdalena Frei Larraechea, y de los autores de los pr\u00f3logos de las nuevas ediciones: el Alcalde de Pe\u00f1alol\u00e9n Claudio Orrego Larra\u00edn, y el Obispo de Rancagua y Vicepresidente de la Conferencia Episcopal de Chile, Monse\u00f1or Alejandro Goic Karmelic.<\/p>\n<p style=\"text-align: justify; \"><span style=\"text-align: justify;\">La encargada de comenzar esta actividad fue la Subdirectora de<strong> Casa Museo Eduardo Frei Montalva<\/strong>, Maite Gallego Bret\u00f3n, quien habl\u00f3 en representaci\u00f3n del equipo de dicha entidad. \u201cEste es un proyecto organizado por Casa Museo, acorde a su misi\u00f3n fundacional, es decir, difundir la personalidad, estilo de vida y vocaci\u00f3n de servicio p\u00fablico de Eduardo Frei Montalva. Creemos que el pensamiento y reflexiones de este gran estadista nacional, no pierden lucidez y relevancia en el acontecer actual, y representan un gran aporte, especialmente a las generaciones que no lo conocieron personalmente, particularmente ni\u00f1os, ni\u00f1as y  j\u00f3venes\u201d, concluy\u00f3 la Subdirectora de Casa Museo.<\/span><\/p>\n<p style=\"text-align: justify; \"><span style=\"text-align: justify;\"><br \/>\n<\/span><\/p>\n<p style=\"text-align: justify; \"><span style=\"text-align: justify;\"><strong><span style=\"color: #000080;\">Un aporte al momento actual de la pol\u00edtica chilena<\/span><\/strong><\/span><\/p>\n<p style=\"text-align: justify; \">\n<div id=\"attachment_8371\" style=\"width: 310px\" class=\"wp-caption alignleft\"><a href=\"http:\/\/www.casamuseoeduardofrei.cl\/wp-content\/uploads\/2012\/11\/imageb_lanzamiento0203.jpg\" data-rel=\"lightbox-image-0\" data-rl_title=\"\" data-rl_caption=\"\"><img loading=\"lazy\" decoding=\"async\" aria-describedby=\"caption-attachment-8371\" class=\"size-full wp-image-8371\" title=\"\" src=\"http:\/\/www.casamuseoeduardofrei.cl\/wp-content\/uploads\/2012\/11\/imageb_lanzamiento0203.jpg\" alt=\"Mesa principal con los oradores del evento. \" width=\"300\" height=\"225\" \/><\/a><p id=\"caption-attachment-8371\" class=\"wp-caption-text\">Mesa principal con los oradores del evento. <\/p><\/div>\n<p>En \u201cChile Desconocido\u201d, el ex Mandatario presenta su visi\u00f3n frente a un pa\u00eds en busca de sus ra\u00edces, desarrollo y futuro. El encargado de prologar la nueva edici\u00f3n fue el Obispo de Rancagua y Vicepresidente de la Conferencia Episcopal de Chile, Monse\u00f1or Alejandro Goic Karmelic, quien plantea que \u201cal releer este libro fundacional podemos exclamar: \u00a1Cu\u00e1nto hemos avanzado en estas siete d\u00e9cadas en Chile! \u201cPero tambi\u00e9n es v\u00e1lida esta expresi\u00f3n: \u00a1Cu\u00e1nto nos falta a\u00fan por caminar en nuestro pa\u00eds en la b\u00fasqueda de soluciones y en propuestas de un desarrollo humano, integral y aut\u00e9ntico!\u201d, manifest\u00f3.<\/p>\n<p style=\"text-align: justify; \">Por otro lado, \u201cEl Mandato de la Historia y las Exigencias del Porvenir\u201d, publicado casi 40 a\u00f1os despu\u00e9s de su primer libro, plantea su visi\u00f3n frente a los procesos pol\u00edticos y sociales que ocurr\u00edan en la \u00e9poca. \u00c9l mismo lo manifiesta al inicio de la obra: \u201cCon mucha frecuencia se me formula la pregunta \u2018\u00bfQu\u00e9 piensa usted sobre la situaci\u00f3n de Chile?\u2019 Esta es mi respuesta\u201d.<\/p>\n<p style=\"text-align: justify; \">La reedici\u00f3n cuenta con el pr\u00f3logo del actual\u00a0Alcalde de Pe\u00f1alol\u00e9n, Claudio Orrego Larra\u00edn, quien afirm\u00f3 en la actividad que &#8220;es parad\u00f3jico lanzar este libro en medio de un escenario complejo para la pol\u00edtica, con una abstenci\u00f3n del 60% en la ciudadan\u00eda en las \u00faltimas votaciones municipales (&#8230;) El desaf\u00edo ahora es entregar mejores pol\u00edticos, y este libro nos ayuda en esa tarea (&#8230;) Este libro nos presenta parte de la vida y alma de alguien que es mucho m\u00e1s que un pol\u00edtico, sino que era alguien que hab\u00eda asumido la pol\u00edtica como parte de su propia alma&#8221;, afirm\u00f3.<\/p>\n<div id=\"attachment_8372\" style=\"width: 310px\" class=\"wp-caption alignright\"><a href=\"http:\/\/www.casamuseoeduardofrei.cl\/wp-content\/uploads\/2012\/11\/imageb_lanzamiento0204.jpg\" data-rel=\"lightbox-image-1\" data-rl_title=\"\" data-rl_caption=\"\"><img loading=\"lazy\" decoding=\"async\" aria-describedby=\"caption-attachment-8372\" class=\"size-full wp-image-8372\" title=\"\" src=\"http:\/\/www.casamuseoeduardofrei.cl\/wp-content\/uploads\/2012\/11\/imageb_lanzamiento0204.jpg\" alt=\"Firma de libros.\" width=\"300\" height=\"225\" \/><\/a><p id=\"caption-attachment-8372\" class=\"wp-caption-text\">Firma de libros.<\/p><\/div>\n<p style=\"text-align: justify; \">Para cerrar la actividad, Eduardo Frei Ruiz-Tagle y Monse\u00f1or Alejandro Goic Karmelic firmaron los ejemplares de ambos libros, que fueron obsequiados a las cerca de 120 personas que asistieron al lanzamiento.<\/p>\n<p style=\"text-align: justify; \">Finalmente, el hijo del ex mandatario, el Senador Eduardo Frei Ruiz-Tagle coincidi\u00f3 en la importancia del aporte de ambos libros a la actual reflexi\u00f3n pol\u00edtica: \u201cHay una demanda por formaci\u00f3n c\u00edvica, al final, la gente no fue a votar porque desconocen lo que es el servicio p\u00fablico, lo que es la pol\u00edtica. Esto es un aporte y por eso lo hemos querido presentar en este momento, porque es un aporte a la reflexi\u00f3n pol\u00edtica que Chile necesita\u201d, concluy\u00f3.<\/p>\n","protected":false},"excerpt":{"rendered":"<p>La mirada de Eduardo Frei Montalva en dos periodos de su vida, 1937 y 1975, qued\u00f3 plasmada en sus obras: &#8220;Chile Desconocido&#8221; y &#8220;El Mandato de la Historia y las Exigencias del Porvenir&#8221;, que Casa Museo EFM reedit\u00f3 y lanz\u00f3 en el marco de la 32\u00b0 versi\u00f3n de la Feria Internacional del Libro de Santiago, [&hellip;]<\/p>\n","protected":false},"author":4,"featured_media":0,"comment_status":"open","ping_status":"open","sticky":false,"template":"","format":"standard","meta":{"_acf_changed":false,"footnotes":""},"categories":[14],"tags":[46,309,315,146],"class_list":["post-8363","post","type-post","status-publish","format-standard","hentry","category-noticias","tag-eduardo-frei-montalva","tag-feria-internacional-del-slibro-de-santiago-filsa-2012","tag-filsa-2012","tag-libros"],"acf":[],"_links":{"self":[{"href":"https:\/\/www.casamuseoeduardofrei.cl\/en\/wp-json\/wp\/v2\/posts\/8363","targetHints":{"allow":["GET"]}}],"collection":[{"href":"https:\/\/www.casamuseoeduardofrei.cl\/en\/wp-json\/wp\/v2\/posts"}],"about":[{"href":"https:\/\/www.casamuseoeduardofrei.cl\/en\/wp-json\/wp\/v2\/types\/post"}],"author":[{"embeddable":true,"href":"https:\/\/www.casamuseoeduardofrei.cl\/en\/wp-json\/wp\/v2\/users\/4"}],"replies":[{"embeddable":true,"href":"https:\/\/www.casamuseoeduardofrei.cl\/en\/wp-json\/wp\/v2\/comments?post=8363"}],"version-history":[{"count":0,"href":"https:\/\/www.casamuseoeduardofrei.cl\/en\/wp-json\/wp\/v2\/posts\/8363\/revisions"}],"wp:attachment":[{"href":"https:\/\/www.casamuseoeduardofrei.cl\/en\/wp-json\/wp\/v2\/media?parent=8363"}],"wp:term":[{"taxonomy":"category","embeddable":true,"href":"https:\/\/www.casamuseoeduardofrei.cl\/en\/wp-json\/wp\/v2\/categories?post=8363"},{"taxonomy":"post_tag","embeddable":true,"href":"https:\/\/www.casamuseoeduardofrei.cl\/en\/wp-json\/wp\/v2\/tags?post=8363"}],"curies":[{"name":"wp","href":"https:\/\/api.w.org\/{rel}","templated":true}]}}