{"id":8076,"date":"2012-07-20T15:45:11","date_gmt":"2012-07-20T19:45:11","guid":{"rendered":"http:\/\/www.casamuseoeduardofrei.cl\/?p=8076"},"modified":"2012-07-20T15:45:11","modified_gmt":"2012-07-20T19:45:11","slug":"ciclo-de-cine-en-casa-museo-efm-influencias-europeas-del-cine-chileno-de-los-anos-60","status":"publish","type":"post","link":"https:\/\/www.casamuseoeduardofrei.cl\/en\/ciclo-de-cine-en-casa-museo-efm-influencias-europeas-del-cine-chileno-de-los-anos-60\/","title":{"rendered":"Ciclo de cine: &#8220;Influencias europeas del cine chileno de los a\u00f1os \u201860&#8221;"},"content":{"rendered":"<p><strong>Casa Museo EFM <\/strong> invita todos los s\u00e1bados de agosto a disfrutar de pel\u00edculas europeas que marcaron tendencia en destacados cineastas nacionales de la \u00e9poca. Entrada liberada (subt\u00edtulos en espa\u00f1ol).<!--more--><\/p>\n<p><strong>Casa Museo Eduardo Frei Montalva <\/strong>en conjunto con la Cineteca Nacional de Chile invitan al Ciclo de Cine &#8220;Influencias europeas del cine chileno de los a\u00f1os \u201860&#8221;,  durante todos los s\u00e1bados de agosto. La actividad tiene entrada liberada y presenta una selecci\u00f3n de pel\u00edculas representativas de tres cineastas europeos de mediados del siglo XX: Vittorio de Sica, Federico Fellini y Alain Resnais.<\/p>\n<p>La cinta encargada de inaugurar estos encuentros, el s\u00e1bado 4 de agosto, es \u201cEl Ladr\u00f3n de Bicicletas\u201d (1948), premiada obra del italiano Vittorio de Sica. Basada en el libro hom\u00f3nimo de Luigi Bartolini, de 1945, sus personajes muestran la devastada Italia de la posguerra a trav\u00e9s de la historia de un padre y su hijo, quienes emprenden un viaje por Roma en busca de la persona que amenaz\u00f3 su fuente de trabajo al robarles la bicicleta. La combinaci\u00f3n de detalles cotidianos e im\u00e1genes po\u00e9ticas le signific\u00f3 el Oscar a la Mejor Pel\u00edcula Extranjera en 1949.<\/p>\n<p>La programaci\u00f3n contin\u00faa el s\u00e1bado 11 de agosto con \u201cLa Dolce Vita\u201d, de Federico Fellini (1960), seguida por \u201cHiroshima Mon Amour\u201d, de Alain Resnais (1959), el s\u00e1bado 18 de agosto. El ciclo concluye el 25 de agosto con la comedia italiana \u201cAyer, hoy ma\u00f1ana\u201d, de Vittorio de Sica (1963).<\/p>\n<div id=\"attachment_8085\" style=\"width: 310px\" class=\"wp-caption alignleft\"><a href=\"http:\/\/www.casamuseoeduardofrei.cl\/wp-content\/uploads\/2012\/07\/imagenborde_dolce1.jpg\" data-rel=\"lightbox-image-0\" data-rl_title=\"\" data-rl_caption=\"\"><img loading=\"lazy\" decoding=\"async\" aria-describedby=\"caption-attachment-8085\" class=\"size-full wp-image-8085\" title=\"\" src=\"http:\/\/www.casamuseoeduardofrei.cl\/wp-content\/uploads\/2012\/07\/imagenborde_dolce1.jpg\" alt=\"La Dolce Vita\" width=\"300\" height=\"225\" \/><\/a><p id=\"caption-attachment-8085\" class=\"wp-caption-text\">La Dolce Vita<\/p><\/div>\n<p>Las pel\u00edculas se exhibir\u00e1n a las 17:00 hrs. en la sala audiovisual de Casa Museo Eduardo Frei Montalva (Hindenburg 683, Barrio Italia, Providencia). El espacio cuenta con ambiente calefaccionado y la entrada es liberada.<\/p>\n<p>Este ciclo de cine forma parte de las actividades culturales organizadas por el \u00e1rea de extensi\u00f3n de Casa Museo, y cuenta con el apoyo de la Cineteca Nacional, el Instituto Italiano y la Embajada de Francia en Chile.<\/p>\n<p>Puede revisar aqu\u00ed el <a href=\"http:\/\/www.casamuseoeduardofrei.cl\/2012\/07\/programa-ciclo-de-cine-influencias-europeas-del-cine-chileno-de-los-anos-%E2%80%9860\/\" target=\"_blank\">Programa Completo <\/a>con las rese\u00f1as de las pel\u00edculas que se exhibir\u00e1n.<\/p>\n<table border=\"1\" cellspacing=\"0\" cellpadding=\"0\">\n<tbody>\n<tr>\n<td width=\"576\" valign=\"top\"><strong>Ciclo de cine   &#8220;Influencias europeas del cine chileno de los a\u00f1os \u201860&#8221;<\/strong><\/p>\n<p><strong>Fechas:<\/strong><\/p>\n<p>4 de agosto: \u201cEl Ladr\u00f3n de Bicicletas\u201d, Vittorio de Sica   (1948).<\/p>\n<p>11 de agosto: \u201cLa Dolce Vita\u201d, Federico Fellini (1960).<\/p>\n<p>18 de agosto: \u201cHiroshima Mon Amour\u201d, Alain Resnais (1959).<\/p>\n<p>25 de agosto: \u201cAyer, hoy ma\u00f1ana\u201d, Vittorio de Sica (1963).<\/p>\n<p><strong>Lugar:<\/strong> Casa Museo Eduardo Frei Montalva.   Hindenburg 683, Barrio Italia, Providencia.<\/p>\n<p>Horario: A partir de las 17:00 hrs.<\/p>\n<p>Ambiente calefaccionado y entrada Liberada<\/p>\n<p><strong><em> <\/em><\/strong><\/p>\n<p>M\u00e1s   informaciones en: <a href=\"mailto:contacto@casamuseoeduardofrei.cl\">contacto@casamuseoeduardofrei.cl<\/a> \/ (02) 881 86 74<\/td>\n<\/tr>\n<\/tbody>\n<\/table>\n","protected":false},"excerpt":{"rendered":"<p>Casa Museo EFM invita todos los s\u00e1bados de agosto a disfrutar de pel\u00edculas europeas que marcaron tendencia en destacados cineastas nacionales de la \u00e9poca. Entrada liberada (subt\u00edtulos en espa\u00f1ol).<\/p>\n","protected":false},"author":4,"featured_media":0,"comment_status":"open","ping_status":"open","sticky":false,"template":"","format":"standard","meta":{"_acf_changed":false,"footnotes":""},"categories":[14],"tags":[26,262,200],"class_list":["post-8076","post","type-post","status-publish","format-standard","hentry","category-noticias","tag-actividades-de-extension","tag-ciclo-de-cine","tag-entrada-liberada"],"acf":[],"_links":{"self":[{"href":"https:\/\/www.casamuseoeduardofrei.cl\/en\/wp-json\/wp\/v2\/posts\/8076","targetHints":{"allow":["GET"]}}],"collection":[{"href":"https:\/\/www.casamuseoeduardofrei.cl\/en\/wp-json\/wp\/v2\/posts"}],"about":[{"href":"https:\/\/www.casamuseoeduardofrei.cl\/en\/wp-json\/wp\/v2\/types\/post"}],"author":[{"embeddable":true,"href":"https:\/\/www.casamuseoeduardofrei.cl\/en\/wp-json\/wp\/v2\/users\/4"}],"replies":[{"embeddable":true,"href":"https:\/\/www.casamuseoeduardofrei.cl\/en\/wp-json\/wp\/v2\/comments?post=8076"}],"version-history":[{"count":0,"href":"https:\/\/www.casamuseoeduardofrei.cl\/en\/wp-json\/wp\/v2\/posts\/8076\/revisions"}],"wp:attachment":[{"href":"https:\/\/www.casamuseoeduardofrei.cl\/en\/wp-json\/wp\/v2\/media?parent=8076"}],"wp:term":[{"taxonomy":"category","embeddable":true,"href":"https:\/\/www.casamuseoeduardofrei.cl\/en\/wp-json\/wp\/v2\/categories?post=8076"},{"taxonomy":"post_tag","embeddable":true,"href":"https:\/\/www.casamuseoeduardofrei.cl\/en\/wp-json\/wp\/v2\/tags?post=8076"}],"curies":[{"name":"wp","href":"https:\/\/api.w.org\/{rel}","templated":true}]}}