{"id":7880,"date":"2012-06-01T11:11:43","date_gmt":"2012-06-01T15:11:43","guid":{"rendered":"http:\/\/www.casamuseoeduardofrei.cl\/?p=7880"},"modified":"2018-01-19T13:46:30","modified_gmt":"2018-01-19T16:46:30","slug":"vida-cotidiana-de-las-mujeres-de-la-familia-frei-ruiz-tagle","status":"publish","type":"post","link":"https:\/\/www.casamuseoeduardofrei.cl\/en\/vida-cotidiana-de-las-mujeres-de-la-familia-frei-ruiz-tagle\/","title":{"rendered":"Objeto del mes: Vida cotidiana de las mujeres de la familia Frei Ruiz-Tagle"},"content":{"rendered":"<p>Si bien gran parte de la colecci\u00f3n y espacios de la<strong> Casa Museo Eduardo Frei Montalva<\/strong>, hablan de la vida y obras del ex Mandatario, el inmueble fue tambi\u00e9n el hogar de una familia de siete hijos, tres hombres y cuatro mujeres. <!--more-->Mar\u00eda Ruiz-Tagle y sus hijas (Irene, Carmen, Isabel Margarita y M\u00f3nica) dejaron su huella en el lugar, testimonios que nos permiten reconocer la vida cotidiana de algunas mujeres de mediados del siglo XX.<\/p>\n<p>Para contextualizar la \u00e9poca, cabe se\u00f1alar que en el per\u00edodo 1955 \u2013 1960, el promedio de hijos nacidos vivos era de 5,2 por mujer (en la actualidad no alcanza los dos hijos). En este mismo tramo de tiempo, las mujeres econ\u00f3micamente activas promediaban el 20%, cifra que casi se ha duplicado en el presente.<\/p>\n<p>Mar\u00eda Ruiz \u2013 Tagle se cas\u00f3 en 1935, a los 19 a\u00f1os de edad. Nada extra\u00f1o para la \u00e9poca, ya que pocas mujeres ve\u00edan su futuro en la educaci\u00f3n superior o en el mundo laboral.<\/p>\n<p>La mayor\u00eda de las casas de clase media y alta ten\u00edan como jefe de hogar al padre, encargado de proveer lo necesario para satisfacer las necesidades de la familia, mientras que las madres ten\u00edan por misi\u00f3n criar a los hijos y ocuparse de las labores dom\u00e9sticas.<\/p>\n<p>Las hijas de Eduardo Frei Montalva estudiaron en el Colegio Universitario Ingl\u00e9s. A diferencia de su madre, las cuatro fueron a la universidad, donde estudiaron carreras tradicionalmente asociadas a lo femenino: Irene (1936) estudi\u00f3 Historia y Geograf\u00eda, Carmen (1938) P\u00e1rvulos, Isabel Margarita (1940) Educaci\u00f3n Familiar y M\u00f3nica (1943) Secretariado.<\/p>\n<p><strong><span style=\"color: #0000ff;\">Moda y costumbres femeninas de una \u00e9poca<\/span><\/strong><\/p>\n<div id=\"attachment_7884\" style=\"width: 310px\" class=\"wp-caption alignleft\"><a href=\"http:\/\/www.casamuseoeduardofrei.cl\/wp-content\/uploads\/2012\/06\/OJjunio_imagenborde02.jpg\" data-rel=\"lightbox-image-0\" data-rl_title=\"\" data-rl_caption=\"\"><img loading=\"lazy\" decoding=\"async\" aria-describedby=\"caption-attachment-7884\" class=\"size-full wp-image-7884\" title=\"\" src=\"http:\/\/www.casamuseoeduardofrei.cl\/wp-content\/uploads\/2012\/06\/OJjunio_imagenborde02.jpg\" alt=\"Polvera\" width=\"300\" height=\"225\" \/><\/a><p id=\"caption-attachment-7884\" class=\"wp-caption-text\">Polvera<\/p><\/div>\n<p>En Casa Museo se conserva parte de la vestimenta utilizada por la ex Primera Dama durante el per\u00edodo de gobierno democratacristiano (1964 \u2013 1970). Los vestidos para fiestas y ocasiones formales destacan por el uso del dorado y brillantes, adem\u00e1s de perlas y mostacillas bordabas, labor realizada por costureras que importaban materiales desde Argentina y Espa\u00f1a. Tambi\u00e9n sombreros y abrigos de piel acompa\u00f1aban a las damas en fiestas y eventos sociales, porque si bien hoy las pieles representan un tema conflictivo, en los \u201860 toda se\u00f1ora aspiraba a tener un buen accesorio de ese material.<\/p>\n<p>A partir de la d\u00e9cada de 1960 los conjuntos de pollera y sweater, y vestidos con chaquetas, se popularizaron entre la juventud chilena, tal como podemos observar en las fotograf\u00edas de las hijas del matrimonio Frei Ruiz \u2013 Tagle. Pero la prenda que marc\u00f3 la moda y las miradas de la \u00e9poca fue indiscutiblemente la minifalda.<\/p>\n<p>Adem\u00e1s, todas las mujeres de la casa asist\u00edan semanalmente a la peluquer\u00eda, ubicada a pocas cuadras de la casa. Los peinados altos y escarmenados eran la tendencia de entonces.<\/p>\n<p>Las revistas femeninas como Eva y Margarita presentaban consejos de moda para diversos momentos del a\u00f1o como \u201clos d\u00edas calurosos\u201d y para \u201cvestir a los ni\u00f1os en las vacaciones\u201d, adem\u00e1s de consejos de cocina, costura y crianza de los hijos, y por supuesto de vida social, siendo los t\u00e9s de se\u00f1oras y los estrenos en sociedad de las adolescentes las secciones m\u00e1s cotizadas. La llegada de la revista Paula en 1967, trae consigo la inclusi\u00f3n de temas relacionados a la mujer moderna y por primera vez, editoriales de moda hechas en Chile (1).<\/p>\n<p>En cuanto a las materias primas, si bien durante estos a\u00f1os comienza a comercializarse en el pa\u00eds gran cantidad de ropa proveniente de Estados Unidos, el proceso de sustituci\u00f3n de importaciones signific\u00f3 la promoci\u00f3n desde el Estado de la industria textil nacional, la que satisfac\u00eda m\u00e1s del 90% del mercado interno (2).  Los Centros de Madres (CEMA), promovidos por el proceso de Promoci\u00f3n Popular durante el gobierno de Eduardo Frei Montalva, reunieron a mujeres pobladoras para ser capacitadas en diferentes oficios, entre ellos confecci\u00f3n, costura y tejido, permiti\u00e9ndoles ingresar al sistema productivo. Las escuelas t\u00e9cnicas del Ministerio de Educaci\u00f3n, se encargaron de complementar este proceso, y adicionalmente el Estado facilit\u00f3 el acceso a m\u00e1quinas de coser y de tejer a mujeres afiliadas a los Centros de Madres, llegando la compa\u00f1\u00eda Singer a tener una filial en Chile.<\/p>\n<div id=\"attachment_7885\" style=\"width: 310px\" class=\"wp-caption alignright\"><a href=\"http:\/\/www.casamuseoeduardofrei.cl\/wp-content\/uploads\/2012\/06\/OJjunio_imagenborde03.jpg\" data-rel=\"lightbox-image-3\" data-rl_title=\"\" data-rl_caption=\"\"><img loading=\"lazy\" decoding=\"async\" aria-describedby=\"caption-attachment-7885\" class=\"size-full wp-image-7885\" title=\"\" src=\"http:\/\/www.casamuseoeduardofrei.cl\/wp-content\/uploads\/2012\/06\/OJjunio_imagenborde03.jpg\" alt=\"Tijera de costura y Detente del Coraz\u00f3n de Jes\u00fas obsequiado a Mar\u00eda Ruiz-Tagle en un Centro de Madres.\" width=\"300\" height=\"225\" \/><\/a><p id=\"caption-attachment-7885\" class=\"wp-caption-text\">Tijera de costura y Detente del Coraz\u00f3n de Jes\u00fas obsequiado a Mar\u00eda Ruiz-Tagle en un Centro de Madres.<\/p><\/div>\n<p>La Primera Dama particip\u00f3 activamente en estas campa\u00f1as a trav\u00e9s de la Coordinadora de Centros de Madres (CEMA), visitando innumerables organizaciones y aportando con sus propios conocimientos, aprendidos en su hogar.<\/p>\n<p>Una vez que Eduardo Frei Montalva asumi\u00f3 como Presidente de Chile, destin\u00f3 una de las habitaciones de la casa como Sala de Vestir. Esto transform\u00f3 el dormitorio principal en un espacio protagonizado casi enteramente por Mar\u00eda Ruiz-Tagle. Esta huella es evidente hasta hoy al recorrer la Casa Museo, donde se pueden apreciar elementos como la cajonera utilizada como tocador, espejo de mano, tijera de costura, misal, abanicos, polveras de vidrio y un rosario obsequiado por el Papa Paulo VI, dando cuenta todos ellos de las costumbres de las mujeres de la casa.<\/p>\n<p>(1)  <a href=\"http:\/\/www.vistelacalle.com\/57356\/los-hitos-de-la-moda-chilena-por-pia-montalva\/\" target=\"_blank\">http:\/\/www.vistelacalle.com\/57356\/los-hitos-de-la-moda-chilena-por-pia-montalva\/<\/a><br \/>\n(2)  <a href=\"http:\/\/ehamuy.uchilefau.cl\/investigaciones\/moda\/1960.htm\" target=\"_blank\">http:\/\/ehamuy.uchilefau.cl\/investigaciones\/moda\/1960.htm<\/a><\/p>","protected":false},"excerpt":{"rendered":"<p>Sorry, this entry is only available in Espa\u00f1ol.<\/p>\n","protected":false},"author":4,"featured_media":10098,"comment_status":"open","ping_status":"open","sticky":false,"template":"","format":"standard","meta":{"_acf_changed":false,"footnotes":""},"categories":[287,14,15],"tags":[289,8],"class_list":["post-7880","post","type-post","status-publish","format-standard","has-post-thumbnail","hentry","category-general","category-noticias","category-objeto-del-mes","tag-casa-museo-eduardo-frei-montalva","tag-objeto-del-mes"],"acf":[],"_links":{"self":[{"href":"https:\/\/www.casamuseoeduardofrei.cl\/en\/wp-json\/wp\/v2\/posts\/7880","targetHints":{"allow":["GET"]}}],"collection":[{"href":"https:\/\/www.casamuseoeduardofrei.cl\/en\/wp-json\/wp\/v2\/posts"}],"about":[{"href":"https:\/\/www.casamuseoeduardofrei.cl\/en\/wp-json\/wp\/v2\/types\/post"}],"author":[{"embeddable":true,"href":"https:\/\/www.casamuseoeduardofrei.cl\/en\/wp-json\/wp\/v2\/users\/4"}],"replies":[{"embeddable":true,"href":"https:\/\/www.casamuseoeduardofrei.cl\/en\/wp-json\/wp\/v2\/comments?post=7880"}],"version-history":[{"count":3,"href":"https:\/\/www.casamuseoeduardofrei.cl\/en\/wp-json\/wp\/v2\/posts\/7880\/revisions"}],"predecessor-version":[{"id":12482,"href":"https:\/\/www.casamuseoeduardofrei.cl\/en\/wp-json\/wp\/v2\/posts\/7880\/revisions\/12482"}],"wp:featuredmedia":[{"embeddable":true,"href":"https:\/\/www.casamuseoeduardofrei.cl\/en\/wp-json\/wp\/v2\/media\/10098"}],"wp:attachment":[{"href":"https:\/\/www.casamuseoeduardofrei.cl\/en\/wp-json\/wp\/v2\/media?parent=7880"}],"wp:term":[{"taxonomy":"category","embeddable":true,"href":"https:\/\/www.casamuseoeduardofrei.cl\/en\/wp-json\/wp\/v2\/categories?post=7880"},{"taxonomy":"post_tag","embeddable":true,"href":"https:\/\/www.casamuseoeduardofrei.cl\/en\/wp-json\/wp\/v2\/tags?post=7880"}],"curies":[{"name":"wp","href":"https:\/\/api.w.org\/{rel}","templated":true}]}}