{"id":7546,"date":"2012-03-01T17:40:24","date_gmt":"2012-03-01T21:40:24","guid":{"rendered":"http:\/\/www.casamuseoeduardofrei.cl\/?p=7546"},"modified":"2018-01-19T13:44:13","modified_gmt":"2018-01-19T16:44:13","slug":"objeto-del-mes-la-incorporacion-de-la-mujer-en-la-agenda-social-objeto-del-mes-la-incorporacion-de-la-mujer-en-la-agenda-social-objeto-del-mes-la-incorporacion-de-la-mujer-en-la-agenda-social","status":"publish","type":"post","link":"https:\/\/www.casamuseoeduardofrei.cl\/en\/objeto-del-mes-la-incorporacion-de-la-mujer-en-la-agenda-social-objeto-del-mes-la-incorporacion-de-la-mujer-en-la-agenda-social-objeto-del-mes-la-incorporacion-de-la-mujer-en-la-agenda-social\/","title":{"rendered":"Objeto del mes: La incorporaci\u00f3n de la mujer en la agenda social"},"content":{"rendered":"<p><\/p>\n<p style=\"text-align: justify;\">Durante todo el mes de <strong>marzo<\/strong> y considerando las celebraciones del D\u00eda de la Mujer, se exhibir\u00e1n de manera especial fotograf\u00edas, documentos y objetos que pertenecieron al ex mandatario y que recuerdan la creaci\u00f3n de las primeras agrupaciones femeninas. Hindenburg 683, Barrio Italia, Providencia. ENTRADA LIBERADA.<!--more--><\/p>\n<p style=\"text-align: justify;\">Desde los tiempos de su campa\u00f1a presidencial, la mujer y las mejoras de su calidad de vida a nivel econ\u00f3mico, educacional y social, fueron parte de las pol\u00edticas p\u00fablicas del gobierno de <strong>Eduardo Frei Montalva<\/strong>, iniciando.<\/p>\n<p style=\"text-align: justify;\">\u201cDirigentes obreras y campesinas, pobladoras, ind\u00edgenas y due\u00f1as de casa. Estudiaron la importancia que tiene la mujer en el mundo de hoy y vieron c\u00f3mo ella pod\u00eda influir para que en nuestra patria la vida sea mejor, haya de todo y sin amarguras\u201d, anunciaba el programa de gobierno del ex Mandatario (1964 -1970) tras el \u201cCongreso de la Mujer Chilena\u201d realizado en Valpara\u00edso y que reuni\u00f3 a m\u00e1s de 5.000 mujeres, consider\u00e1ndolas el \u201calma de este gran movimiento\u201d.<\/p>\n<p style=\"text-align: justify;\">La importancia de la mujer en el gobierno de Eduardo Frei Montalva tambi\u00e9n se traduce a nivel familiar, a trav\u00e9s de su hermana, Irene Frei Montalva, y su esposa, Mar\u00eda Ruiz-Tagle. Ambas asumieron roles claves en la inclusi\u00f3n femenina a nivel pol\u00edtico y social.<\/p>\n<p style=\"text-align: justify;\">La motivaci\u00f3n por la pol\u00edtica de Irene Frei Montalva, quien lleg\u00f3 a ser Regidora (Consejal) por la Municipalidad de Santiago en 1963, junto a su constante apoyo desde las bases hasta la asistencia a congresos y encuentros ciudadanos fueron cruciales durante los tiempos de campa\u00f1a del ex Presidente. Precisamente cuando se encaminaba a un acto en la localidad de Navidad, sufre un accidente automovil\u00edstico el 15 de agosto de 1964, un mes antes de la elecci\u00f3n presidencial, lo que le impidi\u00f3 ver a su hermano como Presidente electo.<\/p>\n<p style=\"text-align: justify;\">El afecto que el ex mandatario ten\u00eda por Irene se refleja en una de las fotograf\u00edas que se conserva en la actual la Sala de Vestir de la Casa Museo y que este mes exhibimos. Asimismo, existen para los investigadores audio de sus discursos realizados durante la Campa\u00f1a de 1964, los que actualmente forman parte del Archivo Hist\u00f3rico de la Casa Museo.<\/p>\n<p style=\"text-align: justify;\"><strong>El rol activo de la Primera Dama<\/strong><\/p>\n<p style=\"text-align: justify;\">\n<div id=\"attachment_7556\" style=\"width: 190px\" class=\"wp-caption alignleft\"><a href=\"http:\/\/www.casamuseoeduardofrei.cl\/wp-content\/uploads\/2012\/03\/Foto_interior2.jpg\" data-rel=\"lightbox-image-0\" data-rl_title=\"\" data-rl_caption=\"\"><img loading=\"lazy\" decoding=\"async\" aria-describedby=\"caption-attachment-7556\" class=\"size-full wp-image-7556\" title=\"\" src=\"http:\/\/www.casamuseoeduardofrei.cl\/wp-content\/uploads\/2012\/03\/Foto_interior2.jpg\" alt=\"Sra. Mar\u00eda Ruiz-Tagle junto a mujeres de la \u00e9poca\" width=\"180\" height=\"269\" \/><\/a><p id=\"caption-attachment-7556\" class=\"wp-caption-text\">Sra. Mar\u00eda Ruiz-Tagle junto a mujeres de la \u00e9poca<\/p><\/div>\n<p>Al asumir la Presidencia del pa\u00eds, Eduardo Frei Montalva, delega en su esposa, <strong>Mar\u00eda Ruiz Tagle<\/strong>, el cargo de Primera Dama. Para ese entonces esta funci\u00f3n era de tipo protocolar, y el rol de la esposa del Presidente era acompa\u00f1arlo en actos oficiales junto con coordinar labores de ayuda social en el \u00e1mbito femenino.<\/p>\n<p style=\"text-align: justify;\">Al poco tiempo Mar\u00eda Ruiz- Tagle comienza a modernizar esta figura, siendo su principal obra la creaci\u00f3n de la Central Relacionadora de Centros de Madre, CEMA, en1965. Este organismo tuvo su origen en el \u201cRopero del Pueblo\u201d, que creara Graciela Letelier, esposa de Carlos Ib\u00e1\u00f1ez del Campo.<\/p>\n<p style=\"text-align: justify;\">La proyecci\u00f3n de CEMA fue creciendo y en 1966, a trav\u00e9s del Ministerio de Educaci\u00f3n, se crea el Instituto de Desarrollo Comunitario, IDECO, una instituci\u00f3n educacional de car\u00e1cter nacional, con el objetivo de capacitar laboralmente a las madres a trav\u00e9s de talleres y cursos de peluquer\u00eda, costura y econom\u00eda dom\u00e9stica.<\/p>\n<p style=\"text-align: justify;\">CEMA mostraba resultados concretos hacia 1970, en donde contabilizaba a m\u00e1s de 450.000 mujeres en 9.000 centros de madres. Muchas de ellas fueron recibidas por Mar\u00eda Ruiz-Tagle en el living de la Casa Museo junto a su esposo, mientras que en el dormitorio principal se conservan parte del vestuario que ella utilizaba en actos protocolares como Primera Dama.<\/p>\n<p style=\"text-align: justify;\">En 1969, el Presidente Frei Montalva crea la Comisi\u00f3n de Asuntos Femeninos, con el objetivo de elaborar un informe para la creaci\u00f3n de un organismo estatal que pudiera desarrollar e implementar pol\u00edticas gubernamentales en beneficio de la mujer. Las conclusiones de este informe, permitieron que meses despu\u00e9s se creara la Oficina Nacional de la Mujer, dependiente de la Secretar\u00eda General de la Presidencia.<\/p>\n<p style=\"text-align: justify;\">Una de las actividades importantes de esta entidad fue la organizaci\u00f3n del seminario \u201cLa mujer chilena frente al proceso de cambio\u201d, patrocinado por UNESCO (1970), que ubicaba a Chile en la modernidad internacional sobre las pol\u00edticas de g\u00e9nero. El seminario cont\u00f3 con la participaci\u00f3n de Angie Brooks, Presidenta de a Asamblea General de las Naciones Unidas, quien expuso sobre la \u201cCreciente Importancia de la Mujer en los Asuntos Internacionales\u201d.<\/p>\n<p style=\"text-align: justify;\">Brooks fue invitada de modo personal por el Presidente Frei Montalva y su esposa a desayunar en su casa de calle Hindenburg, manteniendo una conversaci\u00f3n posteriormente en el escritorio del segundo piso de la residencia, actualmente transformada en Museo.<\/p>\n<p style=\"text-align: justify;\">Quedan todos invitados a recordar las primeras pol\u00edticas de Estado en Chile que incorporaron a la mujer de manera activa, mejorando su calidad de vida y participaci\u00f3n ciudadana.<\/p>\n<ul>\n<li><span style=\"text-align: justify;\">Objeto del mes: Entrada gratuita.<\/span><\/li>\n<li><span style=\"text-align: justify;\">Visitas al interior de la Casa Museo: $1300 general, $700 estudiantes, ni\u00f1os y tercera edad.<\/span><\/li>\n<li><span style=\"text-align: justify;\">Direcci\u00f3n: Calle Hindenburg 683, barrio Italia, Providencia.<\/span><\/li>\n<li><span style=\"text-align: justify;\">Email: contacto@casamuseoeduardofrei.cl<\/span><\/li>\n<li>Fono: (02) 881 86 74<\/li>\n<\/ul>\n<p style=\"text-align: justify;\">\u00a0<\/p>\n<p><\/p>","protected":false},"excerpt":{"rendered":"<p>Sorry, this entry is only available in Espa\u00f1ol.<\/p>\n","protected":false},"author":4,"featured_media":0,"comment_status":"open","ping_status":"open","sticky":false,"template":"","format":"standard","meta":{"_acf_changed":false,"footnotes":""},"categories":[14,15],"tags":[415,371,8],"class_list":["post-7546","post","type-post","status-publish","format-standard","hentry","category-noticias","category-objeto-del-mes","tag-agenda-social","tag-mujer-y-politica","tag-objeto-del-mes"],"acf":[],"_links":{"self":[{"href":"https:\/\/www.casamuseoeduardofrei.cl\/en\/wp-json\/wp\/v2\/posts\/7546","targetHints":{"allow":["GET"]}}],"collection":[{"href":"https:\/\/www.casamuseoeduardofrei.cl\/en\/wp-json\/wp\/v2\/posts"}],"about":[{"href":"https:\/\/www.casamuseoeduardofrei.cl\/en\/wp-json\/wp\/v2\/types\/post"}],"author":[{"embeddable":true,"href":"https:\/\/www.casamuseoeduardofrei.cl\/en\/wp-json\/wp\/v2\/users\/4"}],"replies":[{"embeddable":true,"href":"https:\/\/www.casamuseoeduardofrei.cl\/en\/wp-json\/wp\/v2\/comments?post=7546"}],"version-history":[{"count":2,"href":"https:\/\/www.casamuseoeduardofrei.cl\/en\/wp-json\/wp\/v2\/posts\/7546\/revisions"}],"predecessor-version":[{"id":12479,"href":"https:\/\/www.casamuseoeduardofrei.cl\/en\/wp-json\/wp\/v2\/posts\/7546\/revisions\/12479"}],"wp:attachment":[{"href":"https:\/\/www.casamuseoeduardofrei.cl\/en\/wp-json\/wp\/v2\/media?parent=7546"}],"wp:term":[{"taxonomy":"category","embeddable":true,"href":"https:\/\/www.casamuseoeduardofrei.cl\/en\/wp-json\/wp\/v2\/categories?post=7546"},{"taxonomy":"post_tag","embeddable":true,"href":"https:\/\/www.casamuseoeduardofrei.cl\/en\/wp-json\/wp\/v2\/tags?post=7546"}],"curies":[{"name":"wp","href":"https:\/\/api.w.org\/{rel}","templated":true}]}}