{"id":7536,"date":"2012-03-31T17:22:51","date_gmt":"2012-03-31T21:22:51","guid":{"rendered":"http:\/\/www.casamuseoeduardofrei.cl\/?p=7536"},"modified":"2012-03-31T17:22:51","modified_gmt":"2012-03-31T21:22:51","slug":"haz-tus-clases-en-la-casa-museo-2","status":"publish","type":"post","link":"https:\/\/www.casamuseoeduardofrei.cl\/en\/haz-tus-clases-en-la-casa-museo-2\/","title":{"rendered":"\u00a1Haz tus clases en la Casa Museo!"},"content":{"rendered":"<p style=\"text-align: justify;\">La casa donde habitaba el ex Mandatario por m\u00e1s de 40 a\u00f1os, actualmente es un espacio de car\u00e1cter educativo y cultural que invita a profesores y alumnos a viajar por los a\u00f1os \u201860 y a conocer la historia de Chile del siglo XX a trav\u00e9s de una completa Colecci\u00f3n Patrimonial y Pict\u00f3rica, que sin duda har\u00e1 m\u00e1s l\u00fadico el aprendizaje.<!--more--><\/p>\n<p style=\"text-align: justify;\">Con una original l\u00ednea de tiempo, sala multiuso, pantallas de autoconsulta y un grupo de gu\u00edas especializados, <strong>Casa Museo Eduardo Frei Montalva<\/strong> presenta un innovador programa educativo para que alumnos desde edad pre-escolar hasta cuarto a\u00f1o medio accedan a conocer la \u00a0Historia de Chile y el mundo del siglo pasado de\u00a0una manera m\u00e1s did\u00e1ctica.<\/p>\n<p style=\"text-align: justify;\">Quienes asistan a la Casa Museo, declarada <strong>Monumento Nacional<\/strong>, podr\u00e1n enriquecerse y hacer m\u00e1s din\u00e1micas las clases de Ciencias Sociales, Historia de Chile, Formaci\u00f3n Ciudadana y Artes Visuales, a trav\u00e9s de un personaje hist\u00f3rico transversal que vivi\u00f3 y protagoniz\u00f3 gran parte de siglo XX.<\/p>\n<p style=\"text-align: justify;\">El<a href=\"http:\/\/www.casamuseoeduardofrei.cl\/2009\/03\/programa-educativo\/\" target=\"_blank\"> programa educativo<\/a> contiene diez l\u00edneas tem\u00e1ticas tales como: Patrimonio, Historia de Chile, Desarrollo Econ\u00f3mico y Vida Cotidiana de los a\u00f1os \u201860, entre otros. Temas que los gu\u00edas abordar\u00e1n durante el recorrido por el interior de la casa con diferentes \u00e9nfasis seg\u00fan la edad e intereses de los visitantes.<\/p>\n<p style=\"text-align: justify;\">\n<div id=\"attachment_7544\" style=\"width: 260px\" class=\"wp-caption alignleft\"><a href=\"http:\/\/www.casamuseoeduardofrei.cl\/wp-content\/uploads\/2012\/03\/foto_guias_educativas.jpg\" data-rel=\"lightbox-image-0\" data-rl_title=\"\" data-rl_caption=\"\"><img loading=\"lazy\" decoding=\"async\" aria-describedby=\"caption-attachment-7544\" class=\"size-full wp-image-7544\" title=\"\" src=\"http:\/\/www.casamuseoeduardofrei.cl\/wp-content\/uploads\/2012\/03\/foto_guias_educativas.jpg\" alt=\"Alumnos reciben gu\u00edas educativas\" width=\"250\" height=\"188\" \/><\/a><p id=\"caption-attachment-7544\" class=\"wp-caption-text\">Alumnos reciben gu\u00edas educativas<\/p><\/div>\n<p>Al finalizar el recorrido se le har\u00e1 entrega a cada alumno de una gu\u00eda educativa que pueden trabajar en la Casa Museo o en sus salas de clases para aplicar lo aprendido y reforzarlo.<\/p>\n<p style=\"text-align: justify;\">Descarga un ejemplo de gu\u00edas educativas <a href=\"http:\/\/www.casamuseoeduardofrei.cl\/wp-content\/uploads\/2009\/03\/de-5%C2%BA-a-1%C2%BA.pdf\" target=\"_blank\">aqu\u00ed<\/a>.<\/p>\n<p style=\"text-align: justify;\"><span style=\"text-align: justify;\">Tambi\u00e9n puede ver un resumen de nuestro Programa Educativo en nuestro <a href=\"http:\/\/localhost\/casamuseo\/flyers\/programa\/\" target=\"_blank\">flyer interactivo.<\/a><\/span><\/p>\n<p style=\"text-align: justify;\">Todas las visitas son guiadas. Para grupos sobre 12 personas se sugiere realizar reserva previa al fono (02) 881 86 74 o escribir al correo electr\u00f3nico: reserva@casamuseoeduardofrei.cl<\/p>\n<p style=\"text-align: justify;\">**Existen ofertas especiales para colegios. Los profesores acompa\u00f1antes ingresan gratis.<\/p>\n<p style=\"text-align: justify;\">\u2022 Direcci\u00f3n: Hindenburg 683, Barrio Italia, Providencia.<\/p>\n<p style=\"text-align: justify;\">\u2022 Informaciones y reservas: (02) 2881 86 74 \u2013 reserva@casamuseoeduardofrei.cl<\/p>\n<p style=\"text-align: justify;\">\u2022 Horario: De martes a domingo y festivos de 10:00 a 18:00 hrs.<\/p>\n<p style=\"text-align: justify;\">\u2022 Lunes cerrado.<\/p>\n<p style=\"text-align: justify;\">\n","protected":false},"excerpt":{"rendered":"<p>La casa donde habitaba el ex Mandatario por m\u00e1s de 40 a\u00f1os, actualmente es un espacio de car\u00e1cter educativo y cultural que invita a profesores y alumnos a viajar por los a\u00f1os \u201860 y a conocer la historia de Chile del siglo XX a trav\u00e9s de una completa Colecci\u00f3n Patrimonial y Pict\u00f3rica, que sin duda [&hellip;]<\/p>\n","protected":false},"author":4,"featured_media":0,"comment_status":"open","ping_status":"open","sticky":false,"template":"","format":"standard","meta":{"_acf_changed":false,"footnotes":""},"categories":[14],"tags":[],"class_list":["post-7536","post","type-post","status-publish","format-standard","hentry","category-noticias"],"acf":[],"_links":{"self":[{"href":"https:\/\/www.casamuseoeduardofrei.cl\/en\/wp-json\/wp\/v2\/posts\/7536","targetHints":{"allow":["GET"]}}],"collection":[{"href":"https:\/\/www.casamuseoeduardofrei.cl\/en\/wp-json\/wp\/v2\/posts"}],"about":[{"href":"https:\/\/www.casamuseoeduardofrei.cl\/en\/wp-json\/wp\/v2\/types\/post"}],"author":[{"embeddable":true,"href":"https:\/\/www.casamuseoeduardofrei.cl\/en\/wp-json\/wp\/v2\/users\/4"}],"replies":[{"embeddable":true,"href":"https:\/\/www.casamuseoeduardofrei.cl\/en\/wp-json\/wp\/v2\/comments?post=7536"}],"version-history":[{"count":0,"href":"https:\/\/www.casamuseoeduardofrei.cl\/en\/wp-json\/wp\/v2\/posts\/7536\/revisions"}],"wp:attachment":[{"href":"https:\/\/www.casamuseoeduardofrei.cl\/en\/wp-json\/wp\/v2\/media?parent=7536"}],"wp:term":[{"taxonomy":"category","embeddable":true,"href":"https:\/\/www.casamuseoeduardofrei.cl\/en\/wp-json\/wp\/v2\/categories?post=7536"},{"taxonomy":"post_tag","embeddable":true,"href":"https:\/\/www.casamuseoeduardofrei.cl\/en\/wp-json\/wp\/v2\/tags?post=7536"}],"curies":[{"name":"wp","href":"https:\/\/api.w.org\/{rel}","templated":true}]}}