{"id":742,"date":"2014-12-14T10:15:22","date_gmt":"2014-12-14T10:15:22","guid":{"rendered":"http:\/\/www.casamuseoeduardofrei.cl\/?p=742"},"modified":"2015-03-28T13:22:04","modified_gmt":"2015-03-28T16:22:04","slug":"objeto-del-mes-eduardo-frei-montalva-doctor-honoris-causa","status":"publish","type":"post","link":"https:\/\/www.casamuseoeduardofrei.cl\/en\/objeto-del-mes-eduardo-frei-montalva-doctor-honoris-causa\/","title":{"rendered":"Objeto del Mes: Eduardo Frei Montalva, Doctor Honoris Causa"},"content":{"rendered":"<p><img loading=\"lazy\" decoding=\"async\" src=\"http:\/\/www.casamuseoeduardofrei.cl\/wp-content\/uploads\/2015\/02\/objeto-del-mes-honoris-interior.jpg\" alt=\"objeto-del-mes-honoris-interior\" width=\"300\" height=\"225\" class=\"alignleft size-full wp-image-743\" \/><\/p>\n<p>Debido al reconocimiento internacional como intelectual y Presidente de la Rep\u00fablica, en marzo de 1970, la Pontificia Universidad Cat\u00f3lica de Chile destac\u00f3 a su ex alumno con una de sus m\u00e1ximas distinciones: el t\u00edtulo de Doctor Scientiae Et Honoris Causa.<\/p>\n<p>M\u00e1s all\u00e1 de haber sido Presidente de la Rep\u00fablica, Eduardo Frei Montalva fue un destacado intelectual en la escena pol\u00edtica-social chilena y latinoamericana. Su vasta producci\u00f3n literaria se transform\u00f3 en referencia obligada para quienes buscaban aproximarse cr\u00edticamente a las problem\u00e1ticas de la realidad de la \u00e9poca, convirti\u00e9ndose de este modo en uno de los \u00faltimos pol\u00edticos chilenos del siglo XX, capaces de conjugar praxis y reflexi\u00f3n intelectual pol\u00edtica de forma paralela, a\u00fan en los momentos m\u00e1s \u00e1lgidos de su ejercicio como Presidente de la Rep\u00fablica.<\/p>\n<p>La trascendencia de su labor y obra le valieron figuraci\u00f3n en la escena internacional, hecho que destac\u00f3 la prensa nacional en diversos art\u00edculos, como el que titulaba Diario La Naci\u00f3n en 1970: \u201c[Eduardo Frei ha sido] reconocido en una encuesta reciente como una de las 20 personalidades mundiales que tienen m\u00e1s influencias y cuyas opiniones tienen mayor trascendencia\u201d (1).<\/p>\n<p>De este modo, al finalizar su periodo presidencial en marzo de 1970, la Pontificia Universidad Cat\u00f3lica de Chile \u2013alma mater del ex presidente- decide condecorarlo con el t\u00edtulo de Doctor Scientiae Et Honoris Causa, m\u00e1xima distinci\u00f3n otorgada por dicha casa de estudios (2), y que hab\u00eda sido entregada a tan solo trece personas en el transcurso de los dos \u00faltimos decenios, siendo el directo predecesor, el poeta, premio nobel de literatura, Pablo Neruda.<\/p>\n<p>Los representantes de la Universidad Cat\u00f3lica, se\u00f1alaron que esta distinci\u00f3n era \u201cun reconocimiento m\u00e1s a su enorme solvencia como intelectual, a su vasto conocimiento como estadista, a la profundidad de su juicio como ensayista, as\u00ed como tambi\u00e9n sus cualidades como periodista y como dirigente pol\u00edtico que dif\u00edcilmente pueden verse reunidas en una sola persona\u201d (3). Este grado de Doctor Honoris Causa vino a sumarse al entregado por la Universidad de Bolonia (Italia), y al Marianist Award 1967 concedido por la Universidad de Dayton (Estados Unidos) por sus cualidades como l\u00edder dem\u00f3crata en Am\u00e9rica Latina (4).<\/p>\n<p>El 30 de marzo de 1970, d\u00eda en el cual se oficializ\u00f3 la entrega de este grado acad\u00e9mico, Frei Montalva realiza una lecci\u00f3n magistral en un auditorio de la ya mencionada casa de estudios, desplegando su enorme potencial como intelectual y orador frente a los m\u00e1s de mil quinientos estudiantes que se asistieron para o\u00edrlo. En dicha instancia, el entonces presidente se refiri\u00f3 a sus a\u00f1os como estudiante en la universidad, destacando la enorme importancia que tuvo \u00e9sta en su formaci\u00f3n val\u00f3rica y \u00e9tica, bases de su pensamiento pol\u00edtico.<\/p>\n<p>As\u00ed mismo, insisti\u00f3 en el rol fundamental de la juventud en los procesos de cambio que viv\u00eda nuestro pa\u00eds en la segunda mitad del siglo XX. La responsabilidad de los j\u00f3venes estaba, a su juicio, principalmente en el proceso de reflexi\u00f3n en torno a la b\u00fasqueda de respuestas encauzadas en la superaci\u00f3n de las luchas partidistas o de los ideologismos, que ahogaban la capacidad de generar nuevas ideas (5).<\/p>\n<p>Tambi\u00e9n la investigaci\u00f3n y generaci\u00f3n de nuevo conocimiento respecto de nuestros recursos materiales tuvo un lugar central en el discurso. Su particular perspectiva enfatizaba el hecho de que esta labor no s\u00f3lo deb\u00eda ser realizada por \u00e9lites pol\u00edticas, universitarias o de clase, sino por \u201ctoda la comunidad nacional\u201d (6). En ese sentido, lograr aquel nivel de involucramiento y convergencia implicaba, antes que todo, internalizar la idea de progreso social como condici\u00f3n del progreso econ\u00f3mico, solo as\u00ed se podr\u00eda aspirar a la verdadera justicia y equidad:<\/p>\n<p>\u201cSer\u00eda muy sencillo decir que ambas cosas deben intentarse al mismo tiempo. Tan sencillo que a la luz de la realidad resulta una simpleza. Cuando en un pa\u00eds falta alimentaci\u00f3n adecuada; falta habitaci\u00f3n digna; falta salud y educaci\u00f3n, no es ni siquiera posible, para los sectores mayoritarios de la comunidad, empezar a concebir la participaci\u00f3n y la incorporaci\u00f3n en la gran tarea nacional del progreso. Por eso es indispensable una decisi\u00f3n sobre qu\u00e9 es lo que se pone primero. Y en mi experiencia [\u2026] esa decisi\u00f3n fue la de poner primero el progreso social\u201d (7).<\/p>\n<p>Parte de lo contenido en este discurso ser\u00e1 fundamental para comprender el desarrollo de su ideario desplegado en el periodo post-presidencial, el cual se concentr\u00f3 en elaboraci\u00f3n de pol\u00edticas econ\u00f3micas justas para las sociedades aquejadas por los problemas asociados al subdesarrollo. Por \u00faltimo es importante se\u00f1alar que la esencia de su pensamiento lo llevar\u00eda a posicionarse como l\u00edder natural e indiscutido de la oposici\u00f3n democr\u00e1tica en el Chile de mediados de los setenta y comienzos de los ochenta.<\/p>\n<p><strong>NOTAS:<\/strong><\/p>\n<p>1. La naci\u00f3n 30 de Marzo de 1970<br \/>\n2. \u00cddem<br \/>\n3. Ib\u00eddem<br \/>\n4. Ib\u00eddem<br \/>\n5. Lecci\u00f3n Magistral de Eduardo Frei en la Universidad Cat\u00f3lica de Chile al recibir el grado de Doctor Honoris Causa, 30 de marzo de 1970. P\u00e1g. 15<br \/>\n6. \u00cddem. P\u00e1g. 20.<br \/>\n7. Ib\u00eddem. P\u00e1g. 21<\/p>\n","protected":false},"excerpt":{"rendered":"<p>Debido al reconocimiento internacional como intelectual y Presidente de la Rep\u00fablica, en marzo de 1970, la Pontificia Universidad Cat\u00f3lica de Chile destac\u00f3 a su ex alumno con una de sus m\u00e1ximas distinciones: el t\u00edtulo de Doctor Scientiae Et Honoris Causa.<\/p>\n","protected":false},"author":4,"featured_media":744,"comment_status":"open","ping_status":"open","sticky":false,"template":"","format":"standard","meta":{"_acf_changed":false,"footnotes":""},"categories":[14,15],"tags":[],"class_list":["post-742","post","type-post","status-publish","format-standard","has-post-thumbnail","hentry","category-noticias","category-objeto-del-mes"],"acf":[],"_links":{"self":[{"href":"https:\/\/www.casamuseoeduardofrei.cl\/en\/wp-json\/wp\/v2\/posts\/742","targetHints":{"allow":["GET"]}}],"collection":[{"href":"https:\/\/www.casamuseoeduardofrei.cl\/en\/wp-json\/wp\/v2\/posts"}],"about":[{"href":"https:\/\/www.casamuseoeduardofrei.cl\/en\/wp-json\/wp\/v2\/types\/post"}],"author":[{"embeddable":true,"href":"https:\/\/www.casamuseoeduardofrei.cl\/en\/wp-json\/wp\/v2\/users\/4"}],"replies":[{"embeddable":true,"href":"https:\/\/www.casamuseoeduardofrei.cl\/en\/wp-json\/wp\/v2\/comments?post=742"}],"version-history":[{"count":0,"href":"https:\/\/www.casamuseoeduardofrei.cl\/en\/wp-json\/wp\/v2\/posts\/742\/revisions"}],"wp:featuredmedia":[{"embeddable":true,"href":"https:\/\/www.casamuseoeduardofrei.cl\/en\/wp-json\/wp\/v2\/media\/744"}],"wp:attachment":[{"href":"https:\/\/www.casamuseoeduardofrei.cl\/en\/wp-json\/wp\/v2\/media?parent=742"}],"wp:term":[{"taxonomy":"category","embeddable":true,"href":"https:\/\/www.casamuseoeduardofrei.cl\/en\/wp-json\/wp\/v2\/categories?post=742"},{"taxonomy":"post_tag","embeddable":true,"href":"https:\/\/www.casamuseoeduardofrei.cl\/en\/wp-json\/wp\/v2\/tags?post=742"}],"curies":[{"name":"wp","href":"https:\/\/api.w.org\/{rel}","templated":true}]}}