{"id":7372,"date":"2012-01-20T13:47:08","date_gmt":"2012-01-20T17:47:08","guid":{"rendered":"http:\/\/www.casamuseoeduardofrei.cl\/?p=7372"},"modified":"2012-01-20T13:47:08","modified_gmt":"2012-01-20T17:47:08","slug":"grabados-de-guayasamin-ahora-en-valparaiso","status":"publish","type":"post","link":"https:\/\/www.casamuseoeduardofrei.cl\/en\/grabados-de-guayasamin-ahora-en-valparaiso\/","title":{"rendered":"Grabados de Guayasam\u00edn en Festival de las Artes de Valpara\u00edso 2012 &#8211; \u00daltimo fin de semana"},"content":{"rendered":"<p style=\"text-align: justify;\">Hasta este domingo 29 de enero podr\u00e1 ser visitada la exposici\u00f3n <strong>\u201cGuayasam\u00edn en Chile, 1969\u201d,<\/strong> que exhibe doce obras realizadas por el artista junto a un documental de la vida de Eduardo Frei Montalva, paneles y gigantograf\u00edas. Sala el Farol calle Blanco 1113, Valpara\u00edso. ENTRADA LIBERADA.<!--more--><\/p>\n<p style=\"text-align: justify;\">Este domingo 29 de enero concluye la exhibici\u00f3n de grabados originales de Oswaldo Guayasam\u00edn que da cuenta de la relaci\u00f3n entre arte y pol\u00edtica en la d\u00e9cada del sesenta en Chile. La actividad organizada por <strong>Casa Museo Eduardo Frei Montalva<\/strong> en conjunto con l<strong>a Sala El Farol del Centro de Extensi\u00f3n de la Universidad de Valpara\u00edso<\/strong>, formar\u00e1 parte de una nueva versi\u00f3n del Festival de las Artes de Valpara\u00edso, cerrando una exitosa temporada.<\/p>\n<p style=\"text-align: justify;\"><em>\u201cTras un mes de exhibici\u00f3n en Valpara\u00edso nuestra intenci\u00f3n es que la muestra contin\u00fae itinerando en Villa Alemana y Rancagua, y de esta forma acercar a la comunidad nuestra colecci\u00f3n de artes visuales<\/em>\u201d afirma Maite Gallego, subdirectora de Casa Museo Eduardo Frei Montalva.<\/p>\n<p>La muestra incluye did\u00e1cticos paneles educativos que contextualizan la relaci\u00f3n entre arte y pol\u00edtica de la \u00e9poca, junto a gigantograf\u00edas donde destaca el retrato que Guayasam\u00edn realiz\u00f3 en s\u00f3lo dos horas a Eduardo Frei Montalva en 1969 y que hoy forma parte de la colecci\u00f3n de pintura permanente de la Casa Museo, ubicada en Santiago.<\/p>\n<p><span style=\"text-align: justify;\">\u00a0<\/span><\/p>\n<div id=\"attachment_7523\" style=\"width: 210px\" class=\"wp-caption alignleft\"><a href=\"http:\/\/www.casamuseoeduardofrei.cl\/wp-content\/uploads\/2012\/01\/foto_interior2.jpg\" data-rel=\"lightbox-image-0\" data-rl_title=\"\" data-rl_caption=\"\"><img loading=\"lazy\" decoding=\"async\" aria-describedby=\"caption-attachment-7523\" class=\"size-full wp-image-7523\" title=\"\" src=\"http:\/\/www.casamuseoeduardofrei.cl\/wp-content\/uploads\/2012\/01\/foto_interior2.jpg\" alt=\"P\u00fablico en la exhibici\u00f3n\" width=\"200\" height=\"150\" \/><\/a><p id=\"caption-attachment-7523\" class=\"wp-caption-text\">P\u00fablico en la exhibici\u00f3n<\/p><\/div>\n<p>Los doce grabados fueron realizados en el Taller \u201cInti Cori\u201d de la ciudad de Quito en octubre de 1968, y corresponden a una edici\u00f3n limitada de trescientos ejemplares numerados y firmados por el artista de origen ecuatoriano.<\/p>\n<p style=\"text-align: justify;\">La visita de Guayasam\u00edn a Chile a fines de las d\u00e9cada del \u201860 fue fruto de una invitaci\u00f3n del Gobierno de Chile encabezada por el Ministro de Relaciones Exteriores del entonces Presidente Eduardo Frei Montalva, Gabriel Vald\u00e9s S.<\/p>\n<p style=\"text-align: justify;\">\n<p style=\"text-align: justify;\">\n<p style=\"text-align: justify;\">\n<p style=\"text-align: justify;\">\n<ul>\n<li>Exposici\u00f3n temporal \u201cGuayasam\u00edn en Chile, 1969\u201d.<\/li>\n<li>Hasta el 29 de enero de 2012.<\/li>\n<li><strong>Entrada liberada.<\/strong><\/li>\n<li>Direcci\u00f3n: Blanco 1113, Valpara\u00edso.<\/li>\n<li>Horario: Lunes a viernes de 11:00 a 19:00 hrs. \u00a0S\u00e1bado 28 y domingo 29 de 11:00 a 14:00 horas.<\/li>\n<li>Fonos:\u00a0(02) 881 86 74-\u00a0(032) 2507653<\/li>\n<\/ul>\n","protected":false},"excerpt":{"rendered":"<p>Hasta este domingo 29 de enero podr\u00e1 ser visitada la exposici\u00f3n \u201cGuayasam\u00edn en Chile, 1969\u201d, que exhibe doce obras realizadas por el artista junto a un documental de la vida de Eduardo Frei Montalva, paneles y gigantograf\u00edas. Sala el Farol calle Blanco 1113, Valpara\u00edso. ENTRADA LIBERADA.<\/p>\n","protected":false},"author":4,"featured_media":0,"comment_status":"open","ping_status":"open","sticky":false,"template":"","format":"standard","meta":{"_acf_changed":false,"footnotes":""},"categories":[14],"tags":[44,46,68,178,138,179,65,278],"class_list":["post-7372","post","type-post","status-publish","format-standard","hentry","category-noticias","tag-casa-museo","tag-eduardo-frei-montalva","tag-exposicion","tag-grabados-guayasamin","tag-guayasamin-en-chile","tag-oswaldo-guayasamin","tag-panorama-gratis","tag-valparaiso"],"acf":[],"_links":{"self":[{"href":"https:\/\/www.casamuseoeduardofrei.cl\/en\/wp-json\/wp\/v2\/posts\/7372","targetHints":{"allow":["GET"]}}],"collection":[{"href":"https:\/\/www.casamuseoeduardofrei.cl\/en\/wp-json\/wp\/v2\/posts"}],"about":[{"href":"https:\/\/www.casamuseoeduardofrei.cl\/en\/wp-json\/wp\/v2\/types\/post"}],"author":[{"embeddable":true,"href":"https:\/\/www.casamuseoeduardofrei.cl\/en\/wp-json\/wp\/v2\/users\/4"}],"replies":[{"embeddable":true,"href":"https:\/\/www.casamuseoeduardofrei.cl\/en\/wp-json\/wp\/v2\/comments?post=7372"}],"version-history":[{"count":0,"href":"https:\/\/www.casamuseoeduardofrei.cl\/en\/wp-json\/wp\/v2\/posts\/7372\/revisions"}],"wp:attachment":[{"href":"https:\/\/www.casamuseoeduardofrei.cl\/en\/wp-json\/wp\/v2\/media?parent=7372"}],"wp:term":[{"taxonomy":"category","embeddable":true,"href":"https:\/\/www.casamuseoeduardofrei.cl\/en\/wp-json\/wp\/v2\/categories?post=7372"},{"taxonomy":"post_tag","embeddable":true,"href":"https:\/\/www.casamuseoeduardofrei.cl\/en\/wp-json\/wp\/v2\/tags?post=7372"}],"curies":[{"name":"wp","href":"https:\/\/api.w.org\/{rel}","templated":true}]}}