{"id":6970,"date":"2011-10-03T11:42:17","date_gmt":"2011-10-03T15:42:17","guid":{"rendered":"http:\/\/www.casamuseoeduardofrei.cl\/?p=6970"},"modified":"2018-01-19T13:32:14","modified_gmt":"2018-01-19T16:32:14","slug":"articulos-de-una-sola-linea","status":"publish","type":"post","link":"https:\/\/www.casamuseoeduardofrei.cl\/en\/articulos-de-una-sola-linea\/","title":{"rendered":"Objeto del mes: Eduardo Frei Montalva, articulista de una sola l\u00ednea"},"content":{"rendered":"<p><\/p>\n<p style=\"text-align: justify;\">Revistas, diarios y peri\u00f3dicos donde el ex mandatario\u00a0public\u00f3 diversos art\u00edculos se exhibir\u00e1n durante todo el mes de <strong>octubre<\/strong>, con el fin de mostrar otra de las tantas facetas del ex mandatario: sus inicios como articulista y af\u00e1n por la escritura. ENTRADA LIBERADA.<!--more--><\/p>\n<p style=\"text-align: justify;\">Uno de los aspectos m\u00e1s interesantes de la vida del ex mandatario fue su relaci\u00f3n con las letras, labor que desarroll\u00f3 de manera cotidiana a trav\u00e9s de sus m\u00faltiples cartas, con mayor profundidad en los diecis\u00e9is libros que escribi\u00f3, pero sobre todo como articulista de medios escritos nacionales, donde destacan la Revista de Estudiantes Cat\u00f3licos (REC), medio que abarcaba desde una perspectiva cristiana temas sociales, hist\u00f3ricos y culturales; el Diario Ilustrado, los medios <em>Lircay<\/em> y <em>El Tarapac\u00e1<\/em>, medios en los cuales lleg\u00f3 a ser director, y la revista <em><strong>Pol\u00edtica y Esp\u00edritu<\/strong><\/em>.<\/p>\n<p style=\"text-align: justify;\">El <strong>primero<\/strong> de sus art\u00edculos conocidos se denomin\u00f3 \u201cDon Ventura Blanco Viel\u201d (1930) en honor a uno de sus profesores de la Escuela de Leyes de la Universidad Cat\u00f3lica, que tuvo gran influencia en su formaci\u00f3n. El art\u00edculo publicado en REC, actualmente se encuentra en un ejemplar empastado junto a otros textos de este per\u00edodo, sum\u00e1ndose a los m\u00e1s de 3.500 vol\u00famenes distribuidos en las dos bibliotecas de la Casa Museo. Ver m\u00e1s detalles <a href=\"http:\/\/www.casamuseoeduardofrei.cl\/2009\/06\/biblioteca-personal-de-eduardo-frei-montalva\/\" target=\"_blank\">aqu\u00ed<\/a>.<\/p>\n<p style=\"text-align: justify;\">En sus inicios como articulista <strong>Eduardo Frei Montalva<\/strong> dejaba ver sus ideas socialcristianas y su mirada de la sociedad, donde incluso ya en 1934 en su art\u00edculo <em>\u201cSobre el problema educacional\u201d<\/em> criticaba la excesiva carga horaria de los estudiantes secundarios: <em>\u201cEn nuestro sistema, los alumnos estudian, estudian, estudian. Jam\u00e1s llega la oportunidad de raciocinar. La memoria trabaja, pero la inteligencia y el car\u00e1cter no se forman\u201d.<\/em><\/p>\n<p style=\"text-align: justify;\">\n<div id=\"attachment_6985\" style=\"width: 210px\" class=\"wp-caption alignleft\"><a href=\"http:\/\/www.casamuseoeduardofrei.cl\/wp-content\/uploads\/2011\/10\/escritorio_frei2.jpg\" data-rel=\"lightbox-image-2\" data-rl_title=\"\" data-rl_caption=\"\"><img loading=\"lazy\" decoding=\"async\" aria-describedby=\"caption-attachment-6985\" class=\"size-full wp-image-6985\" title=\"\" src=\"http:\/\/www.casamuseoeduardofrei.cl\/wp-content\/uploads\/2011\/10\/escritorio_frei2.jpg\" alt=\"Lugar usado como escritorio por Eduardo Frei M.\" width=\"200\" height=\"177\" \/><\/a><p id=\"caption-attachment-6985\" class=\"wp-caption-text\">Lugar usado como escritorio por Eduardo Frei M.<\/p><\/div>\n<p style=\"text-align: justify;\">Su experiencia como articulista va creciendo y es entonces cuando <em><strong>El Diario Ilustrado<\/strong><\/em> y <em><strong>Lircay<\/strong><\/em> y posteriormente en los peri\u00f3dicos<em> Verdad<\/em> y <em>El Mercurio<\/em>, le solicitan que en el marco de su primer viaje a Europa trabaje como corresponsal para informar, desde su perspectiva, como se estaba configurando pol\u00edtica y socialmente el viejo mundo, a las puertas de lo que ser\u00e1 la Segunda Guerra Mundial. La l\u00ednea editorial de sus escritos se refiere al fascismo y sus incompatibilidades con los valores cristianos a los que \u00e9l adhiere, junto con el peligro que encierran los sistemas totalitarios.<\/p>\n<p style=\"text-align: justify;\">Llegando a Chile en 1934 se convierte en editor estable de <em><strong>El Diario Ilustrado<\/strong><\/em> donde escribe m\u00e1s de cuarenta art\u00edculos.<\/p>\n<p style=\"text-align: justify;\">\n<p style=\"text-align: justify;\">Este v\u00ednculo con el medio editorial, permite comprender que el joven abogado de 24 a\u00f1os acepte su primer cargo importante: ser <strong>director <\/strong>del peri\u00f3dico<strong> <em>El Tarapac\u00e1<\/em><\/strong> de Iquique. La experiencia de dos a\u00f1os en esa ciudad ser\u00e1 clave para su desarrollo posterior como articulista, editor y figura period\u00edstica, involucr\u00e1ndose desde la redacci\u00f3n de la editorial hasta la\u00a0 impresi\u00f3n de cada n\u00famero.<\/p>\n<p style=\"text-align: justify;\">Para 1943, el ex Presidente ya vive junto a su familia en su casa de calle Hindenburg, hoy convertida en museo, y su lugar de trabajo se encuentra en el segundo piso, \u00a0actual Sala de Vestir, en donde escribe no solo los art\u00edculos, sino tambi\u00e9n la correspondencia que tiene con personajes trascendentes como Gabriela Mistral, Jacques Maritain, y el Secretario Vaticano Monse\u00f1or Giovanni Baptista Montini, quien posteriormente se transformar\u00eda en el Papa Paulo VI y quien en el marco de su gira presidencial a Europa, le regala en Roma la figura de la <em>La Virgen<\/em><em> con el Ni\u00f1o<\/em>, que actualmente forma parte de la colecci\u00f3n de la Casa Museo.<\/p>\n<p style=\"text-align: justify;\">\n<p style=\"text-align: justify;\">\n<p style=\"text-align: justify;\">\n<p style=\"text-align: justify;\"><a href=\"http:\/\/www.casamuseoeduardofrei.cl\/wp-content\/uploads\/2011\/10\/portada_chica.jpg\" data-rel=\"lightbox-image-3\" data-rl_title=\"\" data-rl_caption=\"\"><img loading=\"lazy\" decoding=\"async\" class=\"alignright size-full wp-image-6989\" title=\"\" src=\"http:\/\/www.casamuseoeduardofrei.cl\/wp-content\/uploads\/2011\/10\/portada_chica.jpg\" alt=\"portada_chica\" width=\"150\" height=\"205\" \/><\/a>Sin embargo, es con la creaci\u00f3n de la revista <em>Pol\u00edtica y Esp\u00edritu<\/em> (1945), donde <strong>Eduardo Frei Montalva<\/strong> logra concretar su proyecto de mantener una comunicaci\u00f3n cercana y permanente con el p\u00fablico nacional. En este medio, el ex mandatario es editor y llega a escribir cerca de treinta editoriales, desde una tribuna propia, libre para informar y formar la opini\u00f3n en los lectores, transmitiendo su mensaje de un nuevo orden social. <em>\u201cNosotros defendemos dos principios esenciales, consubstanciales a la dignidad del hombre: la justicia y la libertad\u2026.\u201d <\/em>afirmaba en uno de sus escritos.<\/p>\n<p style=\"text-align: justify;\">\n<p style=\"text-align: justify;\">Los invitamos a recorrer la casa donde vivi\u00f3 <strong>Eduardo Frei Montalva<\/strong> y recordar parte de su historia como articulista donde se combinan experiencias de vida, cargos pol\u00edticos y vida p\u00fablica, que dan cuenta de su coherencia entre escritura y pensamiento intelectual.<\/p>\n<p style=\"text-align: justify;\">Los esperamos!<\/p>\n<ul style=\"text-align: justify;\">\n<li>Calle Hindenburg 683, barrio Italia, Providencia<\/li>\n<li>Visitas: Martes a domingo de 10:00 a 18:00 hrs.<\/li>\n<li>Objeto del mes: ENTRADA LIBERADA<\/li>\n<li>Ingreso al interior de la Casa Museo: Adultos $1.300, estudiantes, adultos mayores y ni\u00f1os $700<\/li>\n<li>Fono: (02) 881 86 74<\/li>\n<li style=\"text-align: justify;\">Email: <a href=\"http:\/\/mailto:contacto@casamuseoeduardofrei.cl\" target=\"_blank\">contacto@casamuseoeduardofrei.cl<\/a><\/li>\n<\/ul>\n<p style=\"text-align: justify;\">\u00a0<\/p>\n<p><\/p>","protected":false},"excerpt":{"rendered":"<p>Sorry, this entry is only available in Espa\u00f1ol.<\/p>\n","protected":false},"author":4,"featured_media":10108,"comment_status":"open","ping_status":"open","sticky":false,"template":"","format":"standard","meta":{"_acf_changed":false,"footnotes":""},"categories":[14,15],"tags":[257,8,258],"class_list":["post-6970","post","type-post","status-publish","format-standard","has-post-thumbnail","hentry","category-noticias","category-objeto-del-mes","tag-articulos-eduardo-frei-montalva","tag-objeto-del-mes","tag-octubre"],"acf":[],"_links":{"self":[{"href":"https:\/\/www.casamuseoeduardofrei.cl\/en\/wp-json\/wp\/v2\/posts\/6970","targetHints":{"allow":["GET"]}}],"collection":[{"href":"https:\/\/www.casamuseoeduardofrei.cl\/en\/wp-json\/wp\/v2\/posts"}],"about":[{"href":"https:\/\/www.casamuseoeduardofrei.cl\/en\/wp-json\/wp\/v2\/types\/post"}],"author":[{"embeddable":true,"href":"https:\/\/www.casamuseoeduardofrei.cl\/en\/wp-json\/wp\/v2\/users\/4"}],"replies":[{"embeddable":true,"href":"https:\/\/www.casamuseoeduardofrei.cl\/en\/wp-json\/wp\/v2\/comments?post=6970"}],"version-history":[{"count":2,"href":"https:\/\/www.casamuseoeduardofrei.cl\/en\/wp-json\/wp\/v2\/posts\/6970\/revisions"}],"predecessor-version":[{"id":12469,"href":"https:\/\/www.casamuseoeduardofrei.cl\/en\/wp-json\/wp\/v2\/posts\/6970\/revisions\/12469"}],"wp:featuredmedia":[{"embeddable":true,"href":"https:\/\/www.casamuseoeduardofrei.cl\/en\/wp-json\/wp\/v2\/media\/10108"}],"wp:attachment":[{"href":"https:\/\/www.casamuseoeduardofrei.cl\/en\/wp-json\/wp\/v2\/media?parent=6970"}],"wp:term":[{"taxonomy":"category","embeddable":true,"href":"https:\/\/www.casamuseoeduardofrei.cl\/en\/wp-json\/wp\/v2\/categories?post=6970"},{"taxonomy":"post_tag","embeddable":true,"href":"https:\/\/www.casamuseoeduardofrei.cl\/en\/wp-json\/wp\/v2\/tags?post=6970"}],"curies":[{"name":"wp","href":"https:\/\/api.w.org\/{rel}","templated":true}]}}