{"id":6844,"date":"2011-09-07T13:07:58","date_gmt":"2011-09-07T16:07:58","guid":{"rendered":"http:\/\/www.casamuseoeduardofrei.cl\/?p=6844"},"modified":"2022-06-10T11:12:14","modified_gmt":"2022-06-10T15:12:14","slug":"minvu-expone-en-jornada-de-formacion-ciudadana","status":"publish","type":"post","link":"https:\/\/www.casamuseoeduardofrei.cl\/en\/minvu-expone-en-jornada-de-formacion-ciudadana\/","title":{"rendered":"Exitosa charla sobre &#8220;Recuperaci\u00f3n de Barrios&#8221;"},"content":{"rendered":"<p style=\"text-align: justify;\">Un variado p\u00fablico asisti\u00f3 el pasado jueves 22 de septiembre a la actividad encabezada por el\u00a0Jefe de Planes y Programas de la SEREMI Metropolitana,      Sr. Jorge Vera Toledo, qui\u00e9n expuso en\u00a0<strong>Casa      Museo Eduardo Frei Montalva<\/strong> sobre el programa &#8220;Recuperaci\u00f3n de      Barrios&#8221; y su experiencia e implementaci\u00f3n en Villa Portales.\u00a0<!--more--><\/p>\n<p style=\"text-align: justify;\">El Ministerio de Vivienda y Urbanismo fue el tercer invitado a este ciclo de jornadas denominadas \u201cReflexi\u00f3n, di\u00e1logo y acci\u00f3n desde mi comunidad\u201d que\u00a0 <strong>Casa Museo Eduardo Frei Montalva<\/strong> lanza este 2011, con el fin de ser un soporte para el tratamiento cr\u00edtico de diferentes temas ligados a la Participaci\u00f3n Ciudadana. \u00a0El ciclo est\u00e1 especialmente dirigido a estudiantes de ense\u00f1anza media y universitarios, no obstante es abierto al p\u00fablico general interesado.<\/p>\n<p style=\"text-align: justify;\">Enmarcada dentro de los lineamientos educativos y culturales de la Casa Museo y entendiendo que los museos en la actualidad deben ser lugares de reflexi\u00f3n y constituirse en un espacio p\u00fablico donde diferentes relatos converjan y discutan, invitamos a profesores y alumnos a participar de esta actividad donde podr\u00e1n acceder a material educativo, recorridos guiados por la   Casa Museo y charlas de expertos.<\/p>\n<p style=\"text-align: justify;\">\u00bfC\u00f3mo participar de manera sana y responsable en la construcci\u00f3n de mi entorno? \u00bfQu\u00e9 instancias existen para participar hoy?, \u00bfC\u00f3mo contribuir a una mejor democracia?, son parte de las interrogantes que esta actividad intentar\u00e1 responder como un llamado a la reflexi\u00f3n y al debate de temas tan presentes, pero muchas veces no debatidos en el aula.<\/p>\n<p style=\"text-align: justify;\"><a href=\"http:\/\/www.casamuseoeduardofrei.cl\/wp-content\/uploads\/2011\/09\/logo_seremi_sitio.jpg\" data-rel=\"lightbox-image-0\" data-rl_title=\"\" data-rl_caption=\"\"><img loading=\"lazy\" decoding=\"async\" class=\"alignleft size-full wp-image-6848\" title=\"\" src=\"http:\/\/www.casamuseoeduardofrei.cl\/wp-content\/uploads\/2011\/09\/logo_seremi_sitio.jpg\" alt=\"logo_seremi_sitio\" width=\"200\" height=\"182\" \/><\/a>En esta oportunidad los miembros del programa \u201cRecuperaci\u00f3n de Barrios\u201d, expusieron a los asistentes sobre qu\u00e9 significa participar, la implementaci\u00f3n de este programa y sus experiencias en diferentes barrios de la Regi\u00f3n como la Poblaci\u00f3n el Volc\u00e1n y Villa Portales. <em> \u201cPara el Ministerio de Vivienda y Urbanismo, la recuperaci\u00f3n de los barrios significa enfrentar las carencias o problemas del espacio f\u00edsico, como impulso detonante de los procesos sociales que reactivan la vida comunitaria y apropiaci\u00f3n vecinal del espacio p\u00fablico\u201d<\/em> expresa el <a href=\"http:\/\/www.minvu.cl\/opensite_20070212164909.aspx\" target=\"_blank\" rel=\"noopener\">sitio web<\/a> de la entidad.<\/p>\n<p style=\"text-align: justify;\">Gracias a cada uno por su participaci\u00f3n en esta actividad y los invitamos a estar atentos a nuestras pr\u00f3ximas charlas.<\/p>\n<ul>\n<li>Direcci\u00f3n      Calle Hindenburg 683, barrio Italia, Providencia<\/li>\n<li>D\u00eda:      Jueves 22 de septiembre de 15:00 a 17:00 hrs.<\/li>\n<li>Invitaci\u00f3n      incluye: recorridos guiados, material educativo y charlas de expertos.<\/li>\n<li>Inscripciones      previas en <a href=\"mailto:jornadas@casamuseoeduardofrei.cl\">jornadas@casamuseoeduardofrei.cl<\/a><\/li>\n<li>ENTRADA      LIBERADA<\/li>\n<\/ul>\n<p style=\"text-align: justify;\">\n","protected":false},"excerpt":{"rendered":"<p>Un variado p\u00fablico asisti\u00f3 el pasado jueves 22 de septiembre a la actividad encabezada por el\u00a0Jefe de Planes y Programas de la SEREMI Metropolitana, Sr. Jorge Vera Toledo, qui\u00e9n expuso en\u00a0Casa Museo Eduardo Frei Montalva sobre el programa &#8220;Recuperaci\u00f3n de Barrios&#8221; y su experiencia e implementaci\u00f3n en Villa Portales.\u00a0<\/p>\n","protected":false},"author":4,"featured_media":0,"comment_status":"open","ping_status":"open","sticky":false,"template":"","format":"standard","meta":{"_acf_changed":false,"footnotes":""},"categories":[14],"tags":[44,46,207,247,248,249,250],"class_list":["post-6844","post","type-post","status-publish","format-standard","hentry","category-noticias","tag-casa-museo","tag-eduardo-frei-montalva","tag-jornadas-formacion-ciudadana","tag-minvu","tag-panorama-estudiantes","tag-panorama-universitarios","tag-participacion-ciudadana"],"acf":[],"_links":{"self":[{"href":"https:\/\/www.casamuseoeduardofrei.cl\/en\/wp-json\/wp\/v2\/posts\/6844","targetHints":{"allow":["GET"]}}],"collection":[{"href":"https:\/\/www.casamuseoeduardofrei.cl\/en\/wp-json\/wp\/v2\/posts"}],"about":[{"href":"https:\/\/www.casamuseoeduardofrei.cl\/en\/wp-json\/wp\/v2\/types\/post"}],"author":[{"embeddable":true,"href":"https:\/\/www.casamuseoeduardofrei.cl\/en\/wp-json\/wp\/v2\/users\/4"}],"replies":[{"embeddable":true,"href":"https:\/\/www.casamuseoeduardofrei.cl\/en\/wp-json\/wp\/v2\/comments?post=6844"}],"version-history":[{"count":1,"href":"https:\/\/www.casamuseoeduardofrei.cl\/en\/wp-json\/wp\/v2\/posts\/6844\/revisions"}],"predecessor-version":[{"id":16521,"href":"https:\/\/www.casamuseoeduardofrei.cl\/en\/wp-json\/wp\/v2\/posts\/6844\/revisions\/16521"}],"wp:attachment":[{"href":"https:\/\/www.casamuseoeduardofrei.cl\/en\/wp-json\/wp\/v2\/media?parent=6844"}],"wp:term":[{"taxonomy":"category","embeddable":true,"href":"https:\/\/www.casamuseoeduardofrei.cl\/en\/wp-json\/wp\/v2\/categories?post=6844"},{"taxonomy":"post_tag","embeddable":true,"href":"https:\/\/www.casamuseoeduardofrei.cl\/en\/wp-json\/wp\/v2\/tags?post=6844"}],"curies":[{"name":"wp","href":"https:\/\/api.w.org\/{rel}","templated":true}]}}