{"id":6794,"date":"2011-09-01T16:53:28","date_gmt":"2011-09-01T20:53:28","guid":{"rendered":"http:\/\/www.casamuseoeduardofrei.cl\/?p=6794"},"modified":"2015-04-22T12:59:10","modified_gmt":"2015-04-22T15:59:10","slug":"objeto-del-mes-frei-el-perseverante-candidato","status":"publish","type":"post","link":"https:\/\/www.casamuseoeduardofrei.cl\/en\/objeto-del-mes-frei-el-perseverante-candidato\/","title":{"rendered":"Objeto del mes: Frei Montalva, el perseverante candidato"},"content":{"rendered":"<p><\/p>\n<p style=\"text-align: justify;\">Durante todo el mes de <strong>septiembre<\/strong> ser\u00e1n exhibidos distintos objetos correspondientes a las ocho campa\u00f1as donde Eduardo Frei Montalva particip\u00f3, con el fin de mostrar su faceta de candidato y los variados medios usados en la \u00e9poca para captar votantes y adherentes.<!--more--><\/p>\n<p style=\"text-align: justify;\">La casa de calle Hindenburg, hoy convertida en Museo, resguarda emblem\u00e1ticos objetos de las dos campa\u00f1as presidenciales y las seis parlamentarias, donde Eduardo Frei Montalva particip\u00f3 a lo largo de su vida. Banderines, afiches, discos de vinilo, bonos de cooperaci\u00f3n, tarjetas de adhesi\u00f3n, panfletos y folletines, ser\u00e1n exhibidos de manera especial en el hall central de la Casa Museo.<\/p>\n<p style=\"text-align: justify;\">La primera candidatura de Frei Montalva se realiza en 1937, mientras era director del diario El Tarapac\u00e1 de Iquique y publica su primer libro \u201cChile desconocido\u201d, por la diputaci\u00f3n de la primera agrupaci\u00f3n electoral que comprend\u00eda Arica, Iquique y Pisagua. La zona fue extensamente recorrida por el candidato, realizando discursos y reuniones e intentando juntar el dinero necesario para imprimir los votos. \u00a0<\/p>\n<p style=\"text-align: justify;\">Si bien Eduardo Frei obtuvo 1.545 votos, la m\u00e1s alta mayor\u00eda individual, el sistema de cifra repartidora reinante le impidi\u00f3 lograr un puesto en la C\u00e1mara de Diputados.<\/p>\n<div id=\"attachment_6801\" style=\"width: 184px\" class=\"wp-caption alignleft\"><a href=\"http:\/\/www.casamuseoeduardofrei.cl\/wp-content\/uploads\/2011\/09\/foto_interior3.jpg\" data-rel=\"lightbox-image-0\" data-rl_title=\"\" data-rl_caption=\"\"><img loading=\"lazy\" decoding=\"async\" aria-describedby=\"caption-attachment-6801\" class=\"size-full wp-image-6801\" title=\"\" src=\"http:\/\/www.casamuseoeduardofrei.cl\/wp-content\/uploads\/2011\/09\/foto_interior3.jpg\" alt=\"Panfleto Campa\u00f1a Presidencial 1964\" width=\"174\" height=\"225\" \/><\/a><p id=\"caption-attachment-6801\" class=\"wp-caption-text\">Panfleto Campa\u00f1a Presidencial 1964<\/p><\/div>\n<p style=\"text-align: justify;\">En 1941 se abr\u00eda una nueva oportunidad para que los j\u00f3venes falangistas probaran fuerzas frente a los partidos tradicionales, pero el no contar con suficiente apoyo monetario y\u00a0 medi\u00e1tico, el desaf\u00edo se hizo a\u00fan m\u00e1s dif\u00edcil. Frei Montalva pierde en las elecciones por la diputaci\u00f3n, ahora en Santiago, obteniendo s\u00f3lo el 3,4% de los votos.<\/p>\n<p style=\"text-align: justify;\">Cuatro a\u00f1os m\u00e1s tarde la Falange cumpl\u00eda 10 a\u00f1os y era imprescindible un triunfo electoral que les permitiera sobrevivir pol\u00edticamente. Sin embargo, el convencimiento de que sus ideas y principios dar\u00edan un nuevo impulso transformador al pa\u00eds, no se reflejaba en los resultados, significando en 1945 la tercera derrota de Frei Montalva en busca de un cupo en la C\u00e1mara Baja.<\/p>\n<p style=\"text-align: justify;\">Pero la suerte comienza a cambiar y meses despu\u00e9s, con 34 a\u00f1os el perseverante candidato es elegido Ministro de Obras P\u00fablicas del gobierno de Juan Antonio R\u00edos, fortaleciendo su futura popularidad pol\u00edtica.<\/p>\n<p style=\"text-align: justify;\">Sus a\u00f1os en Iquique y su labor como Ministro, llevan a su partido a nombrarlo candidato a Senador por la 2da. Circunscripci\u00f3n de Atacama y Coquimbo para las elecciones de 1949. El 13 de marzo finalmente Eduardo Frei Montalva consigue su primer triunfo electoral, puesto que renovar\u00eda en 1957, esta vez representando a Santiago.<\/p>\n<div id=\"attachment_6803\" style=\"width: 310px\" class=\"wp-caption alignright\"><a href=\"http:\/\/www.casamuseoeduardofrei.cl\/wp-content\/uploads\/2011\/09\/campa\u00f1a_presidencial_1958.jpg\" data-rel=\"lightbox-image-1\" data-rl_title=\"\" data-rl_caption=\"\"><img loading=\"lazy\" decoding=\"async\" aria-describedby=\"caption-attachment-6803\" class=\"size-full wp-image-6803\" title=\"\" src=\"http:\/\/www.casamuseoeduardofrei.cl\/wp-content\/uploads\/2011\/09\/campa\u00f1a_presidencial_1958.jpg\" alt=\"Campa\u00f1a Presidencial 1958\" width=\"300\" height=\"200\" \/><\/a><p id=\"caption-attachment-6803\" class=\"wp-caption-text\">Campa\u00f1a Presidencial 1958<\/p><\/div>\n<p style=\"text-align: justify;\">El nuevo senador ten\u00eda claro que se vislumbraba para su futuro: las presidenciales de 1958. As\u00ed describe Cristi\u00e1n Gazmuri esta campa\u00f1a: <em>\u201cEn verdad, lo que la caracteriz\u00f3 fue la inagotable energ\u00eda del candidato, que sol\u00eda hablar, siempre improvisando, 10 \u00f3 12 veces al d\u00eda, dorm\u00eda en autom\u00f3viles en marcha y jam\u00e1s parec\u00eda cansado cuando sus acompa\u00f1antes estaban exhaustos\u201d<a href=\"http:\/\/www.casamuseoeduardofrei.cl\/wp-includes\/js\/tinymce\/plugins\/paste\/pasteword.htm?ver=3241-1141100#_ftn1\"><strong>[1]<\/strong><\/a>.<\/em><\/p>\n<p style=\"text-align: justify;\">Finalmente Jorge Alessandri result\u00f3 electo Presidente de Chile, la desilusi\u00f3n de los freistas fue grande, no obstante llegaron miles de telegramas y cartas de apoyo al vencido candidato.<\/p>\n<p style=\"text-align: justify;\">Pero la derrota no lo desmotiv\u00f3 y continu\u00f3 trabajando con energ\u00eda para la campa\u00f1a que lo llevar\u00eda a la presidencia en 1964, realizando un a\u00f1o antes diversos congresos a lo largo del pa\u00eds dirigidos a profesionales, t\u00e9cnicos, mujeres, artistas e intelectuales, j\u00f3venes, campesinos, pobladores, etc. \u00a0Los cu\u00e1les servir\u00edan de base para un futuro programa de gobierno.<\/p>\n<p style=\"text-align: justify;\">Su segundo intento por llegar a La Moneda estuvo marcado por grandes concentraciones. Eduardo Frei junt\u00f3 a 300.000 chilenos en el Parque Cousi\u00f1o, al finalizar la \u201cMarcha de la Patria Joven\u201d, mientras el cierre de su campa\u00f1a replet\u00f3 la Alameda entre Estaci\u00f3n Central y Ej\u00e9rcito. Como muestra la fotograf\u00eda (estar\u00e1 en el sitio), el todav\u00eda candidato saludaba a la multitud haciendo la se\u00f1al de la victoria, que adem\u00e1s simbolizaba el n\u00famero 2 que ocup\u00f3 en la papeleta de votos. Finalmente con el 56.09% el candidato democratacristiano fue elegido Presidente de Chile para el per\u00edodo 1964 \u2013 1970.<\/p>\n<p style=\"text-align: justify;\">A los 62 a\u00f1os, Frei Montalva emprende su \u00faltima aventura electoral, nuevamente para ser Senador por Santiago, resultando electo con la primera mayor\u00eda nacional (28,22%) hasta la disoluci\u00f3n del Congreso en septiembre de 1973.<\/p>\n<p style=\"text-align: justify;\">Los invitamos a visitar esta exhibici\u00f3n que permite reflexionar y recordar hitos importantes y trascendentes del pa\u00eds.<\/p>\n<ul style=\"text-align: justify;\">\n<li>Objeto del mes: \u201cFrei, el perseverante candidato\u201d<\/li>\n<li>Fecha: 1 al 30 de septiembre.<\/li>\n<li>Calle Hindenburg 683, barrio Italia, Providencia.<\/li>\n<li>Horarios: De martes a domingo de 10:00 a 18:00 hrs.<\/li>\n<\/ul>\n<p style=\"text-align: justify;\">ENTRADA LIBERADA.<\/p>\n<p style=\"text-align: justify;\">\u00a0<a href=\"http:\/\/www.casamuseoeduardofrei.cl\/wp-includes\/js\/tinymce\/plugins\/paste\/pasteword.htm?ver=3241-1141100#_ftnref1\">[1]<\/a> Gazmuri, Cristi\u00e1n. Eduardo Frei Montalva y su \u00e9poca. Santiago, Aguilar, 200. p. 451<\/p>\n<p><\/p>","protected":false},"excerpt":{"rendered":"<p>Sorry, this entry is only available in Espa\u00f1ol.<\/p>\n","protected":false},"author":4,"featured_media":10110,"comment_status":"open","ping_status":"open","sticky":false,"template":"","format":"standard","meta":{"_acf_changed":false,"footnotes":""},"categories":[14,15],"tags":[243,244,8],"class_list":["post-6794","post","type-post","status-publish","format-standard","has-post-thumbnail","hentry","category-noticias","category-objeto-del-mes","tag-candidaturas-de-frei","tag-frei-candidato","tag-objeto-del-mes"],"acf":[],"_links":{"self":[{"href":"https:\/\/www.casamuseoeduardofrei.cl\/en\/wp-json\/wp\/v2\/posts\/6794","targetHints":{"allow":["GET"]}}],"collection":[{"href":"https:\/\/www.casamuseoeduardofrei.cl\/en\/wp-json\/wp\/v2\/posts"}],"about":[{"href":"https:\/\/www.casamuseoeduardofrei.cl\/en\/wp-json\/wp\/v2\/types\/post"}],"author":[{"embeddable":true,"href":"https:\/\/www.casamuseoeduardofrei.cl\/en\/wp-json\/wp\/v2\/users\/4"}],"replies":[{"embeddable":true,"href":"https:\/\/www.casamuseoeduardofrei.cl\/en\/wp-json\/wp\/v2\/comments?post=6794"}],"version-history":[{"count":0,"href":"https:\/\/www.casamuseoeduardofrei.cl\/en\/wp-json\/wp\/v2\/posts\/6794\/revisions"}],"wp:featuredmedia":[{"embeddable":true,"href":"https:\/\/www.casamuseoeduardofrei.cl\/en\/wp-json\/wp\/v2\/media\/10110"}],"wp:attachment":[{"href":"https:\/\/www.casamuseoeduardofrei.cl\/en\/wp-json\/wp\/v2\/media?parent=6794"}],"wp:term":[{"taxonomy":"category","embeddable":true,"href":"https:\/\/www.casamuseoeduardofrei.cl\/en\/wp-json\/wp\/v2\/categories?post=6794"},{"taxonomy":"post_tag","embeddable":true,"href":"https:\/\/www.casamuseoeduardofrei.cl\/en\/wp-json\/wp\/v2\/tags?post=6794"}],"curies":[{"name":"wp","href":"https:\/\/api.w.org\/{rel}","templated":true}]}}