{"id":6678,"date":"2011-08-01T12:30:07","date_gmt":"2011-08-01T16:30:07","guid":{"rendered":"http:\/\/www.casamuseoeduardofrei.cl\/?p=6678"},"modified":"2018-01-19T14:27:56","modified_gmt":"2018-01-19T17:27:56","slug":"objeto-del-mes-el-discurso-mas-mediatico-de-frei-montalva","status":"publish","type":"post","link":"https:\/\/www.casamuseoeduardofrei.cl\/en\/objeto-del-mes-el-discurso-mas-mediatico-de-frei-montalva\/","title":{"rendered":"Objeto del mes: El discurso m\u00e1s medi\u00e1tico de Frei Montalva"},"content":{"rendered":"<p><\/p>\n<p style=\"text-align: justify;\">El texto completo escrito y le\u00eddo por Eduardo Frei Montalva en el Teatro Caupolic\u00e1n en 1980 junto a material gr\u00e1fico de\u00a0aquel entonces, ser\u00e1n exhibidos durante todo agosto de manera especial con el fin de destacar la faceta de l\u00edder opositor del ex mandatario.<!--more--><\/p>\n<p style=\"text-align: justify;\">Sin duda, uno de los actos m\u00e1s populares y emblem\u00e1ticos destacados por la prensa de la \u00e9poca y hasta nuestros d\u00edas, es el discurso realizado por Eduardo Frei Montalva en el Teatro Caupolic\u00e1n el 27 de agosto de 1980. El texto mecanografiado en tama\u00f1o oficio de tan s\u00f3lo 20 p\u00e1ginas y, actualmente considerado un documento de alto valor hist\u00f3rico, ser\u00e1 exhibido en el hall central de la Casa Museo durante todo este mes.<\/p>\n<p style=\"text-align: justify;\">Para comprender el contenido y la carga hist\u00f3rica de este trascendente discurso, es necesario comprender que las palabras expresadas por Frei Montalva ante miles de personas ese d\u00eda de agosto son el punto c\u00falmine del pensamiento que el ex mandatario hab\u00eda manifestando a\u00f1os antes. A pesar de haber dejando la presidencia en 1970, mantiene un liderazgo activo y con gran presencia internacional, donde destaca su participaci\u00f3n en la (1)Comisi\u00f3n Brandt , organismo consultivo conformado por l\u00edderes de distintos pa\u00edses del mundo.<\/p>\n<div id=\"attachment_6689\" style=\"width: 160px\" class=\"wp-caption alignleft\"><a href=\"http:\/\/www.casamuseoeduardofrei.cl\/wp-content\/uploads\/2011\/08\/portada_hoy_sitio1.jpg\" data-rel=\"lightbox-image-2\" data-rl_title=\"\" data-rl_caption=\"\"><img loading=\"lazy\" decoding=\"async\" aria-describedby=\"caption-attachment-6689\" class=\"size-full wp-image-6689\" title=\"\" src=\"http:\/\/www.casamuseoeduardofrei.cl\/wp-content\/uploads\/2011\/08\/portada_hoy_sitio1.jpg\" alt=\"Portada Revista Hoy\" width=\"150\" height=\"221\" \/><\/a><p id=\"caption-attachment-6689\" class=\"wp-caption-text\">Portada Revista Hoy<\/p><\/div>\n<p style=\"text-align: justify;\">Tras el quiebre democr\u00e1tico en Chile y considerando que las garant\u00edas de libertad de expresi\u00f3n en el pa\u00eds estaban quebradas, Eduardo Frei Montalva utiliza h\u00e1bilmente su fuerte presencia medi\u00e1tica en foros internacionales, para luego introducir su postura en Chile a trav\u00e9s de publicaciones y entrevistas que lo transformaron en un referente reconocido y respetado por quienes se manifestaban en contra del R\u00e9gimen. Ejemplo de ello fue la publicaci\u00f3n de dos de sus diecis\u00e9is libros escritos entre 1975 y 1980: <em>\u201cEl mandato de la historia y las exigencias del porvenir\u201d<\/em> y <em>\u201cFutura Institucionalidad para la Paz en Chile\u201d<\/em>. Ambos textos reafirmar\u00e1n la creencia del ex mandatario de que, pese a la crisis de 1973, se debe recuperar \u201cEl mandato hist\u00f3rico de Chile\u201d, en el sentido de preservar y mantener los logros democr\u00e1ticos que hab\u00edan distinguido a la historia social del pa\u00eds desde 1833, cuando se consolida la independencia de Chile, con sus respectivos perfeccionamientos.<\/p>\n<p style=\"text-align: justify;\">En el marco de la conmemoraci\u00f3n del primer centenario del natalicio del ex mandatario, el \u201cEl mandato de la historia y las exigencias del porvenir\u201d ha sido reeditado por Casa Museo Eduardo Frei Montalva y prontamente estar\u00e1 a disposici\u00f3n de la comunidad.<\/p>\n<p style=\"text-align: justify;\">El pensamiento opositor de Frei Montalva, se hace sentir con fuerza en los a\u00f1os \u201880. Seis d\u00edas antes del llamado \u201cCaupolicanazo\u201d, como lo llam\u00f3 la prensa de la \u00e9poca, el ex mandatario env\u00eda una carta al Ministro del Interior del R\u00e9gimen, aludiendo que en su calidad de ex Presidente de la Rep\u00fablica, solicita la autorizaci\u00f3n para realizar un discurso p\u00fablico junto con una cadena de radio y televisi\u00f3n.<\/p>\n<div id=\"attachment_6687\" style=\"width: 260px\" class=\"wp-caption alignright\"><a href=\"http:\/\/www.casamuseoeduardofrei.cl\/wp-content\/uploads\/2011\/08\/foto_conferencia_casa2.jpg\" data-rel=\"lightbox-image-1\" data-rl_title=\"\" data-rl_caption=\"\"><img loading=\"lazy\" decoding=\"async\" aria-describedby=\"caption-attachment-6687\" class=\"size-full wp-image-6687\" title=\"\" src=\"http:\/\/www.casamuseoeduardofrei.cl\/wp-content\/uploads\/2011\/08\/foto_conferencia_casa2.jpg\" alt=\"Conferencia realizada en comedor de su casa de calle Hindenburg\" width=\"250\" height=\"183\" \/><\/a><p id=\"caption-attachment-6687\" class=\"wp-caption-text\">Conferencia realizada en comedor de su casa de calle Hindenburg<\/p><\/div>\n<p style=\"text-align: justify;\">La autorizaci\u00f3n fue otorgada el 24 de agosto, tres d\u00edas antes del acto, pero sin la cadena de medios a excepci\u00f3n de Radio Cooperativa y Radio Chilena, quienes transmitieron en vivo el encuentro. Horas antes de anunciar el discurso, Frei Montalva organiza una conferencia para la prensa internacional, que se llev\u00f3 a cabo en el comedor de su casa en calle Hindenburg (ver fotograf\u00eda), espacio que actualmente se encuentra intacto y puede ser visitado como Casa Museo por el p\u00fablico.<\/p>\n<p style=\"text-align: justify;\">Al encuentro en el Teatro Caupolic\u00e1n, llamado<em> \u201cActo de los Chilenos Libres\u201d,<\/em> llegaron miles de personas que representaban diferentes tendencias, pensamientos y sensibilidades.<\/p>\n<p style=\"text-align: justify;\">Parte sustancial de su discurso, era rechazar cualquier sistema que intente personalizar en una minor\u00eda el poder, m\u00e1s aun cuando se sostiene restringiendo los principios b\u00e1sicos de libertad y de derecho individual, quebrantando as\u00ed la normalidad constitucional y democr\u00e1tica. En su juicio intelectual, los reg\u00edmenes totalitarios de cualquier tendencia s\u00f3lo pueden llevar a la cat\u00e1strofe.<\/p>\n<p style=\"text-align: justify;\">El ex Presidente cre\u00f3 no s\u00f3lo un discurso para decir No al Plebiscito que convocaba a la ciudadan\u00eda ha apoyar la Constituci\u00f3n de 1980, sino que indic\u00f3 la senda de la perspectiva democr\u00e1tica para devolver al pueblo el control y el poder que garantizara sus libertades individuales.<\/p>\n<p style=\"text-align: justify;\">Los invitamos a recorrer la casa, hoy transformada en museo, donde se escribi\u00f3 este discurso y conocer la sustancia de este documento hist\u00f3rico que en 20 p\u00e1ginas resume el pensamiento opositor del ex mandatario y permite comprender gran parte del contexto socio pol\u00edtico de nuestra historia reciente.<\/p>\n<address style=\"text-align: justify;\">(1) Comisi\u00f3n creada por Willy Brandt, canciller de la Rep\u00fablica Federal Alemana (1969 y 1974) y Premio Nobel de la Paz en 1971. Creada en septiembre de 1977, su objetivo era generar informes para mejorar la gesti\u00f3n de organizaciones mundiales para resolver problemas de diferenciaci\u00f3n econ\u00f3mica entre el primer y tercer mundo.<\/address>\n<p>Descargar discurso completo <a href=\"http:\/\/www.casamuseoeduardofrei.cl\/wp-content\/uploads\/2009\/04\/Discurso-con-motivo-del-Plebiscito-de-1980.pdf\" target=\"_blank\">aqu\u00ed<\/a><\/p>\n<p>Ven y conoce este nuevo objeto del mes: entrada gratuita.<\/p>\n<p>Direcci\u00f3n: Calle Hindenburg 683, barrio Italia, Providencia.<\/p>\n<p>Visitas al interior de la Casa Museo: $1300 general, $700 estudiantes, ni\u00f1os y tercera edad.<\/p>","protected":false},"excerpt":{"rendered":"<p>Sorry, this entry is only available in Espa\u00f1ol.<\/p>\n","protected":false},"author":4,"featured_media":10111,"comment_status":"open","ping_status":"open","sticky":false,"template":"","format":"standard","meta":{"_acf_changed":false,"footnotes":""},"categories":[14,15],"tags":[237,238,46,8,239,240],"class_list":["post-6678","post","type-post","status-publish","format-standard","has-post-thumbnail","hentry","category-noticias","category-objeto-del-mes","tag-discurso-1980","tag-discurso-80","tag-eduardo-frei-montalva","tag-objeto-del-mes","tag-plebiscito-1980","tag-teatro-caupolican"],"acf":[],"_links":{"self":[{"href":"https:\/\/www.casamuseoeduardofrei.cl\/en\/wp-json\/wp\/v2\/posts\/6678","targetHints":{"allow":["GET"]}}],"collection":[{"href":"https:\/\/www.casamuseoeduardofrei.cl\/en\/wp-json\/wp\/v2\/posts"}],"about":[{"href":"https:\/\/www.casamuseoeduardofrei.cl\/en\/wp-json\/wp\/v2\/types\/post"}],"author":[{"embeddable":true,"href":"https:\/\/www.casamuseoeduardofrei.cl\/en\/wp-json\/wp\/v2\/users\/4"}],"replies":[{"embeddable":true,"href":"https:\/\/www.casamuseoeduardofrei.cl\/en\/wp-json\/wp\/v2\/comments?post=6678"}],"version-history":[{"count":3,"href":"https:\/\/www.casamuseoeduardofrei.cl\/en\/wp-json\/wp\/v2\/posts\/6678\/revisions"}],"predecessor-version":[{"id":12506,"href":"https:\/\/www.casamuseoeduardofrei.cl\/en\/wp-json\/wp\/v2\/posts\/6678\/revisions\/12506"}],"wp:featuredmedia":[{"embeddable":true,"href":"https:\/\/www.casamuseoeduardofrei.cl\/en\/wp-json\/wp\/v2\/media\/10111"}],"wp:attachment":[{"href":"https:\/\/www.casamuseoeduardofrei.cl\/en\/wp-json\/wp\/v2\/media?parent=6678"}],"wp:term":[{"taxonomy":"category","embeddable":true,"href":"https:\/\/www.casamuseoeduardofrei.cl\/en\/wp-json\/wp\/v2\/categories?post=6678"},{"taxonomy":"post_tag","embeddable":true,"href":"https:\/\/www.casamuseoeduardofrei.cl\/en\/wp-json\/wp\/v2\/tags?post=6678"}],"curies":[{"name":"wp","href":"https:\/\/api.w.org\/{rel}","templated":true}]}}