{"id":6450,"date":"2011-08-01T12:13:40","date_gmt":"2011-08-01T16:13:40","guid":{"rendered":"http:\/\/www.casamuseoeduardofrei.cl\/?p=6450"},"modified":"2011-08-01T12:13:40","modified_gmt":"2011-08-01T16:13:40","slug":"nuevo-taller-de-astronomia-para-ninos","status":"publish","type":"post","link":"https:\/\/www.casamuseoeduardofrei.cl\/en\/nuevo-taller-de-astronomia-para-ninos\/","title":{"rendered":"Gratis nuevo taller de astronom\u00eda para ni\u00f1os"},"content":{"rendered":"<p style=\"text-align: justify;\">El <strong>s\u00e1bado 27 de agosto <\/strong>a partir de las <strong>11:00 hrs<\/strong>. se realizar\u00e1 el IV Taller \u201cViajando a la Luna\u201d, una din\u00e1mica actividad donde los asistentes podr\u00e1n aprender detalles de los primeros viajes al espacio.\u00a0\u00a0Para\u00a0ni\u00f1os mayores de 12 a\u00f1os. Museo Nacional Aeron\u00e1utico y del Espacio \u00a1Cupos limitados!<!--more--><\/p>\n<p style=\"text-align: justify;\">En el marco de la exposici\u00f3n \u201cDe la Luna al museo\u201d, que exhibe fragmentos de roca lunar originales,\u00a0 <strong>Casa Museo Eduardo Frei Montalva<\/strong> en conjunto con el <strong>Museo Nacional de Historia Natural<\/strong> y el <strong>Museo Nacional Aeron\u00e1utico y del Espacio <\/strong>invitan a participar\u00a0de una nueva versi\u00f3n de este\u00a0 taller que se ha realizado con \u00e9xito desde el 2010 y que tiene como objetivo dar a una visi\u00f3n actualizada y did\u00e1ctica de las 7 misiones Apolo, detalles de los viajes espaciales y la importancia de los cohetes en estos. Inscripciones <a href=\"http:\/\/www.casamuseoeduardofrei.cl\/medios-de-contacto\/formulario-de-contacto\/\" target=\"_blank\">aqu\u00ed.<\/a><\/p>\n<p style=\"text-align: justify;\">El taller \u201cViajando a la Luna\u201d est\u00e1 encabezado por <strong>Jorge Ianiszewski<\/strong>, escritor y divulgador cient\u00edfico, especialista en temas de astronom\u00eda, docente y director de cursos de astronom\u00eda b\u00e1sica, editor y creador del sitio web<a href=\"http:\/\/www.circuloastronomico.cl\" target=\"_blank\"> \u201cC\u00edrculo Astron\u00f3mico\u201d <\/a>y autor del libro \u201cGu\u00edas a los cielos australes\u201d que ya cuenta con tercera edici\u00f3n.<\/p>\n<p style=\"text-align: justify;\">La actividad tiene una duraci\u00f3n aproximada de dos horas\u00a0 y consta de tres etapas donde primero los ni\u00f1os podr\u00e1n ver el despegue de un cohete de lanzamiento por aire, luego ingresar\u00e1n a la Sala del Espacio donde con did\u00e1cticas figuras podr\u00e1n entender el funcionamiento interior de una nave espacial y las etapas del primer viaje a la Luna, para finalmente conocer las \u00faltimas fotograf\u00edas del panorama lunar reveladas por la NASA.<\/p>\n<p style=\"text-align: justify;\">\u201c<strong>De la Luna al museo\u201d<\/strong><\/p>\n<div id=\"attachment_6663\" style=\"width: 210px\" class=\"wp-caption alignleft\"><a href=\"http:\/\/www.casamuseoeduardofrei.cl\/wp-content\/uploads\/2011\/07\/foto2_interior.jpg\" data-rel=\"lightbox-image-0\" data-rl_title=\"\" data-rl_caption=\"\"><img loading=\"lazy\" decoding=\"async\" aria-describedby=\"caption-attachment-6663\" class=\"size-full wp-image-6663\" title=\"\" src=\"http:\/\/www.casamuseoeduardofrei.cl\/wp-content\/uploads\/2011\/07\/foto2_interior.jpg\" alt=\"Ni\u00f1os observan fragmentos de roca lunar\" width=\"200\" height=\"150\" \/><\/a><p id=\"caption-attachment-6663\" class=\"wp-caption-text\">Ni\u00f1os observan fragmentos de roca lunar<\/p><\/div>\n<p style=\"text-align: justify;\">Al interior de un cohete gigante, similar a los usados por la NASA, se ubica esta exposici\u00f3n temporal que cuenta con fragmentos de roca lunar donados a Chile por el gobierno de Estados Unidos tras sus misiones: Apolo 11 y Apolo 17 y que actualmente forman parte de la colecci\u00f3n de <strong>Casa Museo Eduardo Frei Montalva<\/strong> y el <strong>Museo Nacional de Historia Natural<\/strong>, respectivamente. Ambas entidades se unieron el 2009 para dar vida a una exposici\u00f3n \u00fanica que podr\u00e1 ser visitada hasta el <strong>30 de diciembre<\/strong> del 2011 en el <strong>Museo Nacional Aeron\u00e1utico y del Espacio<\/strong>, completamente gratis.<\/p>\n<p>M\u00e1s informaciones al fono (02) 881 86 74\u00a0 \u00f3 \u00a0al email <a href=\"http:\/\/mailto:contacto@casamuseoeduardofrei.cl\" target=\"_blank\">contacto@casamuseoeduardofrei.cl<\/a><\/p>\n","protected":false},"excerpt":{"rendered":"<p>El s\u00e1bado 27 de agosto a partir de las 11:00 hrs. se realizar\u00e1 el IV Taller \u201cViajando a la Luna\u201d, una din\u00e1mica actividad donde los asistentes podr\u00e1n aprender detalles de los primeros viajes al espacio.\u00a0\u00a0Para\u00a0ni\u00f1os mayores de 12 a\u00f1os. Museo Nacional Aeron\u00e1utico y del Espacio \u00a1Cupos limitados!<\/p>\n","protected":false},"author":4,"featured_media":0,"comment_status":"open","ping_status":"open","sticky":false,"template":"","format":"standard","meta":{"_acf_changed":false,"footnotes":""},"categories":[14],"tags":[169,44,235,46,175,170,171,172,174],"class_list":["post-6450","post","type-post","status-publish","format-standard","hentry","category-noticias","tag-astronomia","tag-casa-museo","tag-circulo-astronomico","tag-eduardo-frei-montalva","tag-jorge-ianiszewski","tag-museo-nacional-aeronautico-y-del-espacio","tag-museo-nacional-de-historia-natural","tag-ninos","tag-taller-viajando-a-la-luna"],"acf":[],"_links":{"self":[{"href":"https:\/\/www.casamuseoeduardofrei.cl\/en\/wp-json\/wp\/v2\/posts\/6450","targetHints":{"allow":["GET"]}}],"collection":[{"href":"https:\/\/www.casamuseoeduardofrei.cl\/en\/wp-json\/wp\/v2\/posts"}],"about":[{"href":"https:\/\/www.casamuseoeduardofrei.cl\/en\/wp-json\/wp\/v2\/types\/post"}],"author":[{"embeddable":true,"href":"https:\/\/www.casamuseoeduardofrei.cl\/en\/wp-json\/wp\/v2\/users\/4"}],"replies":[{"embeddable":true,"href":"https:\/\/www.casamuseoeduardofrei.cl\/en\/wp-json\/wp\/v2\/comments?post=6450"}],"version-history":[{"count":0,"href":"https:\/\/www.casamuseoeduardofrei.cl\/en\/wp-json\/wp\/v2\/posts\/6450\/revisions"}],"wp:attachment":[{"href":"https:\/\/www.casamuseoeduardofrei.cl\/en\/wp-json\/wp\/v2\/media?parent=6450"}],"wp:term":[{"taxonomy":"category","embeddable":true,"href":"https:\/\/www.casamuseoeduardofrei.cl\/en\/wp-json\/wp\/v2\/categories?post=6450"},{"taxonomy":"post_tag","embeddable":true,"href":"https:\/\/www.casamuseoeduardofrei.cl\/en\/wp-json\/wp\/v2\/tags?post=6450"}],"curies":[{"name":"wp","href":"https:\/\/api.w.org\/{rel}","templated":true}]}}