{"id":6423,"date":"2011-07-01T12:53:24","date_gmt":"2011-07-01T16:53:24","guid":{"rendered":"http:\/\/www.casamuseoeduardofrei.cl\/?p=6423"},"modified":"2015-04-22T13:10:37","modified_gmt":"2015-04-22T16:10:37","slug":"objeto-del-mes-recuerdos-de-una-gira-trascendental","status":"publish","type":"post","link":"https:\/\/www.casamuseoeduardofrei.cl\/en\/objeto-del-mes-recuerdos-de-una-gira-trascendental\/","title":{"rendered":"Objeto del mes: Recuerdos de una gira trascendental"},"content":{"rendered":"<p><\/p>\n<p style=\"text-align: justify;\">Una taza de viaje Luis XVI y un jarr\u00f3n etrusco ser\u00e1n exhibidos de manera especial durante <strong>todo julio<\/strong>, ambos objetos fueron regalados a <strong>Eduardo Frei Montalva<\/strong> durante su primera gira presidencial a Europa en1965. Gratis.<!--more--><\/p>\n<p style=\"text-align: justify;\">En el marco de las actividades conmemorativas a los 100 a\u00f1os del nacimiento del ex Presidente, donde destacaremos alguna de sus m\u00faltiples facetas, este mes se exhibir\u00e1n dos objetos que simbolizan las giras presidenciales y relaciones internacionales que realiz\u00f3 Frei Montalva durante su mandato, transform\u00e1ndose en el primer Presidente chileno y latinoamericano en realizar una gira a Europa occidental.<\/p>\n<p style=\"text-align: justify;\">El 30 de junio de 1965 el Presidente y su comitiva, encabeza por el Ministro de Relaciones Exteriores, Gabriel Vald\u00e9s, parten con destino a Argentina, Uruguay y Brasil donde se re\u00fane con los respectivos jefes de gobierno, para luego cruzar el Atl\u00e1ntico y visitar Italia, El Vaticano, Francia, Inglaterra y Alemania. Esta gira se transform\u00f3 en toda una novedad, considerando que en la \u00e9poca los viajes eran breves y espor\u00e1dicos.<\/p>\n<p style=\"text-align: justify;\">Durante este viaje, el cu\u00e1l signific\u00f3 para Chile tratar con los principales l\u00edderes del continente europeo, la firma de variados convenios de cooperaci\u00f3n y un acercamiento con importantes instituciones financieras e industriales, Frei Montalva recibi\u00f3 una <strong>taza de viaje Luis XVI<\/strong> obsequiada por el presidente franc\u00e9s Charles De Gaulle y un valioso <strong>jarr\u00f3n etrusco<\/strong> del siglo III A.C. proveniente de la zona de Campania, Italia, regalado en su visita al establecimiento agr\u00edcola Maccarese, lugar donde el ex mandatario comparti\u00f3 con campesinos italianos y conoci\u00f3 m\u00e1s sobre la Reforma Agraria de ese pa\u00eds.<\/p>\n<p style=\"text-align: justify;\">Ambos obsequios se ubican en una vitrina de la sala de estar de la Casa Museo que fue mandada a hacer especialmente por Frei Montalva, y que hoy forman parte de la colecci\u00f3n permanente de la Casa Museo.<\/p>\n<div id=\"attachment_6428\" style=\"width: 210px\" class=\"wp-caption alignleft\"><a href=\"http:\/\/www.casamuseoeduardofrei.cl\/wp-content\/uploads\/2011\/07\/frei_reina_isabel_sitio.jpg\" data-rel=\"lightbox-image-0\" data-rl_title=\"\" data-rl_caption=\"\"><img loading=\"lazy\" decoding=\"async\" aria-describedby=\"caption-attachment-6428\" class=\"size-full wp-image-6428\" title=\"\" src=\"http:\/\/www.casamuseoeduardofrei.cl\/wp-content\/uploads\/2011\/07\/frei_reina_isabel_sitio.jpg\" alt=\"Eduardo Frei Montalva junto a la Reina Isabel II\" width=\"200\" height=\"248\" \/><\/a><p id=\"caption-attachment-6428\" class=\"wp-caption-text\">Eduardo Frei Montalva junto a la Reina Isabel II<\/p><\/div>\n<p style=\"text-align: justify;\">A trav\u00e9s de estos trascendentes viajes, Frei Montalva buscaba que su programa de gobierno, la \u201cRevoluci\u00f3n en Libertad\u201d, sirviera de modelo para otros pa\u00edses del continente, como tambi\u00e9n aumentar el inter\u00e9s de Europa por los pa\u00edses latinoamericanos, lo cu\u00e1l fue destacado por la prensa de la \u00e9poca como se especifica en la editorial del Times de Londres: <em>\u201cEs l\u00f3gico que el Presidente de Chile, Eduardo Frei, efect\u00fae ahora una visita de estado a Gran Breta\u00f1a, ya que es hoy la figura pol\u00edtica m\u00e1s significativa de Am\u00e9rica Latina (\u2026) Esto puede verse geogr\u00e1ficamente en su deseo que Chile y sus vecinos logren la colaboraci\u00f3n, tanto pol\u00edtica como econ\u00f3mica, no s\u00f3lo de Estados Unidos, sino tambi\u00e9n de Europa\u201d.<\/em><\/p>\n<p style=\"text-align: justify;\">Tras casi un mes fuera del pa\u00eds, Eduardo Frei Montalva llega a Chile y es recibido por un multitudinario grupo de personas, que lo acompa\u00f1aron en su trayecto hacia La Moneda.<\/p>\n<p style=\"text-align: justify;\">Los invitamos a recordar los primeros acercamientos de Chile como naci\u00f3n con el mundo europeo, a trav\u00e9s del conocimiento de estos objetos de gran valor hist\u00f3rico y patrimonial.<\/p>\n<p style=\"text-align: justify;\">Hindenburg 683, barrio Italia, Providencia<\/p>\n<p>Telefono (02) 881 86 74<\/p>\n<p>Email: <a href=\"http:\/\/mailto:contacto@casamuseoeduardofrei.cl\" target=\"_blank\">contacto@casamuseoeduardofrei.cl<\/a><\/p>","protected":false},"excerpt":{"rendered":"<p>Sorry, this entry is only available in Espa\u00f1ol.<\/p>\n","protected":false},"author":4,"featured_media":10123,"comment_status":"open","ping_status":"open","sticky":false,"template":"","format":"standard","meta":{"_acf_changed":false,"footnotes":""},"categories":[14,15],"tags":[230,44,46,231,232,233,234],"class_list":["post-6423","post","type-post","status-publish","format-standard","has-post-thumbnail","hentry","category-noticias","category-objeto-del-mes","tag-230","tag-casa-museo","tag-eduardo-frei-montalva","tag-gira-europa","tag-jarron-etrusco","tag-luis-xvi","tag-taza-de-viaje"],"acf":[],"_links":{"self":[{"href":"https:\/\/www.casamuseoeduardofrei.cl\/en\/wp-json\/wp\/v2\/posts\/6423","targetHints":{"allow":["GET"]}}],"collection":[{"href":"https:\/\/www.casamuseoeduardofrei.cl\/en\/wp-json\/wp\/v2\/posts"}],"about":[{"href":"https:\/\/www.casamuseoeduardofrei.cl\/en\/wp-json\/wp\/v2\/types\/post"}],"author":[{"embeddable":true,"href":"https:\/\/www.casamuseoeduardofrei.cl\/en\/wp-json\/wp\/v2\/users\/4"}],"replies":[{"embeddable":true,"href":"https:\/\/www.casamuseoeduardofrei.cl\/en\/wp-json\/wp\/v2\/comments?post=6423"}],"version-history":[{"count":0,"href":"https:\/\/www.casamuseoeduardofrei.cl\/en\/wp-json\/wp\/v2\/posts\/6423\/revisions"}],"wp:featuredmedia":[{"embeddable":true,"href":"https:\/\/www.casamuseoeduardofrei.cl\/en\/wp-json\/wp\/v2\/media\/10123"}],"wp:attachment":[{"href":"https:\/\/www.casamuseoeduardofrei.cl\/en\/wp-json\/wp\/v2\/media?parent=6423"}],"wp:term":[{"taxonomy":"category","embeddable":true,"href":"https:\/\/www.casamuseoeduardofrei.cl\/en\/wp-json\/wp\/v2\/categories?post=6423"},{"taxonomy":"post_tag","embeddable":true,"href":"https:\/\/www.casamuseoeduardofrei.cl\/en\/wp-json\/wp\/v2\/tags?post=6423"}],"curies":[{"name":"wp","href":"https:\/\/api.w.org\/{rel}","templated":true}]}}