{"id":6354,"date":"2011-06-27T13:41:10","date_gmt":"2011-06-27T17:41:10","guid":{"rendered":"http:\/\/www.casamuseoeduardofrei.cl\/?p=6354"},"modified":"2022-06-10T11:15:44","modified_gmt":"2022-06-10T15:15:44","slug":"todos-invitados-al-circuito-cultural-barrio-italia","status":"publish","type":"post","link":"https:\/\/www.casamuseoeduardofrei.cl\/en\/todos-invitados-al-circuito-cultural-barrio-italia\/","title":{"rendered":"Este s\u00e1bado s\u00famate al Circuito Cultural Barrio Italia"},"content":{"rendered":"<p style=\"text-align: justify;\">Con una muestra rotativa de microdocumentales denominada \u201cMicrobios\u201d, <strong>Casa Museo Eduardo Frei Montalva<\/strong> invita gratis el <strong>primer s\u00e1bado del mes<\/strong> a esta actividad abierta a todo el p\u00fablico, donde habr\u00e1 actividades especiales en galer\u00edas de arte, tiendas, restaurantes y caf\u00e9s del barrio.<!--more--><\/p>\n<p style=\"text-align: justify;\">Un trompetista, un restaurador de motocicletas, un artista visual y dise\u00f1adores industriales protagonizan \u201cMicrobios\u201d, una serie de microdocumentales que muestran la realidad de distintos personajes con un denominador com\u00fan: la pasi\u00f3n por sus oficios. El trabajo de <strong>Productora Planta<\/strong> se exhibir\u00e1 de <strong>16 a 18 hrs<\/strong>. en la Sala Audiovisual de la Casa Museo. Entrada liberada. Calle<strong> Hindenburg 683,<\/strong> Providencia.<\/p>\n<p style=\"text-align: justify;\">Este <strong>Circuito Cultural<\/strong> es la tercera actividad masiva organizada por el <strong>Proyecto Barrio Italia. <\/strong>Los primeros s\u00e1bados de cada mes alguno de los cuatro circuitos que componen la iniciativa -Patrimonial, Dise\u00f1o &amp; Tiendas, Gastron\u00f3mico y Cultural &#8211; organizan esta actividad que ha convocado a m\u00e1s de 4.00o personas.<\/p>\n<p style=\"text-align: justify;\">El programa del <strong>s\u00e1bado 2 de julio<\/strong> comienza a las 11 hrs. con la apertura de tiendas, galer\u00edas, caf\u00e9s y restaurantes. Luego desde la Casa Museo, el movimiento <strong>Cultura Mapocho<\/strong> realizar\u00e1 un recorrido patrimonial y cultural por algunas galer\u00edas y caf\u00e9s del barrio a partir de las 11.30 hrs.<\/p>\n<p style=\"text-align: justify;\">Posteriormente a las 14 hrs. los visitantes podr\u00e1n disfrutar en <strong>Galer\u00eda Trece<\/strong> del \u00faltimo d\u00eda de la exposici\u00f3n \u201cPintores en su tinta 2\u201d donde podr\u00e1n apreciar los trabajos de Samy Benmayor, Carlos Maturana (Bororo), Mat\u00edas Pinto D\u2019Aguilar y Pablo Dom\u00ednguez en Girardi 1480, Providencia.<\/p>\n<p style=\"text-align: justify;\">El programa contin\u00faa de 16 a 18 hrs. con la exhibici\u00f3n de cinco microdocumentales de la serie <strong>\u201cMicrobios<\/strong>\u201d realizados por la <a href=\"http:\/\/www.productoraplanta.cl\" target=\"_blank\" rel=\"noopener\">Productora Planta<\/a>. <strong>Casa Museo Eduardo Frei Montalva<\/strong>.<\/p>\n<p style=\"text-align: justify;\">A las <strong>19 hrs<\/strong>. las tiendas, galer\u00edas y caf\u00e9s cierran sus puertas, pero las actividades contin\u00faan en <strong>SOFA<\/strong>, Sociedad de Fomento del Arte, con \u201cArte al borde\u201d donde se inaugura una exposici\u00f3n en homenaje a Claudio Bravo, habr\u00e1 vino de honor, m\u00fasica, poes\u00eda y perfomances. Santa Isabel 015, Providencia.<\/p>\n<p style=\"text-align: justify;\">M\u00e1s informaciones en <a href=\"http:\/\/www.barrioitalia.cl\" target=\"_blank\" rel=\"noopener\">www.barrioitalia.cl<\/a><\/p>\n<p style=\"text-align: justify;\"><em>Programaci\u00f3n &#8211; S\u00e1bado 2 de julio<\/em><\/p>\n<p style=\"text-align: justify;\"><strong>11:00 hrs.<\/strong> \u00a0Apertura de Tiendas, Galer\u00edas, Caf\u00e9s y Restaurantes y Ni\u00f1os Pintan a su Pinta.<a href=\"http:\/\/www.casamuseoeduardofrei.cl\/wp-content\/uploads\/2011\/06\/foto2.jpg\" data-rel=\"lightbox-image-0\" data-rl_title=\"\" data-rl_caption=\"\"><img loading=\"lazy\" decoding=\"async\" class=\"alignright size-thumbnail wp-image-6363\" title=\"\" src=\"http:\/\/www.casamuseoeduardofrei.cl\/wp-content\/uploads\/2011\/06\/foto2-150x150.jpg\" alt=\"foto2\" width=\"150\" height=\"150\" \/><\/a><\/p>\n<p style=\"text-align: justify;\"><strong>11:30 hrs.<\/strong> Recorrido con Cultura Mapocho desde Casa Museo Eduardo Frei Montalva. Hindenburg 683. Con visitas en:<\/p>\n<ul style=\"text-align: justify;\">\n<li>Galer\u00eda Die Ecke: &#8221; EX: EX&#8221;\/ Isidora Correa. Jos\u00e9 Manuel Infante 1208.<\/li>\n<li>Caf\u00e9 Bovary: &#8220;Al Fuego Mandan Tocar&#8221;\/ KaeLazo. Julio Prado 1252.<\/li>\n<li>Galer\u00eda Uniacc: Muestra de Escuela de Artes Visuales. Salvador 1255.<\/li>\n<li style=\"text-align: justify;\">Galer\u00eda Piloto: &#8220;Joyas del Apocalipsis&#8221; \/ Colectivo \u201cNo M\u00e1s Clavos\u201d. Tegualda 1462.<\/li>\n<li>Galer\u00eda Trece: &#8220;Pintores en su Tinta 2&#8243;\/ Benmayor, Bororo, Pinto D`Aguilar y Dom\u00ednguez.<\/li>\n<\/ul>\n<p style=\"text-align: justify;\"><strong>14:00 hrs.<\/strong>\u00a0 Arte, M\u00fasica en Vivo y Aperitivo con Degustaci\u00f3n de Gastronom\u00eda Peruana Restaurant Gran Chim\u00fa. \u00daltimo d\u00eda Exposici\u00f3n &#8220;Pintores en su Tinta 2&#8221;. Galer\u00eda Trece, Girardi 1480.<\/p>\n<p style=\"text-align: justify;\"><strong>16:00 a 18:00 hrs.<\/strong> Muestra Rotativa de Micro Documentales &#8220;MicroBios&#8221; serie de Micro Biograf\u00edas Urbanas, realizada por la Productora Planta y dirigidos por Joaqu\u00edn Mora, <a href=\"http:\/\/www.productoraplanta.cl\" target=\"_blank\" rel=\"noopener\">www.productoraplanta.cl<\/a>\u00a0junto a degustaci\u00f3n de productos de\u00a0Caf\u00e9 Bovary en\u00a0<strong>Casa Museo Eduardo Frei Montalva. <\/strong>Calle Hindenburg 683.\u00a0\u00a0<\/p>\n<p style=\"text-align: justify;\"><strong>19: 00 hrs.<\/strong> Cierre de Tiendas, Galer\u00edas y Caf\u00e9s.<\/p>\n<p style=\"text-align: justify;\"><strong>Desde 19:00 hrs.<\/strong> \u201cArte al Borde\u201d en SOFA, Sociedad de Fomento del Arte. Inauguraci\u00f3n exposici\u00f3n homenaje a Claudio Bravo, \u201cHiperrealismo\u201d de Boris Correa. M\u00fasica, Poes\u00eda y Performances. Santa Isabel 0151.<\/p>\n<p style=\"text-align: justify;\">El <strong>Proyecto Barrio Italia<\/strong>, es una iniciativa cultural comunitaria que pone en valor y difunde este pintoresco y tradicional barrio, donde conviven hoy anticuarios, tiendas de dise\u00f1o, galer\u00edas y talleres de arte, restaurantes y hasta un museo.<\/p>\n<p style=\"text-align: justify;\">\u00a1Te esperamos!<\/p>\n","protected":false},"excerpt":{"rendered":"<p>Con una muestra rotativa de microdocumentales denominada \u201cMicrobios\u201d, Casa Museo Eduardo Frei Montalva invita gratis el primer s\u00e1bado del mes a esta actividad abierta a todo el p\u00fablico, donde habr\u00e1 actividades especiales en galer\u00edas de arte, tiendas, restaurantes y caf\u00e9s del barrio.<\/p>\n","protected":false},"author":4,"featured_media":0,"comment_status":"open","ping_status":"open","sticky":false,"template":"","format":"standard","meta":{"_acf_changed":false,"footnotes":""},"categories":[14],"tags":[131,44,227,46,228,229,193],"class_list":["post-6354","post","type-post","status-publish","format-standard","hentry","category-noticias","tag-barrio-italia","tag-casa-museo","tag-circuito-cultural","tag-eduardo-frei-montalva","tag-microdocumentales","tag-productora-planta","tag-proyecto-barrio-italia"],"acf":[],"_links":{"self":[{"href":"https:\/\/www.casamuseoeduardofrei.cl\/en\/wp-json\/wp\/v2\/posts\/6354","targetHints":{"allow":["GET"]}}],"collection":[{"href":"https:\/\/www.casamuseoeduardofrei.cl\/en\/wp-json\/wp\/v2\/posts"}],"about":[{"href":"https:\/\/www.casamuseoeduardofrei.cl\/en\/wp-json\/wp\/v2\/types\/post"}],"author":[{"embeddable":true,"href":"https:\/\/www.casamuseoeduardofrei.cl\/en\/wp-json\/wp\/v2\/users\/4"}],"replies":[{"embeddable":true,"href":"https:\/\/www.casamuseoeduardofrei.cl\/en\/wp-json\/wp\/v2\/comments?post=6354"}],"version-history":[{"count":1,"href":"https:\/\/www.casamuseoeduardofrei.cl\/en\/wp-json\/wp\/v2\/posts\/6354\/revisions"}],"predecessor-version":[{"id":16525,"href":"https:\/\/www.casamuseoeduardofrei.cl\/en\/wp-json\/wp\/v2\/posts\/6354\/revisions\/16525"}],"wp:attachment":[{"href":"https:\/\/www.casamuseoeduardofrei.cl\/en\/wp-json\/wp\/v2\/media?parent=6354"}],"wp:term":[{"taxonomy":"category","embeddable":true,"href":"https:\/\/www.casamuseoeduardofrei.cl\/en\/wp-json\/wp\/v2\/categories?post=6354"},{"taxonomy":"post_tag","embeddable":true,"href":"https:\/\/www.casamuseoeduardofrei.cl\/en\/wp-json\/wp\/v2\/tags?post=6354"}],"curies":[{"name":"wp","href":"https:\/\/api.w.org\/{rel}","templated":true}]}}