{"id":6312,"date":"2011-06-01T13:57:19","date_gmt":"2011-06-01T17:57:19","guid":{"rendered":"http:\/\/www.casamuseoeduardofrei.cl\/?p=6312"},"modified":"2015-04-22T13:14:31","modified_gmt":"2015-04-22T16:14:31","slug":"objeto-del-mes-sello-postal-centenario","status":"publish","type":"post","link":"https:\/\/www.casamuseoeduardofrei.cl\/en\/objeto-del-mes-sello-postal-centenario\/","title":{"rendered":"Objeto del Mes: Sello postal centenario"},"content":{"rendered":"<p><\/p>\n<p style=\"text-align: justify;\">Durante <strong>todo<\/strong> <strong>junio<\/strong> exhibiremos de manera especial el sello postal conmemorativo a los 100 a\u00f1os del nacimiento de Eduardo Frei Montalva,\u00a0\u00a0lanzado el 6 de mayo por CorreosChile y que contar\u00e1 con 50.000 ejemplares. Hall central Casa Museo. Entrada liberada.<!--more--><\/p>\n<p style=\"text-align: justify;\">El sello <em>\u201c100 a\u00f1os del natalicio de Eduardo Frei Montalva\u201d<\/em>, muestra al ex mandatario de pie en tonos sepias, dise\u00f1o que le da un car\u00e1cter antiguo y c\u00e1lido, a su vez rodeado por un marco color crema en relieve.<\/p>\n<p style=\"text-align: justify;\">El nuevo sello, que podr\u00e1 ser visitado por el p\u00fablico en el hall central de la Casa Museo, fue lanzado el 6 de mayo del 2011 en el edificio patrimonial de CorreosChile, entidad que realiz\u00f3 este reconocimiento por considerar a Eduardo Frei Montalva una de las figuras m\u00e1s influyentes del siglo XX \u00a0de la historia de nuestro pa\u00eds.<\/p>\n<p style=\"text-align: justify;\">Fotograf\u00edas del lanzamiento<a href=\"http:\/\/www.casamuseoeduardofrei.cl\/2011\/05\/nuevo-sello-postal\/\" target=\"_blank\"> aqu\u00ed.<\/a><\/p>\n<p style=\"text-align: justify;\">Si bien desde 1916, la mayor\u00eda de los Presidentes de la Rep\u00fablica, han sido reconocidos con la impresi\u00f3n de un sello postal, incluyendo a Eduardo Frei Montalva en el a\u00f1o 1990; s\u00f3lo dos de ellos tienen un sello conmemorativo de su centenario: Salvador Allende G. (2008) y ahora Eduardo Frei M. (2011). Como dato hist\u00f3rico el primer sello nacional se imprimi\u00f3 en Londres en 1853.<\/p>\n<p style=\"text-align: justify;\"><a href=\"http:\/\/www.casamuseoeduardofrei.cl\/wp-content\/uploads\/2011\/06\/sello_reforma_agraria2.jpg\" data-rel=\"lightbox-image-0\" data-rl_title=\"\" data-rl_caption=\"\"><img loading=\"lazy\" decoding=\"async\" class=\"alignleft size-full wp-image-6324\" title=\"\" src=\"http:\/\/www.casamuseoeduardofrei.cl\/wp-content\/uploads\/2011\/06\/sello_reforma_agraria2.jpg\" alt=\"sello_reforma_agraria2\" width=\"150\" height=\"207\" \/><\/a>Los sellos postales conmemorativos de eventos o instituciones son emitidos durante la realizaci\u00f3n de los mismos o con motivo de sus aniversarios. Para las obras y visitas sucedidas durante el gobierno de Eduardo Frei Montalva, se dise\u00f1aron m\u00e1s de diez sellos donde destacamos en 1968 el de la <strong>Reforma Agraria Chilena<\/strong>, dos a\u00f1os despu\u00e9s el de la <strong>Nacionalizaci\u00f3n del Cobre <\/strong>y en 1995 el sello realizado con motivo de los 30 a\u00f1os de la creaci\u00f3n del <strong>Ministerio de Vivienda y Urbanismo.\u00a0<\/strong><\/p>\n<p style=\"text-align: justify;\">La exhibici\u00f3n de este nuevo objeto del mes es una de las actividades especiales que <strong>Casa Museo Eduardo Frei Montalva<\/strong> realizar\u00e1 durante todo el 2011, con motivo de conmemorar el centenario del ex Presidente, destacando sus variadas facetas como ensayista, articulista, escritor, l\u00edder de opini\u00f3n, padre, parlamentario y Presidente. Los invitamos desde ya a participar de estas actividades donde destacan el relanzamiento de dos de sus libros, la realizaci\u00f3n de un ciclo de jornadas de formaci\u00f3n ciudadana, concursos e itinerancias en Santiago y regiones.<\/p>\n<p style=\"text-align: justify;\">Quienes deseen adquirir el sello postal <em>\u201c100 a\u00f1os del natalicio de Eduardo Frei Montalva\u201d,<\/em> pueden acercarse a las oficinas de CorreosChile ubicadas en Plaza de Armas 989, Santiago. M\u00e1s detalles <a href=\"http:\/\/www.correoschile.cl\/filatelia\/detalle_agregar.php?strId=200%20-1051&#038;cmbPeriodo=%&#038;nombre=&#038;paso=1\" target=\"_blank\">aqu\u00ed.<\/a><\/p>\n<p style=\"text-align: justify;\">\u00a1Los esperamos!<\/p>\n<p>Calle Hindenburg 683, barrio Italia, Providencia<\/p>\n<p>Tel\u00e9fono (02) 881 86 74<\/p>\n<p>Email: <a href=\"http:\/\/mailto:contacto@casamuseoeduardofrei.cl\" target=\"_blank\">contacto@casamuseoeduardofrei.cl<\/a><\/p>","protected":false},"excerpt":{"rendered":"<p>Sorry, this entry is only available in Espa\u00f1ol.<\/p>\n","protected":false},"author":4,"featured_media":10125,"comment_status":"open","ping_status":"open","sticky":false,"template":"","format":"standard","meta":{"_acf_changed":false,"footnotes":""},"categories":[14,15],"tags":[44,101,46,103,8],"class_list":["post-6312","post","type-post","status-publish","format-standard","has-post-thumbnail","hentry","category-noticias","category-objeto-del-mes","tag-casa-museo","tag-centenario","tag-eduardo-frei-montalva","tag-nuevo-sello-postal","tag-objeto-del-mes"],"acf":[],"_links":{"self":[{"href":"https:\/\/www.casamuseoeduardofrei.cl\/en\/wp-json\/wp\/v2\/posts\/6312","targetHints":{"allow":["GET"]}}],"collection":[{"href":"https:\/\/www.casamuseoeduardofrei.cl\/en\/wp-json\/wp\/v2\/posts"}],"about":[{"href":"https:\/\/www.casamuseoeduardofrei.cl\/en\/wp-json\/wp\/v2\/types\/post"}],"author":[{"embeddable":true,"href":"https:\/\/www.casamuseoeduardofrei.cl\/en\/wp-json\/wp\/v2\/users\/4"}],"replies":[{"embeddable":true,"href":"https:\/\/www.casamuseoeduardofrei.cl\/en\/wp-json\/wp\/v2\/comments?post=6312"}],"version-history":[{"count":0,"href":"https:\/\/www.casamuseoeduardofrei.cl\/en\/wp-json\/wp\/v2\/posts\/6312\/revisions"}],"wp:featuredmedia":[{"embeddable":true,"href":"https:\/\/www.casamuseoeduardofrei.cl\/en\/wp-json\/wp\/v2\/media\/10125"}],"wp:attachment":[{"href":"https:\/\/www.casamuseoeduardofrei.cl\/en\/wp-json\/wp\/v2\/media?parent=6312"}],"wp:term":[{"taxonomy":"category","embeddable":true,"href":"https:\/\/www.casamuseoeduardofrei.cl\/en\/wp-json\/wp\/v2\/categories?post=6312"},{"taxonomy":"post_tag","embeddable":true,"href":"https:\/\/www.casamuseoeduardofrei.cl\/en\/wp-json\/wp\/v2\/tags?post=6312"}],"curies":[{"name":"wp","href":"https:\/\/api.w.org\/{rel}","templated":true}]}}