{"id":6293,"date":"2011-05-30T15:39:18","date_gmt":"2011-05-30T19:39:18","guid":{"rendered":"http:\/\/www.casamuseoeduardofrei.cl\/?p=6293"},"modified":"2022-06-10T11:16:02","modified_gmt":"2022-06-10T15:16:02","slug":"todos-invitados-a-la-ruta-del-cafe-en-barrio-italia","status":"publish","type":"post","link":"https:\/\/www.casamuseoeduardofrei.cl\/en\/todos-invitados-a-la-ruta-del-cafe-en-barrio-italia\/","title":{"rendered":"Todos invitados a la Ruta del Caf\u00e9 en Barrio Italia"},"content":{"rendered":"<p style=\"text-align: justify;\">Como \u00fanico museo del barrio<strong>, Casa Museo Eduardo Frei Montalva<\/strong> invita este <strong>s\u00e1bado 4 de junio<\/strong> a esta actividad abierta a todo el p\u00fablico que contempla degustaciones especiales de caf\u00e9s, m\u00fasica, actividades para ni\u00f1os y muchas sorpresas. El programa comienza a las 11 hrs. con un recorrido patrimonial a cargo de <strong>Cultura Mapocho<\/strong>, quienes har\u00e1n una visita\u00a0 breve por el interior de la Casa Museo. Entrada liberada.<!--more--><\/p>\n<p style=\"text-align: justify;\">En el marco del <strong>Proyecto Barrio Italia<\/strong>, todos los primeros s\u00e1bados de cada mes se realizar\u00e1 una Ruta distinta encabezada por alguno de los cuatro circuitos que componen la iniciativa -Patrimonial, Dise\u00f1o &amp; Tiendas, Gastron\u00f3mico y Cultural. En esta oportunidad los distintos caf\u00e9s del barrio protagonizar\u00e1n la actividad con degustaciones, ofertas y descuentos especiales en un horario m\u00e1s extendido que el habitual.<\/p>\n<p><em>Programaci\u00f3n &#8211; S\u00e1bado 4 de junio<\/em><\/p>\n<p style=\"text-align: justify;\"><strong>11:00 hrs.<\/strong> \u00a0Recorrido Patrimonial por Barrio Italia con Cultura Mapocho, desde <strong>Casa Museo Eduardo Frei Montalva<\/strong>, calle Hindenburg 683 hasta Anticuarios de Calle Caupolic\u00e1n. Entrada liberada.<\/p>\n<p><strong>11: 00 a 14 hrs.<\/strong><strong>\u00a0 <\/strong><strong>Caf\u00e9 Anay<\/strong>, Cata de Caf\u00e9 Musseti + \u00d3pera. Av. Italia 1238<\/p>\n<p style=\"text-align: justify;\"><strong>11: 30 a 13.30 hrs.<\/strong><strong> <\/strong><strong>Caf\u00e9 Por Amor al Arte<\/strong>.<strong> <\/strong>Actividad para ni\u00f1os. Creaci\u00f3n de un Ecomural con materiales reciclados. Desayuno especial dos personas. $ 4.000. Santa Isabel 658.<\/p>\n<p><strong>14:00 a 15.00 hrs. Caf\u00e9 de la Polilla.<\/strong> M\u00fasica en vivo y mini taller \u201cTejido de Junco\u201d. Av. Italia 1483.<\/p>\n<p><strong>15.00 hrs.<\/strong><strong>\u00a0 <\/strong><strong>M\u00fasica en vivo<\/strong>. M\u00fasica latinoamericana Lucian y los Zurdos. Av. Italia esquina Caupolic\u00e1n.<\/p>\n<div id=\"attachment_6302\" style=\"width: 260px\" class=\"wp-caption alignright\"><a href=\"http:\/\/www.casamuseoeduardofrei.cl\/wp-content\/uploads\/2011\/05\/cafe_sitio2.jpg\" data-rel=\"lightbox-image-0\" data-rl_title=\"\" data-rl_caption=\"\"><img loading=\"lazy\" decoding=\"async\" aria-describedby=\"caption-attachment-6302\" class=\"size-full wp-image-6302\" title=\"\" src=\"http:\/\/www.casamuseoeduardofrei.cl\/wp-content\/uploads\/2011\/05\/cafe_sitio2.jpg\" alt=\"Caf\u00e9 Bovary\" width=\"250\" height=\"188\" \/><\/a><p id=\"caption-attachment-6302\" class=\"wp-caption-text\">Caf\u00e9 Bovary<\/p><\/div>\n<p style=\"text-align: justify;\"><strong>15.00 a 18.00 hrs. Caf\u00e9 Bovary<\/strong>. Por la compra de un Caf\u00e9 podr\u00e1s tener una degustaci\u00f3n de 4 especialidades de dulces de la casa. Julio Prado 1242.<\/p>\n<p style=\"text-align: justify;\"><strong>17.00 a<\/strong><strong> 18.00 hrs<\/strong>. <strong>Caf\u00e9 Survenir<\/strong>. Degustaci\u00f3n\u00a0 de Charcuter\u00eda del Sur de Chile. Degustaci\u00f3n de mermeladas. Av. Italia 1489, Local 3.<\/p>\n<p style=\"text-align: justify;\">El<strong> Proyecto Barrio<\/strong> <strong>Italia<\/strong>, es una iniciativa cultural comunitaria que pone en valor y difunde este pintoresco y tradicional barrio de Providencia, donde conviven hoy anticuarios, tiendas de dise\u00f1o, galer\u00edas y talleres de arte, restaurantes y hasta un museo.<\/p>\n<p style=\"text-align: justify;\">La iniciativa cuenta con una p\u00e1gina web <a href=\"http:\/\/www.barrioitalia.cl\/\">www.barrioitalia.cl<\/a> donde se pueden distinguir m\u00e1s de 100 lugares para recorrer y disfrutar del barrio.<\/p>\n<p>\u00a0\u00a1Te esperamos!<\/p>\n","protected":false},"excerpt":{"rendered":"<p>Como \u00fanico museo del barrio, Casa Museo Eduardo Frei Montalva invita este s\u00e1bado 4 de junio a esta actividad abierta a todo el p\u00fablico que contempla degustaciones especiales de caf\u00e9s, m\u00fasica, actividades para ni\u00f1os y muchas sorpresas. El programa comienza a las 11 hrs. con un recorrido patrimonial a cargo de Cultura Mapocho, quienes har\u00e1n [&hellip;]<\/p>\n","protected":false},"author":4,"featured_media":0,"comment_status":"open","ping_status":"open","sticky":false,"template":"","format":"standard","meta":{"_acf_changed":false,"footnotes":""},"categories":[14],"tags":[177,131,44,46,193,225,226],"class_list":["post-6293","post","type-post","status-publish","format-standard","hentry","category-noticias","tag-177","tag-barrio-italia","tag-casa-museo","tag-eduardo-frei-montalva","tag-proyecto-barrio-italia","tag-ruta-del-cafe","tag-sabado-4-junio"],"acf":[],"_links":{"self":[{"href":"https:\/\/www.casamuseoeduardofrei.cl\/en\/wp-json\/wp\/v2\/posts\/6293","targetHints":{"allow":["GET"]}}],"collection":[{"href":"https:\/\/www.casamuseoeduardofrei.cl\/en\/wp-json\/wp\/v2\/posts"}],"about":[{"href":"https:\/\/www.casamuseoeduardofrei.cl\/en\/wp-json\/wp\/v2\/types\/post"}],"author":[{"embeddable":true,"href":"https:\/\/www.casamuseoeduardofrei.cl\/en\/wp-json\/wp\/v2\/users\/4"}],"replies":[{"embeddable":true,"href":"https:\/\/www.casamuseoeduardofrei.cl\/en\/wp-json\/wp\/v2\/comments?post=6293"}],"version-history":[{"count":1,"href":"https:\/\/www.casamuseoeduardofrei.cl\/en\/wp-json\/wp\/v2\/posts\/6293\/revisions"}],"predecessor-version":[{"id":16528,"href":"https:\/\/www.casamuseoeduardofrei.cl\/en\/wp-json\/wp\/v2\/posts\/6293\/revisions\/16528"}],"wp:attachment":[{"href":"https:\/\/www.casamuseoeduardofrei.cl\/en\/wp-json\/wp\/v2\/media?parent=6293"}],"wp:term":[{"taxonomy":"category","embeddable":true,"href":"https:\/\/www.casamuseoeduardofrei.cl\/en\/wp-json\/wp\/v2\/categories?post=6293"},{"taxonomy":"post_tag","embeddable":true,"href":"https:\/\/www.casamuseoeduardofrei.cl\/en\/wp-json\/wp\/v2\/tags?post=6293"}],"curies":[{"name":"wp","href":"https:\/\/api.w.org\/{rel}","templated":true}]}}