{"id":6277,"date":"2011-06-08T09:00:56","date_gmt":"2011-06-08T13:00:56","guid":{"rendered":"http:\/\/www.casamuseoeduardofrei.cl\/?p=6277"},"modified":"2022-06-10T11:15:56","modified_gmt":"2022-06-10T15:15:56","slug":"ciudad-viva-expone-en-ciclo-de-jornadas-de-formacion-ciudadana","status":"publish","type":"post","link":"https:\/\/www.casamuseoeduardofrei.cl\/en\/ciudad-viva-expone-en-ciclo-de-jornadas-de-formacion-ciudadana\/","title":{"rendered":"Ciudad Viva expone en ciclo de Jornadas de Formaci\u00f3n Ciudadana"},"content":{"rendered":"<p style=\"text-align: justify;\">Magdalena Morel, miembro de esta organizaci\u00f3n que nace el a\u00f1o 2000 y que hoy es una fuerza reconocida en temas urbanos, conversar\u00e1 con estudiantes de ense\u00f1anza media y universitarios, previamente inscritos, el pr\u00f3ximo <strong>23 de junio<\/strong> a partir de las <strong>15 hrs.<\/strong> en torno al tema <strong>&#8220;Ciudadan\u00eda activa para la democracia y sustentabilidad&#8221;<\/strong>.<!--more--><\/p>\n<p style=\"text-align: justify;\"><strong>Ciudad Viva<\/strong> ser\u00e1 el segundo invitado a este ciclo de jornadas, que\u00a0 <strong>Casa Museo Eduardo Frei Montalva<\/strong> lanza este 2011 con el fin de ser un soporte para el tratamiento cr\u00edtico de diferentes temas ligados a la <strong>Participaci\u00f3n<\/strong><strong> Ciudadana<\/strong>. La entrada es liberada y aquellos interesados deber\u00e1n inscribirse en el email <a href=\"mailto:jornadas@casamuseoeduardofrei.cl\">jornadas@casamuseoeduardofrei.cl<\/a>. Cupos limitados.<\/p>\n<p style=\"text-align: justify;\">La iniciativa contar\u00e1 con charlas de expertos, material educativo y recorridos guiados por la Casa Museo, donde los participantes podr\u00e1n conocer el estilo de vida de Eduardo Frei Montalva, uno de los l\u00edderes del siglo XX destacado por su pensamiento cr\u00edtico y social.<\/p>\n<p style=\"text-align: justify;\">La nueva <em>\u201cLey de transparencia y acceso a la informaci\u00f3n p\u00fablica\u201d,<\/em> el proyecto de ley en tramitaci\u00f3n sobre <em>\u201cAsociaciones y participaci\u00f3n ciudadana en la gesti\u00f3n p\u00fablica\u201d<\/em> o el nacimiento de organizaciones comunitarias a favor de la protecci\u00f3n patrimonial de sus barrios, son algunos de los tantos ejemplos relacionados con participaci\u00f3n ciudadana. Pero \u00bfC\u00f3mo se tratan estos temas en el aula?, \u00bfC\u00f3mo apoyar a los estudiantes en un proyecto de participaci\u00f3n responsable y activo? \u00bfCu\u00e1les son las instancias para ejercer este derecho?, son algunas de las interrogantes que los docentes y estudiantes pueden responder y trabajar en esta actividad que cuenta con la colaboraci\u00f3n de la Universidad Cat\u00f3lica Ra\u00fal Silva Henr\u00edquez.<\/p>\n<div id=\"attachment_6352\" style=\"width: 210px\" class=\"wp-caption alignleft\"><a href=\"http:\/\/www.casamuseoeduardofrei.cl\/wp-content\/uploads\/2011\/06\/foto_bicicleta.jpg\" data-rel=\"lightbox-image-0\" data-rl_title=\"\" data-rl_caption=\"\"><img loading=\"lazy\" decoding=\"async\" aria-describedby=\"caption-attachment-6352\" class=\"size-full wp-image-6352\" title=\"\" src=\"http:\/\/www.casamuseoeduardofrei.cl\/wp-content\/uploads\/2011\/06\/foto_bicicleta.jpg\" alt=\"Foto Paulina Gonz\u00e1lez\" width=\"200\" height=\"183\" \/><\/a><p id=\"caption-attachment-6352\" class=\"wp-caption-text\">Foto Paulina Gonz\u00e1lez<\/p><\/div>\n<p style=\"text-align: justify;\">Entendiendo que los museos en la actualidad deben ser lugares de reflexi\u00f3n que den continuidad a la relaci\u00f3n pasado, presente y futuro, como as\u00ed tambi\u00e9n, constituirse en un espacio p\u00fablico donde diferentes relatos converjan y discutan, la casa donde vivi\u00f3 el ex Presidente Eduardo Frei Montalva, actualmente transformada en museo, se muestra como el espacio ideal para apoyar el trabajo cr\u00edtico de los estudiantes.<\/p>\n<p style=\"text-align: justify;\">Esperamos contar con el apoyo esta iniciativa que se enmarca dentro de nuestra misi\u00f3n como museo de car\u00e1cter educativo y cultural.<\/p>\n<p style=\"text-align: justify;\"><strong><em>\u00a0<\/em><\/strong><\/p>\n<p style=\"text-align: justify;\"><strong><em>Programaci\u00f3n expositores:<\/em><\/strong><\/p>\n<ul style=\"text-align: justify;\">\n<li style=\"text-align: justify;\">23 de junio: <a href=\"http:\/\/www.ciudadviva.cl\/sitio\/\" target=\"_blank\" rel=\"noopener\">Ciudad Viva<\/a>: \u00a0&#8220;Ciudadan\u00eda activa para la democracia y sustentabilidad&#8221;<\/li>\n<li>25 de agosto: Programa \u201cVida de Barrio\u201d, Radio USACH<\/li>\n<li>29 de septiembre: Universidad Cat\u00f3lica Silva Henr\u00edquez<\/li>\n<li>27 de octubre: Centro Cultural Matta Sur<\/li>\n<li>24 de noviembre: Universidad Cat\u00f3lica Silva Henr\u00edquez<\/li>\n<\/ul>\n<p style=\"text-align: justify;\">\n<p style=\"text-align: justify;\">\n<p style=\"text-align: justify;\">\u00a0<\/p>\n","protected":false},"excerpt":{"rendered":"<p>Magdalena Morel, miembro de esta organizaci\u00f3n que nace el a\u00f1o 2000 y que hoy es una fuerza reconocida en temas urbanos, conversar\u00e1 con estudiantes de ense\u00f1anza media y universitarios, previamente inscritos, el pr\u00f3ximo 23 de junio a partir de las 15 hrs. en torno al tema &#8220;Ciudadan\u00eda activa para la democracia y sustentabilidad&#8221;.<\/p>\n","protected":false},"author":4,"featured_media":0,"comment_status":"open","ping_status":"open","sticky":false,"template":"","format":"standard","meta":{"_acf_changed":false,"footnotes":""},"categories":[14],"tags":[222,44,223,46,224,207],"class_list":["post-6277","post","type-post","status-publish","format-standard","hentry","category-noticias","tag-23-junio-2011","tag-casa-museo","tag-ciudad-viva","tag-eduardo-frei-montalva","tag-jornadas","tag-jornadas-formacion-ciudadana"],"acf":[],"_links":{"self":[{"href":"https:\/\/www.casamuseoeduardofrei.cl\/en\/wp-json\/wp\/v2\/posts\/6277","targetHints":{"allow":["GET"]}}],"collection":[{"href":"https:\/\/www.casamuseoeduardofrei.cl\/en\/wp-json\/wp\/v2\/posts"}],"about":[{"href":"https:\/\/www.casamuseoeduardofrei.cl\/en\/wp-json\/wp\/v2\/types\/post"}],"author":[{"embeddable":true,"href":"https:\/\/www.casamuseoeduardofrei.cl\/en\/wp-json\/wp\/v2\/users\/4"}],"replies":[{"embeddable":true,"href":"https:\/\/www.casamuseoeduardofrei.cl\/en\/wp-json\/wp\/v2\/comments?post=6277"}],"version-history":[{"count":1,"href":"https:\/\/www.casamuseoeduardofrei.cl\/en\/wp-json\/wp\/v2\/posts\/6277\/revisions"}],"predecessor-version":[{"id":16527,"href":"https:\/\/www.casamuseoeduardofrei.cl\/en\/wp-json\/wp\/v2\/posts\/6277\/revisions\/16527"}],"wp:attachment":[{"href":"https:\/\/www.casamuseoeduardofrei.cl\/en\/wp-json\/wp\/v2\/media?parent=6277"}],"wp:term":[{"taxonomy":"category","embeddable":true,"href":"https:\/\/www.casamuseoeduardofrei.cl\/en\/wp-json\/wp\/v2\/categories?post=6277"},{"taxonomy":"post_tag","embeddable":true,"href":"https:\/\/www.casamuseoeduardofrei.cl\/en\/wp-json\/wp\/v2\/tags?post=6277"}],"curies":[{"name":"wp","href":"https:\/\/api.w.org\/{rel}","templated":true}]}}