{"id":6127,"date":"2011-05-10T12:43:36","date_gmt":"2011-05-10T16:43:36","guid":{"rendered":"http:\/\/www.casamuseoeduardofrei.cl\/?p=6127"},"modified":"2022-06-10T11:16:14","modified_gmt":"2022-06-10T15:16:14","slug":"celebra-con-nosotros-el-mes-de-los-museos","status":"publish","type":"post","link":"https:\/\/www.casamuseoeduardofrei.cl\/en\/celebra-con-nosotros-el-mes-de-los-museos\/","title":{"rendered":"\u00a1Celebra con nosotros el mes de los museos!"},"content":{"rendered":"<p style=\"text-align: justify;\">Con motivo del mes de los museos <strong>Casa Museo Eduardo Frei Montalva<\/strong> invita al p\u00fablico a visitar gratuitamente durante todo mayo su colecci\u00f3n patrimonial, que te har\u00e1 viajar en el tiempo. Contamos con una exposici\u00f3n temporal y un nuevo objeto del mes. Martes a domingo de 10 a 18 hrs. Reserva previa s\u00f3lo para grupos.<!--more--><\/p>\n<p style=\"text-align: justify;\">Con el fin de celebrar el tercer aniversario de la Casa Museo, inaugurada el 12 de mayo del 2008; el D\u00eda Internacional de los Museos organizado por el ICOM (Consejo Internacional de Museos) que este a\u00f1o se celebra mundialmente bajo el eslogan \u201cMuseos y Memoria\u201d; y las celebraciones del D\u00eda del Patrimonio Cultural que abre los monumentos nacionales de distintas partes del pa\u00eds el domingo 29 de mayo, invitamos a los visitantes a recorrer este espacio patrimonial que desde el primer momento nos conecta con parte de nuestra historia.<\/p>\n<p style=\"text-align: justify;\">Fue el 12 de mayo de 2008 cuando <strong>Casa Museo Eduardo Frei Montalva<\/strong> abri\u00f3 sus puertas por primera vez al p\u00fablico, transform\u00e1ndose as\u00ed en la \u00fanica casa en pie de un ex Presidente de Chile. <em>\u201cAl ver tan de cerca la vida de Frei Montalva, se logra sentir una nueva sensaci\u00f3n. Gracias por hacer esto posible, la labor del museo va m\u00e1s all\u00e1 que un trabajo, es difundir cultura que hoy es muy necesario\u201d<\/em> afirma Francisca T. de Pe\u00f1alol\u00e9n, tras su visita. \u00a0<\/p>\n<div id=\"attachment_6144\" style=\"width: 260px\" class=\"wp-caption alignleft\"><a href=\"http:\/\/www.casamuseoeduardofrei.cl\/wp-content\/uploads\/2011\/05\/foto_interior21.jpg\" data-rel=\"lightbox-image-0\" data-rl_title=\"\" data-rl_caption=\"\"><img loading=\"lazy\" decoding=\"async\" aria-describedby=\"caption-attachment-6144\" class=\"size-full wp-image-6144\" title=\"\" src=\"http:\/\/www.casamuseoeduardofrei.cl\/wp-content\/uploads\/2011\/05\/foto_interior21.jpg\" alt=\"Visitantes durante parte del recorrido\" width=\"250\" height=\"188\" \/><\/a><p id=\"caption-attachment-6144\" class=\"wp-caption-text\">Visitantes durante parte del recorrido<\/p><\/div>\n<p style=\"text-align: justify;\">Tambi\u00e9n durante este mes conmemoramos el <strong>D\u00eda Internacional de los Museos<\/strong> (DIM) que este a\u00f1o se celebra internacionalmente bajo el lema <em>\u201cMuseos y Memoria: los objetos cuentan tu historia<\/em>\u201d, considenrando la premisa\u00a0 que los museos colectan historias y transmiten la memoria de las comunidades en las cu\u00e1les vivimos.<\/p>\n<p style=\"text-align: justify;\">Desde ya quedan invitados a celebrar este d\u00eda y conectarse con nuestra memoria colectiva, a trav\u00e9s del conocimiento de los m\u00e1s de 350 objetos originales que alberga la colecci\u00f3n permanente de la Casa Museo que lo hacen parecer detenido en el tiempo. La actividad se celebra desde 1977 cada 18 de mayo, con el fin de sensibilizar al p\u00fablico sobre el papel de los museos en el desarrollo de la sociedad.\u00a0<\/p>\n<p style=\"text-align: justify;\">Asimismo, y como es habitual en su calidad de Monumento Nacional, la Casa donde vivi\u00f3 Eduardo Frei Montalva por m\u00e1s de 40 a\u00f1os se suma al D\u00eda del Patrimonio Cultural que se celebra en todo el pa\u00eds el pr\u00f3ximo domingo 29 de mayo, mismo d\u00eda en que concluye la exitosa exhibici\u00f3n <strong>\u201cGuayasam\u00edn en Chile, 1969\u201d<\/strong> que luego ser\u00e1 desmontada para luego itinerar a regiones.<\/p>\n<p>Tres razones para que\u00a0mayo sea un mes gratuito:<\/p>\n<ul>\n<li>12 de mayo: Tercer Aniversario Casa Museo Eduardo Frei Montalva<\/li>\n<li>18 de mayo: D\u00eda Internacional de los Museos 2011 \u201cMuseos y Memoria\u201d<\/li>\n<li>29 de mayo: D\u00eda del Patrimonio Cultural, organizado por el Consejo de Monumentos.<\/li>\n<\/ul>\n<p>Visitas martes a domingo de 10 a 18 hrs. Mayores informaciones en <a href=\"mailto:contacto@casamuseoeduardofrei.cl\">contacto@casamuseoeduardofrei.cl<\/a> o al fono (02) 881 86 74.<\/p>\n","protected":false},"excerpt":{"rendered":"<p>Con motivo del mes de los museos Casa Museo Eduardo Frei Montalva invita al p\u00fablico a visitar gratuitamente durante todo mayo su colecci\u00f3n patrimonial, que te har\u00e1 viajar en el tiempo. Contamos con una exposici\u00f3n temporal y un nuevo objeto del mes. Martes a domingo de 10 a 18 hrs. Reserva previa s\u00f3lo para grupos.<\/p>\n","protected":false},"author":4,"featured_media":0,"comment_status":"open","ping_status":"open","sticky":false,"template":"","format":"standard","meta":{"_acf_changed":false,"footnotes":""},"categories":[14],"tags":[210,211,212],"class_list":["post-6127","post","type-post","status-publish","format-standard","hentry","category-noticias","tag-dia-internacional-de-los-museo","tag-mayo-gratis","tag-mes-de-los-museos"],"acf":[],"_links":{"self":[{"href":"https:\/\/www.casamuseoeduardofrei.cl\/en\/wp-json\/wp\/v2\/posts\/6127","targetHints":{"allow":["GET"]}}],"collection":[{"href":"https:\/\/www.casamuseoeduardofrei.cl\/en\/wp-json\/wp\/v2\/posts"}],"about":[{"href":"https:\/\/www.casamuseoeduardofrei.cl\/en\/wp-json\/wp\/v2\/types\/post"}],"author":[{"embeddable":true,"href":"https:\/\/www.casamuseoeduardofrei.cl\/en\/wp-json\/wp\/v2\/users\/4"}],"replies":[{"embeddable":true,"href":"https:\/\/www.casamuseoeduardofrei.cl\/en\/wp-json\/wp\/v2\/comments?post=6127"}],"version-history":[{"count":1,"href":"https:\/\/www.casamuseoeduardofrei.cl\/en\/wp-json\/wp\/v2\/posts\/6127\/revisions"}],"predecessor-version":[{"id":16530,"href":"https:\/\/www.casamuseoeduardofrei.cl\/en\/wp-json\/wp\/v2\/posts\/6127\/revisions\/16530"}],"wp:attachment":[{"href":"https:\/\/www.casamuseoeduardofrei.cl\/en\/wp-json\/wp\/v2\/media?parent=6127"}],"wp:term":[{"taxonomy":"category","embeddable":true,"href":"https:\/\/www.casamuseoeduardofrei.cl\/en\/wp-json\/wp\/v2\/categories?post=6127"},{"taxonomy":"post_tag","embeddable":true,"href":"https:\/\/www.casamuseoeduardofrei.cl\/en\/wp-json\/wp\/v2\/tags?post=6127"}],"curies":[{"name":"wp","href":"https:\/\/api.w.org\/{rel}","templated":true}]}}