{"id":6061,"date":"2011-05-04T14:48:52","date_gmt":"2011-05-04T17:48:52","guid":{"rendered":"http:\/\/www.casamuseoeduardofrei.cl\/?p=6061"},"modified":"2022-06-10T11:19:42","modified_gmt":"2022-06-10T15:19:42","slug":"todos-invitados-a-la-segunda-feria-del-barrio-italia","status":"publish","type":"post","link":"https:\/\/www.casamuseoeduardofrei.cl\/en\/todos-invitados-a-la-segunda-feria-del-barrio-italia\/","title":{"rendered":"Todos invitados a la primera Feria del Barrio Italia"},"content":{"rendered":"<p style=\"text-align: justify;\"><strong>Casa Museo Eduardo Frei Montalva<\/strong> invita este <strong>s\u00e1bado 7 de mayo<\/strong> a la\u00a0primera versi\u00f3n de esta actividad abierta a todo el p\u00fablico.\u00a0Todo comienza a las\u00a0<strong>11 hrs<\/strong>. con un recorrido patrimonial por el barrio a cargo de <strong>Cultura Mapocho<\/strong>, quienes har\u00e1n una visita breve por el interior de la Casa Museo como primer hito de esta ruta. Durante el d\u00eda\u00a0habr\u00e1 descuentos especiales, m\u00fasica, actividades para ni\u00f1os y degustaciones\u00a0\u00a0\u00a1Todo Gratis!<!--more--><\/p>\n<p style=\"text-align: justify;\">Esta segunda Feria abierta se enmarca dentro del Proyecto Barrio Italia el cu\u00e1l contempla, entre otros eventos,\u00a0\u00a0\u00a0que todos los primeros s\u00e1bados de cada mes se realice una Feria Abierta, donde los casi 100 lugares que contemplan el proyecto abran sus puertas en un horario m\u00e1s extendido que el habitual y se cuente con actividades especiales para los visitantes. En esta oportunidad habr\u00e1 eventos culturales, m\u00fasica y descuentos en tiendas con un especial del D\u00eda de la Madre y muchas sorpresas m\u00e1s.<\/p>\n<p style=\"text-align: justify;\"><strong>Programaci\u00f3n:<\/strong><\/p>\n<p><span style=\"color: #993300;\"><strong>11:00<\/strong><\/span> Recorrido Patrimonial por Barrio Italia con Cultura Mapocho, desde Casa Museo Eduardo Frei Montalva, calle Hindenburg 683 hasta Anticuarios de Calle Caupolic\u00e1n.<\/p>\n<p><strong><span style=\"color: #993300;\">12:00<\/span> <\/strong>Taller de Pintura para Ni\u00f1os en SOFA (para regalar a mam\u00e1!) En SOFA, Sociedad de Fomento del Arte, Santa Isabel 0151.<\/p>\n<p><strong><span style=\"color: #993300;\">14:00<\/span><\/strong> Fiesta Mexicana, Mariachis y Gastronom\u00eda, en Restaurante Mexicana, Condell 1576.<\/p>\n<p><strong><span style=\"color: #993300;\">19:00<\/span><\/strong> Degustaci\u00f3n y Maridaje en \u00danicoPizza, con Vi\u00f1a Catrala, Condell 1308.<\/p>\n<p><strong><span style=\"color: #993300;\">20:30<\/span><\/strong> M\u00fasica con La Moral Distra\u00edda en Santa Bohemia + degustaci\u00f3n Cerveza Nacional Rothhammer. Avenida Italia con Caupolic\u00e1n.<\/p>\n<p style=\"text-align: justify;\"><a href=\"http:\/\/www.casamuseoeduardofrei.cl\/wp-content\/uploads\/2011\/05\/logo_comunicado_chico.jpg\" data-rel=\"lightbox-image-0\" data-rl_title=\"\" data-rl_caption=\"\"><img loading=\"lazy\" decoding=\"async\" class=\"alignleft size-full wp-image-6069\" title=\"\" src=\"http:\/\/www.casamuseoeduardofrei.cl\/wp-content\/uploads\/2011\/05\/logo_comunicado_chico.jpg\" alt=\"logo_oficial\" width=\"120\" height=\"111\" \/><\/a>El <strong>Proyecto Barrio Italia<\/strong> fue lanzando el \u00a09 de abril del 2011\u00a0\u00a0y\u00a0tiene como objetivo ser\u00a0una iniciativa cultural comunitaria que pone en valor y difunde este pintoresco y tradicional barrio, donde conviven hoy anticuarios, tiendas de dise\u00f1o, galer\u00edas y talleres de arte, restaurantes y hasta un museo.<\/p>\n<p style=\"text-align: justify;\"><span style=\"color: #000000;\">La iniciativa\u00a0cuenta con una p\u00e1gina web <a href=\"http:\/\/www.barrioitalia.cl\" target=\"_blank\" rel=\"noopener\">www.barrioitalia.cl<\/a>\u00a0donde se pueden distinguir m\u00e1s de 100 lugares para recorrer y disfrutar del barrio, divididos en cuatro circuitos: Patrimonial, Dise\u00f1o &amp; Tiendas, Gastron\u00f3mico y Cultural.<\/span><\/p>\n<p>Los esperamos!<\/p>\n","protected":false},"excerpt":{"rendered":"<p>Casa Museo Eduardo Frei Montalva invita este s\u00e1bado 7 de mayo a la\u00a0primera versi\u00f3n de esta actividad abierta a todo el p\u00fablico.\u00a0Todo comienza a las\u00a011 hrs. con un recorrido patrimonial por el barrio a cargo de Cultura Mapocho, quienes har\u00e1n una visita breve por el interior de la Casa Museo como primer hito de esta [&hellip;]<\/p>\n","protected":false},"author":4,"featured_media":0,"comment_status":"open","ping_status":"open","sticky":false,"template":"","format":"standard","meta":{"_acf_changed":false,"footnotes":""},"categories":[14],"tags":[131,44,46,206,193],"class_list":["post-6061","post","type-post","status-publish","format-standard","hentry","category-noticias","tag-barrio-italia","tag-casa-museo","tag-eduardo-frei-montalva","tag-ferias-abiertas","tag-proyecto-barrio-italia"],"acf":[],"_links":{"self":[{"href":"https:\/\/www.casamuseoeduardofrei.cl\/en\/wp-json\/wp\/v2\/posts\/6061","targetHints":{"allow":["GET"]}}],"collection":[{"href":"https:\/\/www.casamuseoeduardofrei.cl\/en\/wp-json\/wp\/v2\/posts"}],"about":[{"href":"https:\/\/www.casamuseoeduardofrei.cl\/en\/wp-json\/wp\/v2\/types\/post"}],"author":[{"embeddable":true,"href":"https:\/\/www.casamuseoeduardofrei.cl\/en\/wp-json\/wp\/v2\/users\/4"}],"replies":[{"embeddable":true,"href":"https:\/\/www.casamuseoeduardofrei.cl\/en\/wp-json\/wp\/v2\/comments?post=6061"}],"version-history":[{"count":1,"href":"https:\/\/www.casamuseoeduardofrei.cl\/en\/wp-json\/wp\/v2\/posts\/6061\/revisions"}],"predecessor-version":[{"id":16532,"href":"https:\/\/www.casamuseoeduardofrei.cl\/en\/wp-json\/wp\/v2\/posts\/6061\/revisions\/16532"}],"wp:attachment":[{"href":"https:\/\/www.casamuseoeduardofrei.cl\/en\/wp-json\/wp\/v2\/media?parent=6061"}],"wp:term":[{"taxonomy":"category","embeddable":true,"href":"https:\/\/www.casamuseoeduardofrei.cl\/en\/wp-json\/wp\/v2\/categories?post=6061"},{"taxonomy":"post_tag","embeddable":true,"href":"https:\/\/www.casamuseoeduardofrei.cl\/en\/wp-json\/wp\/v2\/tags?post=6061"}],"curies":[{"name":"wp","href":"https:\/\/api.w.org\/{rel}","templated":true}]}}