{"id":5969,"date":"2011-04-18T14:39:18","date_gmt":"2011-04-18T17:39:18","guid":{"rendered":"http:\/\/www.casamuseoeduardofrei.cl\/?p=5969"},"modified":"2022-06-10T11:19:50","modified_gmt":"2022-06-10T15:19:50","slug":"encuentro-de-arte-y-politica","status":"publish","type":"post","link":"https:\/\/www.casamuseoeduardofrei.cl\/en\/encuentro-de-arte-y-politica\/","title":{"rendered":"Exitoso encuentro de artistas y directores en charla de arte y pol\u00edtica"},"content":{"rendered":"<p style=\"text-align: justify;\">Artistas, acad\u00e9micos \u00a0y curadores se unieron en la mesa de conversaci\u00f3n <em>\u201cArte y Pol\u00edtica: una convivencia hist\u00f3ric<\/em>a\u201d, para expresar desde sus miradas y experiencias el v\u00ednculo que existe entre estos dos conceptos. La actividad\u00a0se realiz\u00f3 con la asistencia mayoritaria de universitarios, el <strong>jueves 28 de abril<\/strong> a las <strong>19 hrs<\/strong>. en la Sala Audiovisual de la Casa Museo ubicada \u00a0Hindenburg 683, barrio Italia Providencia.\u00a0<!--more--><\/p>\n<p style=\"text-align: justify;\"><strong>Andrea J\u00f6sch,<\/strong> directora de la carrera de Artes Visuales y Fotograf\u00eda de la Universidad UNIACC, <strong>Soledad Novoa<\/strong>, Licenciada en Teor\u00eda e Historia del Arte, docente y actual curadora del Museo Nacional de Bellas Artes, y <strong>Paul Birke,<\/strong> arquitecto y director de la Galer\u00eda de Arte Contempor\u00e1neo Die Ecke, conformaron este encuentro que abord\u00f3 la relaci\u00f3n de la imagen con el poder desde siglos pasados hasta hoy, la pol\u00edtica en el arte y\u00a0ejemplos concretos de exposiciones\u00a0nacionales y extranjeras donde se vinculan estos dos conceptos.<\/p>\n<p style=\"text-align: justify;\">Este tipo de actividad es organizada por primera vez por la Casa Museo y naci\u00f3 para enriquecer la exposici\u00f3n \u201cGuayasam\u00edn en Chile, 1969\u201d que concluye el 29 de mayo y para generar un contacto m\u00e1s directo con el mundo universitario y acad\u00e9mico.<\/p>\n<p style=\"text-align: justify;\">La investigaci\u00f3n que complementa la exhibici\u00f3n de grabados del artista ecuatoriano, permite ver un importante v\u00ednculo entre pol\u00edtica, arte y gesti\u00f3n cultural, dado que gracias a la colaboraci\u00f3n y gesti\u00f3n del Ministerio de Relaciones Exteriores del gobierno de Eduardo Frei Montalva,\u00a0Oswaldo Guayasam\u00edn exponer\u00a0por primera vez Chile.<\/p>\n<p style=\"text-align: justify;\"><em>\u201cConvocamos a destacados expertos para dar vida a este encuentro que busca profundizar desde la teor\u00eda y la pr\u00e1ctica estos dos conceptos, a veces antag\u00f3nicos, pero que hist\u00f3ricamente han tenido que convivir entre s\u00ed\u201d,<\/em> afirma Mar\u00eda Jos\u00e9 Lira, subdirectora de la Casa Museo.<\/p>\n<p style=\"text-align: justify;\">El encuentro \u201cArte y Pol\u00edtica: una convivencia hist\u00f3rica\u201d fue dirigido a j\u00f3venes y universitarios.<\/p>\n<p><strong>Programa y expositores:<\/strong><\/p>\n<ul>\n<li>Andrea J\u00f6sch: \u201cLa domesticaci\u00f3n de la imagen y su influencia en la sociedad\u201d<\/li>\n<\/ul>\n<p style=\"text-align: justify;\">Fot\u00f3grafa, gestora del colectivo La Nave (1998\/2003) y Ojozurdo (2003\/2009), curadora Galer\u00eda AFA (2005\/2008). Entre 1996 y 2006 fot\u00f3grafa editorial y de publicidad. Actualmente directora de la carrera de Artes Visuales y Fotograf\u00eda de la Universidad UNIACC. Directora de la Sociedad Chilena de Fotograf\u00eda, ha obtenido en cuatro ocasiones la Beca a la Creaci\u00f3n FONDART y en 2004 la beca Fundaci\u00f3n Andes. Editora en jefe de la Revista Sudamericana Sue\u00f1o de la Raz\u00f3n.<\/p>\n<ul>\n<li>Soledad Novoa: \u201cAlgunas anotaciones sobre lo pol\u00edtico en el arte\u201d<\/li>\n<\/ul>\n<p style=\"text-align: justify;\">Licenciada en Teor\u00eda e Historia del Arte, Universidad de Chile, 1990. Candidata a Doctora en Historia del Arte, Universidad de Barcelona. Post\u00edtulo en Gesti\u00f3n y Pol\u00edticas Culturales. Docente en diversas universidades como la Universidad de Chile, Universidad Internacional SEK y Universidad Diego Portales. Actualmente es asistente de Direcci\u00f3n y Curadora del Museo Nacional de Bellas Artes. Ha participado como curadora de importantes exposiciones y directora de grandes proyectos como el \u201cIII Encuentro de Historia del Arte en Chile&#8221;.<\/p>\n<ul>\n<li>Paul Birke: \u201cMi experiencia como galerista\u201d<\/li>\n<\/ul>\n<p style=\"text-align: justify;\">Arquitecto, Universidad Central. Master en Arquitectura de La Universidad Polit\u00e9cnica de Catalu\u00f1a y del Centro de Cultura Contempor\u00e1nea de Barcelona. El a\u00f1o 2003 funda y dirige la Galer\u00eda Die Ecke Arte Contempor\u00e1neo, participando hasta la fecha en la gesti\u00f3n y producci\u00f3n de exposiciones. Inauguraci\u00f3n de Galer\u00eda Die Ecke en Barcelona (2010). Actualmente trabaja de manera independiente otorgando servicios de arquitectura y apoyo a lo docencia.<\/p>\n<p style=\"text-align: justify;\">\u00a1Te invitamos a seguirnos en facebook y twitter para enterarte de nuestras pr\u00f3ximas actividades!<\/p>\n","protected":false},"excerpt":{"rendered":"<p>Artistas, acad\u00e9micos \u00a0y curadores se unieron en la mesa de conversaci\u00f3n \u201cArte y Pol\u00edtica: una convivencia hist\u00f3rica\u201d, para expresar desde sus miradas y experiencias el v\u00ednculo que existe entre estos dos conceptos. La actividad\u00a0se realiz\u00f3 con la asistencia mayoritaria de universitarios, el jueves 28 de abril a las 19 hrs. en la Sala Audiovisual de [&hellip;]<\/p>\n","protected":false},"author":4,"featured_media":0,"comment_status":"open","ping_status":"open","sticky":false,"template":"","format":"standard","meta":{"_acf_changed":false,"footnotes":""},"categories":[14],"tags":[201,44,46],"class_list":["post-5969","post","type-post","status-publish","format-standard","hentry","category-noticias","tag-arte-y-politica","tag-casa-museo","tag-eduardo-frei-montalva"],"acf":[],"_links":{"self":[{"href":"https:\/\/www.casamuseoeduardofrei.cl\/en\/wp-json\/wp\/v2\/posts\/5969","targetHints":{"allow":["GET"]}}],"collection":[{"href":"https:\/\/www.casamuseoeduardofrei.cl\/en\/wp-json\/wp\/v2\/posts"}],"about":[{"href":"https:\/\/www.casamuseoeduardofrei.cl\/en\/wp-json\/wp\/v2\/types\/post"}],"author":[{"embeddable":true,"href":"https:\/\/www.casamuseoeduardofrei.cl\/en\/wp-json\/wp\/v2\/users\/4"}],"replies":[{"embeddable":true,"href":"https:\/\/www.casamuseoeduardofrei.cl\/en\/wp-json\/wp\/v2\/comments?post=5969"}],"version-history":[{"count":1,"href":"https:\/\/www.casamuseoeduardofrei.cl\/en\/wp-json\/wp\/v2\/posts\/5969\/revisions"}],"predecessor-version":[{"id":16533,"href":"https:\/\/www.casamuseoeduardofrei.cl\/en\/wp-json\/wp\/v2\/posts\/5969\/revisions\/16533"}],"wp:attachment":[{"href":"https:\/\/www.casamuseoeduardofrei.cl\/en\/wp-json\/wp\/v2\/media?parent=5969"}],"wp:term":[{"taxonomy":"category","embeddable":true,"href":"https:\/\/www.casamuseoeduardofrei.cl\/en\/wp-json\/wp\/v2\/categories?post=5969"},{"taxonomy":"post_tag","embeddable":true,"href":"https:\/\/www.casamuseoeduardofrei.cl\/en\/wp-json\/wp\/v2\/tags?post=5969"}],"curies":[{"name":"wp","href":"https:\/\/api.w.org\/{rel}","templated":true}]}}