{"id":5953,"date":"2011-04-30T12:49:52","date_gmt":"2011-04-30T16:49:52","guid":{"rendered":"http:\/\/www.casamuseoeduardofrei.cl\/?p=5953"},"modified":"2011-04-30T12:49:52","modified_gmt":"2011-04-30T16:49:52","slug":"taller-de-astronomia-para-ninos","status":"publish","type":"post","link":"https:\/\/www.casamuseoeduardofrei.cl\/en\/taller-de-astronomia-para-ninos\/","title":{"rendered":"\u00c9xito de visitas en taller de astronom\u00eda para ni\u00f1os 2011"},"content":{"rendered":"<p style=\"text-align: justify;\">Con m\u00e1s de sesenta ni\u00f1os se dio inicio al taller \u201cViajando a la Luna\u201d\u00a0a cargo de Jorge Ianiszewski, qui\u00e9n explic\u00f3 a los asistentes detalles de los\u00a0viajes al espacio y \u00a0las exploraciones a la Luna.\u00a0 La actividad se\u00a0realiz\u00f3 en el Museo Nacional Aeron\u00e1utico y del Espacio y promete repetirse durante este a\u00f1o.<!--more--><\/p>\n<p style=\"text-align: justify;\">En el marco de la exposici\u00f3n \u201cDe la Luna al museo\u201d que exhibe fragmentos de roca lunar originales,\u00a0 <strong>Casa Museo Eduardo Frei Montalva<\/strong> en conjunto con el <strong>Museo Nacional de Historia Natural <\/strong>y el<strong> Museo Nacional Aeron\u00e1utico y del Espacio<\/strong> realizaron\u00a0la segunda versi\u00f3n del taller &#8220;Viajando a la Luna&#8221; el cu\u00e1l cont\u00f3 con la asistencia de 66 ni\u00f1os motivados por el conocimiento de esta ciencia.\u00a0 El taller\u00a0 tiene un formato did\u00e1ctico e interactivo y da\u00a0una visi\u00f3n actualizada\u00a0de las 7 misiones Apolo, detalles de los viajes espaciales y la importancia de los cohetes en estos, entre otros temas.<\/p>\n<p style=\"text-align: justify;\">*Debido al \u00e9xito de esta convocatoria, el taller ser\u00e1 realizado varias veces durante el a\u00f1o. Los invitamos a estar atentos a dicha informaci\u00f3n que ser\u00e1 publicada oportunamente en\u00a0nuestro sitio web.<\/p>\n<p style=\"text-align: justify;\">El taller \u201cViajando a la Luna\u201d\u00a0es encabezado por <strong>Jorge Ianiszewski<\/strong>,\u00a0 escritor y divulgador cient\u00edfico, especialista en temas de astronom\u00eda, docente y director de cursos de astronom\u00eda b\u00e1sica,\u00a0 editor y creador del sitio web <a href=\"http:\/\/www.circuloastronomico.cl\" target=\"_blank\">\u201cC\u00edrculo Astron\u00f3mico\u201d <\/a>y autor del libro \u201cGu\u00edas a los cielos australes\u201d que ya cuenta con tercera edici\u00f3n.\u00a0<\/p>\n<div id=\"attachment_6079\" style=\"width: 260px\" class=\"wp-caption alignleft\"><a href=\"http:\/\/www.casamuseoeduardofrei.cl\/wp-content\/uploads\/2011\/05\/foto_lanzamiento.jpg\" data-rel=\"lightbox-image-0\" data-rl_title=\"\" data-rl_caption=\"\"><img loading=\"lazy\" decoding=\"async\" aria-describedby=\"caption-attachment-6079\" class=\"size-full wp-image-6079\" title=\"\" src=\"http:\/\/www.casamuseoeduardofrei.cl\/wp-content\/uploads\/2011\/05\/foto_lanzamiento.jpg\" alt=\"Muestra de lanzamiento cohete por aire\" width=\"250\" height=\"123\" \/><\/a><p id=\"caption-attachment-6079\" class=\"wp-caption-text\">Muestra de lanzamiento cohete por aire<\/p><\/div>\n<p style=\"text-align: justify;\">La actividad, consta de tres etapas donde primero los ni\u00f1os podr\u00e1n ver el despegue de un cohete de lanzamiento por aire, luego ingresar\u00e1n a la Sala del Espacio donde con did\u00e1cticas figuras podr\u00e1n entender el funcionamiento interior de una nave espacial y las etapas del primer viaje a la Luna, para finalmente conocer las \u00faltimas fotograf\u00edas del panorama lunar reveladas por la NASA.<\/p>\n<p><strong>Exposici\u00f3n \u201cDe la Luna al museo\u201d<\/strong><\/p>\n<p style=\"text-align: justify;\">Al interior de un cohete gigante, similar a los usados por la NASA, se ubica esta exhibici\u00f3n temporal que cuenta con fragmentos de roca lunar donados a Chile por el gobierno de Estados Unidos tras sus misiones: Apolo 11 y Apolo 17 y que actualmente forman parte de la colecci\u00f3n de Casa Museo Eduardo Frei Montalva y el Museo Nacional de Historia Natural, respectivamente. Ambas entidades se unieron el 2009 para dar vida a una exposici\u00f3n \u00fanica que podr\u00e1 ser visitada hasta diciembre del 2011 en el Museo Nacional Aeron\u00e1utico y del Espacio completamente gratis.<\/p>\n<p>M\u00e1s informaciones al fono (02) 881 86 74 o al email <a href=\"mailto:contacto@casamuseoeduardofrei.cl\" target=\"_blank\">contacto@casamuseoeduardofrei.cl<\/a><\/p>\n","protected":false},"excerpt":{"rendered":"<p>Con m\u00e1s de sesenta ni\u00f1os se dio inicio al taller \u201cViajando a la Luna\u201d\u00a0a cargo de Jorge Ianiszewski, qui\u00e9n explic\u00f3 a los asistentes detalles de los\u00a0viajes al espacio y \u00a0las exploraciones a la Luna.\u00a0 La actividad se\u00a0realiz\u00f3 en el Museo Nacional Aeron\u00e1utico y del Espacio y promete repetirse durante este a\u00f1o.<\/p>\n","protected":false},"author":4,"featured_media":0,"comment_status":"open","ping_status":"open","sticky":false,"template":"","format":"standard","meta":{"_acf_changed":false,"footnotes":""},"categories":[14],"tags":[200,175,174],"class_list":["post-5953","post","type-post","status-publish","format-standard","hentry","category-noticias","tag-entrada-liberada","tag-jorge-ianiszewski","tag-taller-viajando-a-la-luna"],"acf":[],"_links":{"self":[{"href":"https:\/\/www.casamuseoeduardofrei.cl\/en\/wp-json\/wp\/v2\/posts\/5953","targetHints":{"allow":["GET"]}}],"collection":[{"href":"https:\/\/www.casamuseoeduardofrei.cl\/en\/wp-json\/wp\/v2\/posts"}],"about":[{"href":"https:\/\/www.casamuseoeduardofrei.cl\/en\/wp-json\/wp\/v2\/types\/post"}],"author":[{"embeddable":true,"href":"https:\/\/www.casamuseoeduardofrei.cl\/en\/wp-json\/wp\/v2\/users\/4"}],"replies":[{"embeddable":true,"href":"https:\/\/www.casamuseoeduardofrei.cl\/en\/wp-json\/wp\/v2\/comments?post=5953"}],"version-history":[{"count":0,"href":"https:\/\/www.casamuseoeduardofrei.cl\/en\/wp-json\/wp\/v2\/posts\/5953\/revisions"}],"wp:attachment":[{"href":"https:\/\/www.casamuseoeduardofrei.cl\/en\/wp-json\/wp\/v2\/media?parent=5953"}],"wp:term":[{"taxonomy":"category","embeddable":true,"href":"https:\/\/www.casamuseoeduardofrei.cl\/en\/wp-json\/wp\/v2\/categories?post=5953"},{"taxonomy":"post_tag","embeddable":true,"href":"https:\/\/www.casamuseoeduardofrei.cl\/en\/wp-json\/wp\/v2\/tags?post=5953"}],"curies":[{"name":"wp","href":"https:\/\/api.w.org\/{rel}","templated":true}]}}