{"id":5899,"date":"2011-04-11T12:40:01","date_gmt":"2011-04-11T15:40:01","guid":{"rendered":"http:\/\/www.casamuseoeduardofrei.cl\/?p=5899"},"modified":"2022-06-10T11:19:59","modified_gmt":"2022-06-10T15:19:59","slug":"este-sabado-mesa-de-conversacion-y-recorridos-gratuitos","status":"publish","type":"post","link":"https:\/\/www.casamuseoeduardofrei.cl\/en\/este-sabado-mesa-de-conversacion-y-recorridos-gratuitos\/","title":{"rendered":"Este s\u00e1bado mesa de conversaci\u00f3n y recorridos gratuitos"},"content":{"rendered":"<p style=\"text-align: justify;\">En el marco de la exposici\u00f3n \u201cOro Dulce\u201d de la artista de chilena residente en Nueva York, Francisca Ben\u00edtez,<strong> Casa Museo Eduardo Frei Montalva<\/strong> y <strong>Galer\u00eda de Arte<\/strong> <strong>Die Ecke<\/strong> invitan a la mesa de conversaci\u00f3n entorno a los cambios de la vida rural en Chile y la hist\u00f3rica reforma agraria, la cu\u00e1l contar\u00e1 con la participaci\u00f3n de dirigentes, acad\u00e9micos e investigadores. <strong>S\u00e1bado 16 <\/strong>de <strong>abril<\/strong> a las <strong>12.00 hrs.<\/strong> en calle Hindenburg 683, barrio Italia, Providencia. <strong>Entrada liberada<\/strong>. Previamente a la actividad habr\u00e1 recorridos guiados gratuitos al interior de la Casa Museo.<!--more--><\/p>\n<p style=\"text-align: justify;\"><strong>Juan Manuel Garrido<\/strong>, profesor asociado en el Instituto de Humanidades de la Universidad Diego Portales y autor tres libros vinculados al tema, <strong>Miguel Hermosilla<\/strong>, dirigente pol\u00edtico y social, obrero, funcionario p\u00fablico en el Instituto de Desarrollo Agropecuario y la Corporaci\u00f3n de Reforma Agraria e integrante del Centro Humanista para el Desarrollo Campesino, y <strong>Ren\u00e9 Valenzuela<\/strong>, Curador del Museo Nacional de Odontolog\u00eda, acad\u00e9mico e investigador de la Universidad de Chile, formar\u00e1n parte de este encuentro moderado por Camila Marambio.<\/p>\n<p style=\"text-align: justify;\">La obra de Ben\u00edtez nace a trav\u00e9s de la observaci\u00f3n de la industria membrillera familiar ubicada en la regi\u00f3n del Maule, lo cu\u00e1l nos hace part\u00edcipes de un peque\u00f1o sistema de producci\u00f3n que replantea la relaci\u00f3n con la tierra y el sustento.<\/p>\n<p style=\"text-align: justify;\">El cruce con la reforma agraria impulsada por Eduardo Frei Montalva durante su gobierno (1964-1970) se hace inevitable, por lo que la casa donde vivi\u00f3 el ex mandatario, hoy transformada en museo y ubicada a pasos de la galer\u00eda Die Ecke, ser\u00e1 el escenario para intercambiar miradas en torno al campo chileno desde la historia, el arte y otras disciplinas, haciendo un llamado a la reflexi\u00f3n de nuestras propias formas de producci\u00f3n en una sociedad cada vez m\u00e1s globalizada.<\/p>\n<div id=\"attachment_5910\" style=\"width: 210px\" class=\"wp-caption alignleft\"><a href=\"http:\/\/www.casamuseoeduardofrei.cl\/wp-content\/uploads\/2011\/04\/foto_Francisca_Benitez.jpg\" data-rel=\"lightbox-image-0\" data-rl_title=\"\" data-rl_caption=\"\"><img loading=\"lazy\" decoding=\"async\" aria-describedby=\"caption-attachment-5910\" class=\"size-full wp-image-5910\" title=\"\" src=\"http:\/\/www.casamuseoeduardofrei.cl\/wp-content\/uploads\/2011\/04\/foto_Francisca_Benitez.jpg\" alt=\"Francisca Ben\u00edtez, perfomance video still 2009\" width=\"200\" height=\"158\" \/><\/a><p id=\"caption-attachment-5910\" class=\"wp-caption-text\">Francisca Ben\u00edtez, perfomance video still 2009<\/p><\/div>\n<p style=\"text-align: justify;\">Uno de los sue\u00f1os de\u00a0 Frei Montalva era transformar la riqueza humana y econ\u00f3mica del campo en un motor del desarrollo del pa\u00eds. La materializaci\u00f3n de este concepto se da en 1967 con la promulgaci\u00f3n de la Reforma Agraria que, si bien tuvo y tiene sus detractores, es recordada por muchos como uno de los hitos m\u00e1s trascendentes de su gobierno, pues transform\u00f3 la estructura social y econ\u00f3mica del campo chileno, que hasta mediados del siglo XX se reg\u00eda por un sistema poco equitativo y con rasgos coloniales.<\/p>\n<p style=\"text-align: justify;\">&#8220;Oro Dulce&#8221; se inaugurar\u00e1 este viernes\u00a015 de abril en Galer\u00eda Die Ecke y nace de un inter\u00e9s en el patrimonio inmaterial que existe en el campo chileno, en la evoluci\u00f3n post-colonial del territorio rural y en la creaci\u00f3n de econom\u00edas alternativas de subsistencia de peque\u00f1a escala, que nacen a modo de flotadores en un contexto dominado por el libre mercado.<\/p>\n<p>\u00a1Los invitamos a participar de esta mesa que complementa esta innovadora exposici\u00f3n!<\/p>\n<p>D\u00eda: S\u00e1bado 16 de abril, 12 hrs.<\/p>\n<p>Lugar: Hindenburg 683, barrio Italia, Providencia.\u00a0<\/p>\n<p>Recorridos gratis: De 10 a 12 hrs.<\/p>\n<p>M\u00e1s informaciones en <a href=\"mailto:contacto@casamuseoeduardofrei.cl\">contacto@casamuseoeduardofrei.cl<\/a> o al fono (02) 881 86 74<\/p>\n<p>Exposici\u00f3n \u201cOro Dulce\u201d hasta el 14 de mayo en Galer\u00eda Die Ecke. Av. Jos\u00e9 Manuel Infante 1208 <a href=\"http:\/\/www.dieecke.cl\/\" target=\"_blank\" rel=\"noopener\">http:\/\/www.dieecke.cl\/<\/a><\/p>\n","protected":false},"excerpt":{"rendered":"<p>En el marco de la exposici\u00f3n \u201cOro Dulce\u201d de la artista de chilena residente en Nueva York, Francisca Ben\u00edtez, Casa Museo Eduardo Frei Montalva y Galer\u00eda de Arte Die Ecke invitan a la mesa de conversaci\u00f3n entorno a los cambios de la vida rural en Chile y la hist\u00f3rica reforma agraria, la cu\u00e1l contar\u00e1 con [&hellip;]<\/p>\n","protected":false},"author":4,"featured_media":0,"comment_status":"open","ping_status":"open","sticky":false,"template":"","format":"standard","meta":{"_acf_changed":false,"footnotes":""},"categories":[14],"tags":[197,44,46,198,199,65,121],"class_list":["post-5899","post","type-post","status-publish","format-standard","hentry","category-noticias","tag-oro-dulce","tag-casa-museo","tag-eduardo-frei-montalva","tag-galeria-die-ecke","tag-mesa-de-conversacion","tag-panorama-gratis","tag-reforma-agraria"],"acf":[],"_links":{"self":[{"href":"https:\/\/www.casamuseoeduardofrei.cl\/en\/wp-json\/wp\/v2\/posts\/5899","targetHints":{"allow":["GET"]}}],"collection":[{"href":"https:\/\/www.casamuseoeduardofrei.cl\/en\/wp-json\/wp\/v2\/posts"}],"about":[{"href":"https:\/\/www.casamuseoeduardofrei.cl\/en\/wp-json\/wp\/v2\/types\/post"}],"author":[{"embeddable":true,"href":"https:\/\/www.casamuseoeduardofrei.cl\/en\/wp-json\/wp\/v2\/users\/4"}],"replies":[{"embeddable":true,"href":"https:\/\/www.casamuseoeduardofrei.cl\/en\/wp-json\/wp\/v2\/comments?post=5899"}],"version-history":[{"count":1,"href":"https:\/\/www.casamuseoeduardofrei.cl\/en\/wp-json\/wp\/v2\/posts\/5899\/revisions"}],"predecessor-version":[{"id":16534,"href":"https:\/\/www.casamuseoeduardofrei.cl\/en\/wp-json\/wp\/v2\/posts\/5899\/revisions\/16534"}],"wp:attachment":[{"href":"https:\/\/www.casamuseoeduardofrei.cl\/en\/wp-json\/wp\/v2\/media?parent=5899"}],"wp:term":[{"taxonomy":"category","embeddable":true,"href":"https:\/\/www.casamuseoeduardofrei.cl\/en\/wp-json\/wp\/v2\/categories?post=5899"},{"taxonomy":"post_tag","embeddable":true,"href":"https:\/\/www.casamuseoeduardofrei.cl\/en\/wp-json\/wp\/v2\/tags?post=5899"}],"curies":[{"name":"wp","href":"https:\/\/api.w.org\/{rel}","templated":true}]}}