{"id":5619,"date":"2011-02-28T11:26:58","date_gmt":"2011-02-28T15:26:58","guid":{"rendered":"http:\/\/www.casamuseoeduardofrei.cl\/?p=5619"},"modified":"2011-02-28T11:26:58","modified_gmt":"2011-02-28T15:26:58","slug":"actividades-que-marcan-el-ano-del-bicentenario","status":"publish","type":"post","link":"https:\/\/www.casamuseoeduardofrei.cl\/en\/actividades-que-marcan-el-ano-del-bicentenario\/","title":{"rendered":"Eventos que marcaron nuestro 2010"},"content":{"rendered":"<p style=\"text-align: justify;\">Dos exposiciones, una ruta patrimonial, un ciclo de cine, un taller de astronom\u00eda para ni\u00f1os y participaci\u00f3n en ferias educativas, fueron parte de las actividades que\u00a0destacaron el\u00a02010\u00a0de\u00a0<strong>Casa Museo Eduardo Frei Montalva,<\/strong> entidad\u00a0con dos a\u00f1os desde su\u00a0inauguraci\u00f3n y\u00a0que no deja de emocionar a gran parte de sus visitantes.<!--more--><\/p>\n<p style=\"text-align: justify;\">Durante el a\u00f1o del bicentenario destacamos la exposici\u00f3n <strong>\u201cGuayasam\u00edn en Chile, 1969\u201d,<\/strong> que tras un a\u00f1o de trabajo pudo concretarse el 2010 con una exitosa muestra de grabados regalados por el artista a Eduardo Frei Montalva el a\u00f1o \u201969, junto a did\u00e1cticos paneles educativos. La exhibici\u00f3n fue visitada por p\u00fablicos de toda edad. <em>\u201cVinimos con nuestras hijas de 3 y 4 a\u00f1os a admirar a Guayasam\u00edn. La de tres entr\u00f3 durmiendo al museo y la de cuatro se encant\u00f3 con los dibujos, pero lo m\u00e1s lindo ha sido conocer un poco m\u00e1s y trasmitir el gran legado de Don Eduardo Frei M.\u201d<\/em> afirma una de las visitantes.<\/p>\n<p style=\"text-align: justify;\"><strong>\u201cDe la Luna al museo\u201d<\/strong> es otra de las muestras que destacamos durante el 2010. La exposici\u00f3n que exhibe fragmentos originales de roca lunar, este a\u00f1o fue acogida y reinaugurada en el Museo Nacional Aeron\u00e1utico y del Espacio (MNAE), debido a los efectos del terremoto que impidieron continuar con su exhibici\u00f3n en el Museo Nacional de Historia Natural (MNHN). La muestra tuvo un gran \u00e9xito no s\u00f3lo por la asistencia del p\u00fablico sino tambi\u00e9n por el grato trabajo realizado en conjunto con entidades de ampl\u00edsima trayectoria museogr\u00e1fica.<\/p>\n<div id=\"attachment_5626\" style=\"width: 210px\" class=\"wp-caption alignleft\"><a href=\"http:\/\/www.casamuseoeduardofrei.cl\/wp-content\/uploads\/2010\/12\/luna_2010.jpg\" data-rel=\"lightbox-image-0\" data-rl_title=\"\" data-rl_caption=\"\"><img loading=\"lazy\" decoding=\"async\" aria-describedby=\"caption-attachment-5626\" class=\"size-full wp-image-5626\" title=\"\" src=\"http:\/\/www.casamuseoeduardofrei.cl\/wp-content\/uploads\/2010\/12\/luna_2010.jpg\" alt=\"Taller &quot;Viajando a la Luna&quot;\" width=\"200\" height=\"150\" \/><\/a><p id=\"caption-attachment-5626\" class=\"wp-caption-text\">Taller &quot;Viajando a la Luna&quot;<\/p><\/div>\n<p style=\"text-align: justify;\">Una muestra de esta triple alianza fue la realizaci\u00f3n del taller <strong>\u201cViajando a la Luna\u201d<\/strong> encabezado por el escritor y divulgador cient\u00edfico, Jorge Ianiszewski quien expuso de manera did\u00e1ctica detalles de los primeros viajes a la Luna a un grupo de 60 personas, especialmente ni\u00f1os. Hubo tal inter\u00e9s de esta actividad que promete repetirse durante el 2011.<\/p>\n<p style=\"text-align: justify;\">El \u00faltimo domingo de agosto, en alianza con el movimiento Cultura Mapocho, se realiz\u00f3 por primera vez\u00a0una <strong>ruta patrimonial<\/strong> por el <strong>Barrio Italia<\/strong>, la cual se inici\u00f3 en la esquina de las calles Condell y Caupolic\u00e1n concluyendo con un ingreso gratuito a la Casa Museo. La actividad cont\u00f3 con aproximadamente 150 asistentes, quienes pudieron entender el trasfondo de la expansi\u00f3n urbana de principios del siglo XX y los diferentes estilos de vida que en ella se configuraron, como los antiguos cit\u00e9s obreros y las primeras casas de propietarios acomodados.<\/p>\n<p style=\"text-align: justify;\">El 2010 tambi\u00e9n cont\u00f3 distinciones como fue el <strong>galard\u00f3n <\/strong>en reconocimiento a la generaci\u00f3n de instancias educativas y aporte al desarrollo de la cultura nacional, que la Universidad Internacional SEK, a trav\u00e9s de su Facultad de Humanidades y Educaci\u00f3n, entreg\u00f3 a la Casa Museo con motivo de su participaci\u00f3n en la Jornada Bicentenario \u201cChile 200 a\u00f1os de vida republicana\u201d.<\/p>\n<div id=\"attachment_5628\" style=\"width: 188px\" class=\"wp-caption alignright\"><a href=\"http:\/\/www.casamuseoeduardofrei.cl\/wp-content\/uploads\/2010\/12\/galardon_SEK.jpg\" data-rel=\"lightbox-image-1\" data-rl_title=\"\" data-rl_caption=\"\"><img loading=\"lazy\" decoding=\"async\" aria-describedby=\"caption-attachment-5628\" class=\"size-full wp-image-5628\" title=\"\" src=\"http:\/\/www.casamuseoeduardofrei.cl\/wp-content\/uploads\/2010\/12\/galardon_SEK.jpg\" alt=\"Reconocimiento de U. Internacional SEK\" width=\"178\" height=\"150\" \/><\/a><p id=\"caption-attachment-5628\" class=\"wp-caption-text\">Reconocimiento de U. Internacional SEK<\/p><\/div>\n<p style=\"text-align: justify;\">Asimismo y por segundo a\u00f1o consecutivo, Casa Museo Eduardo Frei Montalva particip\u00f3 en el <strong>3er. Sal\u00f3n de la Educaci\u00f3n 2010<\/strong> exhibiendo parte de nuestra colecci\u00f3n y variado material educativo. La actividad, que cada a\u00f1o congrega a todos los actores p\u00fablico-privados comprometidos con el proceso educacional, se realiz\u00f3 en el Centro Cultural Estaci\u00f3n Mapocho.<\/p>\n<p style=\"text-align: justify;\">Con el fin de ofrecer a los adultos mayores panoramas de inter\u00e9s cultural, se realiz\u00f3 en la Sala Audiovisual de la Casa Museo el segundo ciclo de cine denominado <strong>\u201cCine en Casa\u201d,<\/strong> con pel\u00edculas protagonizadas por personajes de la d\u00e9cada del \u201860. Documentales sobre Gabriela Mistral y Ra\u00fal Silva Henr\u00edquez fueron los m\u00e1s acogidos por el p\u00fablico.<\/p>\n<p style=\"text-align: justify;\">Finalmente este a\u00f1o se convoc\u00f3, a trav\u00e9s de<strong> invitaciones especiales,<\/strong> a Presidentes de Clubes de Adulto Mayor de siete comunas de Santiago, para que conocieran este espacio patrimonial y generar convenios de cooperaci\u00f3n que les permita asistir durante todo el a\u00f1o a un precio rebajado.<\/p>\n<p style=\"text-align: justify;\">As\u00ed tambi\u00e9n en el \u00e1rea educativa, se invit\u00f3 por primera vez y de manera especial a acad\u00e9micos y autoridades universitarias, quienes agradecieron el poder conocer m\u00e1s sobre este proyecto de car\u00e1cter educativo y cultural abierto a la investigaci\u00f3n y al trabajo en red.<\/p>\n<div id=\"attachment_5642\" style=\"width: 210px\" class=\"wp-caption alignleft\"><a href=\"http:\/\/www.casamuseoeduardofrei.cl\/wp-content\/uploads\/2010\/12\/foto_colegios_2010.jpg\" data-rel=\"lightbox-image-2\" data-rl_title=\"\" data-rl_caption=\"\"><img loading=\"lazy\" decoding=\"async\" aria-describedby=\"caption-attachment-5642\" class=\"size-full wp-image-5642\" title=\"\" src=\"http:\/\/www.casamuseoeduardofrei.cl\/wp-content\/uploads\/2010\/12\/foto_colegios_2010.jpg\" alt=\"Alumnos en la Casa Museo\" width=\"200\" height=\"150\" \/><\/a><p id=\"caption-attachment-5642\" class=\"wp-caption-text\">Alumnos en la Casa Museo<\/p><\/div>\n<p style=\"text-align: justify;\">Sin duda un a\u00f1o intenso donde destacamos el trabajo en equipo y las alianzas logradas en materia de turismo, educaci\u00f3n, cultura y patrimonio. Desde ya quedan invitados a continuar visit\u00e1ndonos durante el 2011, a\u00f1o en que celebraremos el <strong>centenario <\/strong>de Eduardo Frei Montalva.<\/p>\n<p>Direcci\u00f3n: Hindenburg 683, barrio Italia, Providencia, Stgo.<\/p>\n<p>Horario: Martes a domingo de 10 a 18 hrs.<\/p>\n<p>Fono: (02) 881 86 74.<\/p>\n<p>Email: <a href=\"http:\/\/mailto:contacto@casamuseoeduardofrei.cl\" target=\"_blank\">contacto@casamuseoeduardofrei.cl<\/a><\/p>\n","protected":false},"excerpt":{"rendered":"<p>Dos exposiciones, una ruta patrimonial, un ciclo de cine, un taller de astronom\u00eda para ni\u00f1os y participaci\u00f3n en ferias educativas, fueron parte de las actividades que\u00a0destacaron el\u00a02010\u00a0de\u00a0Casa Museo Eduardo Frei Montalva, entidad\u00a0con dos a\u00f1os desde su\u00a0inauguraci\u00f3n y\u00a0que no deja de emocionar a gran parte de sus visitantes.<\/p>\n","protected":false},"author":4,"featured_media":0,"comment_status":"open","ping_status":"open","sticky":false,"template":"","format":"standard","meta":{"_acf_changed":false,"footnotes":""},"categories":[14],"tags":[],"class_list":["post-5619","post","type-post","status-publish","format-standard","hentry","category-noticias"],"acf":[],"_links":{"self":[{"href":"https:\/\/www.casamuseoeduardofrei.cl\/en\/wp-json\/wp\/v2\/posts\/5619","targetHints":{"allow":["GET"]}}],"collection":[{"href":"https:\/\/www.casamuseoeduardofrei.cl\/en\/wp-json\/wp\/v2\/posts"}],"about":[{"href":"https:\/\/www.casamuseoeduardofrei.cl\/en\/wp-json\/wp\/v2\/types\/post"}],"author":[{"embeddable":true,"href":"https:\/\/www.casamuseoeduardofrei.cl\/en\/wp-json\/wp\/v2\/users\/4"}],"replies":[{"embeddable":true,"href":"https:\/\/www.casamuseoeduardofrei.cl\/en\/wp-json\/wp\/v2\/comments?post=5619"}],"version-history":[{"count":0,"href":"https:\/\/www.casamuseoeduardofrei.cl\/en\/wp-json\/wp\/v2\/posts\/5619\/revisions"}],"wp:attachment":[{"href":"https:\/\/www.casamuseoeduardofrei.cl\/en\/wp-json\/wp\/v2\/media?parent=5619"}],"wp:term":[{"taxonomy":"category","embeddable":true,"href":"https:\/\/www.casamuseoeduardofrei.cl\/en\/wp-json\/wp\/v2\/categories?post=5619"},{"taxonomy":"post_tag","embeddable":true,"href":"https:\/\/www.casamuseoeduardofrei.cl\/en\/wp-json\/wp\/v2\/tags?post=5619"}],"curies":[{"name":"wp","href":"https:\/\/api.w.org\/{rel}","templated":true}]}}