{"id":5538,"date":"2011-01-01T12:07:14","date_gmt":"2011-01-01T16:07:14","guid":{"rendered":"http:\/\/www.casamuseoeduardofrei.cl\/?p=5538"},"modified":"2018-01-23T11:42:41","modified_gmt":"2018-01-23T14:42:41","slug":"casa-museo-se-abre-al-mundo-academico","status":"publish","type":"post","link":"https:\/\/www.casamuseoeduardofrei.cl\/en\/casa-museo-se-abre-al-mundo-academico\/","title":{"rendered":"Casa Museo se abre al mundo acad\u00e9mico"},"content":{"rendered":"<p><\/p>\n<p style=\"text-align: justify;\">M\u00e1s de 700 autoridades acad\u00e9micas de las principales universidades del pa\u00eds fueron invitadas durante el 2010 por <strong>Casa Museo Eduardo Frei Montalva,<\/strong> con el fin de generar redes de trabajo y mostrar su apertura al apoyo de la investigaci\u00f3n y la docencia en el \u00e1rea de las humanidades y las ciencias sociales. Durante el 2011 se continuar\u00e1 con la convocatoria. <!--more--><\/p>\n<div id=\"attachment_5544\" style=\"width: 310px\" class=\"wp-caption alignright\"><a href=\"http:\/\/www.casamuseoeduardofrei.cl\/wp-content\/uploads\/2010\/12\/foto_interior.jpg\" data-rel=\"lightbox-image-0\" data-rl_title=\"\" data-rl_caption=\"\"><img loading=\"lazy\" decoding=\"async\" aria-describedby=\"caption-attachment-5544\" class=\"size-full wp-image-5544\" title=\"\" src=\"http:\/\/www.casamuseoeduardofrei.cl\/wp-content\/uploads\/2010\/12\/foto_interior.jpg\" alt=\"Acad\u00e9micos Universidad Cardenal Ra\u00fal Silva Henr\u00edquez\" width=\"300\" height=\"215\" \/><\/a><p id=\"caption-attachment-5544\" class=\"wp-caption-text\">Acad\u00e9micos Universidad Cardenal Ra\u00fal Silva Henr\u00edquez<\/p><\/div>\n<p style=\"text-align: justify;\">Autoridades y acad\u00e9micos de las Universidades de Chile, Alberto Hurtado, Finis Terra, Santo Tom\u00e1s, Internacional SEK, Cardenal Ra\u00fal Silva Henr\u00edquez, Metropolitana de Ciencias de la Educaci\u00f3n y\u00a0de Los Andes, asistieron a <strong>Casa Museo Eduardo Frei Montalva<\/strong> tras la invitaci\u00f3n que se les \u00a0hizo a partir de mayo del 2010 a diversas autoridades universitarias. El objetivo de esta invitaci\u00f3n fue dar a conocer el alcance del proyecto Casa Museo y sus avances sobre todo en materia de investigaci\u00f3n y acceso a la informaci\u00f3n de fuentes hist\u00f3ricas, que sin duda ser\u00e1n un aporte a los investigadores ligados al patrimonio, el arte, las ciencias sociales y pol\u00edticas, la pedagog\u00eda y cultura en general.<\/p>\n<p style=\"text-align: justify;\"><em>\u201cMe gust\u00f3 mucho el Museo. Los felicito por resguardar el patrimonio nacional y espero sigan dando a conocer informaci\u00f3n de su quehacer museogr\u00e1fico\u201d<\/em> fueron las palabras de Jorge Olgu\u00edn, director de la carrera en pedagog\u00eda de Historia y Geograf\u00eda de Universidad Internacional SEK, quien fruto de esta visita invit\u00f3 a participar a la Casa Museo -con parte de su exhibici\u00f3n- en la Jornada Bicentenario <em>\u201cChile 200 a\u00f1os de vida republicana\u201d,<\/em> realizada en dicha casa de estudios.<\/p>\n<p style=\"text-align: justify;\">Asimismo Patricia Moya, profesora de Filosof\u00eda de la Universidad de Los Andes, agradeci\u00f3 la invitaci\u00f3n rescatando el apoyo de los gu\u00edas dado que <em>\u201cpermiten explicar los detalles, sin los cu\u00e1les no se aprecia el museo\u201d.<\/em><\/p>\n<div id=\"attachment_5545\" style=\"width: 260px\" class=\"wp-caption alignleft\"><a href=\"http:\/\/www.casamuseoeduardofrei.cl\/wp-content\/uploads\/2010\/12\/foto_interior2.jpg\" data-rel=\"lightbox-image-1\" data-rl_title=\"\" data-rl_caption=\"\"><img loading=\"lazy\" decoding=\"async\" aria-describedby=\"caption-attachment-5545\" class=\"size-full wp-image-5545\" title=\"\" src=\"http:\/\/www.casamuseoeduardofrei.cl\/wp-content\/uploads\/2010\/12\/foto_interior2.jpg\" alt=\"Autoridades Universidad de Chile\" width=\"250\" height=\"144\" \/><\/a><p id=\"caption-attachment-5545\" class=\"wp-caption-text\">Autoridades Universidad de Chile<\/p><\/div>\n<p style=\"text-align: justify;\">Una de las grandes novedades de este a\u00f1o fue la apertura al p\u00fablico del <strong>Archivo Hist\u00f3rico de Eduardo Frei Montalva<\/strong> que se encuentra tanto en <a href=\"http:\/\/www.casamuseoeduardofrei.cl\/archivo\/\" target=\"_blank\">l\u00ednea <\/a>como a disposici\u00f3n exclusiva de investigadores que necesiten ahondar en temas m\u00e1s espec\u00edficos relacionados con el ex mandatario y la historia de Chile contempor\u00e1nea. El archivo cuenta con m\u00e1s de 8.000 documentos y fuentes primarias como cartas, discursos, decretos entre otros que enfocan tem\u00e1ticas como asuntos econ\u00f3micos, campa\u00f1as, cobre, Comisi\u00f3n Brandt, mensajes presidenciales y temas familiares. Material que en un futuro espera ser digitalizado.<\/p>\n<p style=\"text-align: justify;\">Durante el 2011 y como parte de su plan de difusi\u00f3n, Casa Museo Eduardo Frei Montalva continuar\u00e1 impartiendo estas invitaciones entre los docentes y acad\u00e9micos de la Regi\u00f3n Metropolitana, para as\u00ed continuar generando espacios de encuentro entre el mundo acad\u00e9mico y este espacio patrimonial.<\/p>\n<p>Direcci\u00f3n: Hindenburg 683, barrio Italia, Providencia.<\/p>\n<p>M\u00e1s informaciones al fono (02) 723 41 05 \u2013 (02) 881 86 74<\/p>\n<p>Email: <a href=\"http:\/\/mailto:contacto@casamuseoeduardofrei.cl\" target=\"_blank\">contacto@casamuseoeduardofrei.cl<\/a><\/p>","protected":false},"excerpt":{"rendered":"<p>Sorry, this entry is only available in Espa\u00f1ol.<\/p>\n","protected":false},"author":4,"featured_media":0,"comment_status":"open","ping_status":"open","sticky":false,"template":"","format":"standard","meta":{"_acf_changed":false,"footnotes":""},"categories":[14],"tags":[185,186,44,187,188],"class_list":["post-5538","post","type-post","status-publish","format-standard","hentry","category-noticias","tag-academicos","tag-archivo-historico","tag-casa-museo","tag-invitaciones","tag-reuniones"],"acf":[],"_links":{"self":[{"href":"https:\/\/www.casamuseoeduardofrei.cl\/en\/wp-json\/wp\/v2\/posts\/5538","targetHints":{"allow":["GET"]}}],"collection":[{"href":"https:\/\/www.casamuseoeduardofrei.cl\/en\/wp-json\/wp\/v2\/posts"}],"about":[{"href":"https:\/\/www.casamuseoeduardofrei.cl\/en\/wp-json\/wp\/v2\/types\/post"}],"author":[{"embeddable":true,"href":"https:\/\/www.casamuseoeduardofrei.cl\/en\/wp-json\/wp\/v2\/users\/4"}],"replies":[{"embeddable":true,"href":"https:\/\/www.casamuseoeduardofrei.cl\/en\/wp-json\/wp\/v2\/comments?post=5538"}],"version-history":[{"count":1,"href":"https:\/\/www.casamuseoeduardofrei.cl\/en\/wp-json\/wp\/v2\/posts\/5538\/revisions"}],"predecessor-version":[{"id":12524,"href":"https:\/\/www.casamuseoeduardofrei.cl\/en\/wp-json\/wp\/v2\/posts\/5538\/revisions\/12524"}],"wp:attachment":[{"href":"https:\/\/www.casamuseoeduardofrei.cl\/en\/wp-json\/wp\/v2\/media?parent=5538"}],"wp:term":[{"taxonomy":"category","embeddable":true,"href":"https:\/\/www.casamuseoeduardofrei.cl\/en\/wp-json\/wp\/v2\/categories?post=5538"},{"taxonomy":"post_tag","embeddable":true,"href":"https:\/\/www.casamuseoeduardofrei.cl\/en\/wp-json\/wp\/v2\/tags?post=5538"}],"curies":[{"name":"wp","href":"https:\/\/api.w.org\/{rel}","templated":true}]}}