{"id":5293,"date":"2010-11-29T08:58:08","date_gmt":"2010-11-29T12:58:08","guid":{"rendered":"http:\/\/www.casamuseoeduardofrei.cl\/?p=5293"},"modified":"2010-11-29T08:58:08","modified_gmt":"2010-11-29T12:58:08","slug":"viajemos-a-la-luna-con-jorge-ianiszewski","status":"publish","type":"post","link":"https:\/\/www.casamuseoeduardofrei.cl\/en\/viajemos-a-la-luna-con-jorge-ianiszewski\/","title":{"rendered":"Ni\u00f1os y adultos gozaron \u201cViajando a la Luna\u201d"},"content":{"rendered":"<p style=\"text-align: justify;\">Con la asistencia de casi 60 personas se realiz\u00f3 el primer taller de astronom\u00eda para ni\u00f1os en el marco de la exposici\u00f3n <em>\u201cDe la Luna al museo\u201d<\/em> que ya cuenta con 69.000 asistentes, y donde <strong>Casa Museo Eduardo Frei Montalva<\/strong>\u00a0exhibe \u00a0junto al Museo Nacional de Historia Natural fragmentos de roca lunar originales hasta diciembre del 2010 en el Museo Nacional Aeron\u00e1utico y del Espacio.<!--more--><\/p>\n<p style=\"text-align: justify;\">La actividad \u00a0organizada en conjunto con el Museo Nacional Aeron\u00e1utico y del Espacio (MNAE) y el Museo Nacional de Historia Natural (MNHN) se realiz\u00f3 el s\u00e1bado 20 de noviembre en el MNAE y cont\u00f3 mayoritariamente con la presencia de alumnos y profesores del Colegio Alberto Widmer de 4to y 5to a\u00f1o\u00a0b\u00e1sico.<\/p>\n<p style=\"text-align: justify;\">El taller encabezado por Jorge Ianiszewski,\u00a0 escritor, divulgador cient\u00edfico, docente y director de cursos de astronom\u00eda b\u00e1sica, comenz\u00f3 con el lanzamiento de un cohete por aire en el frontis del museo, lo cu\u00e1l impresion\u00f3 a los asistentes por la velocidad y explicaci\u00f3n cient\u00edfica de este fen\u00f3meno. Luego se ingres\u00f3 a la &#8220;Sala del Espacio&#8221;\u00a0 donde en mesas con did\u00e1cticas figuras de naves, astronautas, modelos de comando y de servicio, los asistentes (principalmente los ni\u00f1os) pudieron comprender mejor el funcionamiento de una nave espacial y las etapas de los viajes a la Luna desde el aterrizaje hasta el amarizaje. Al final los peque\u00f1os auditores intervinieron con preguntas como \u00bfhay hielo en la Luna?\u00a0o \u00bfde qu\u00e9 material es el traje de los astronautas?<\/p>\n<div id=\"attachment_5397\" style=\"width: 160px\" class=\"wp-caption alignleft\"><a href=\"http:\/\/www.casamuseoeduardofrei.cl\/wp-content\/uploads\/2010\/11\/foto_interior31.jpg\" data-rel=\"lightbox-image-0\" data-rl_title=\"\" data-rl_caption=\"\"><img loading=\"lazy\" decoding=\"async\" aria-describedby=\"caption-attachment-5397\" class=\"size-thumbnail wp-image-5397\" title=\"\" src=\"http:\/\/www.casamuseoeduardofrei.cl\/wp-content\/uploads\/2010\/11\/foto_interior31-150x150.jpg\" alt=\"P\u00fablico en la &quot;Sala del Espacio&quot;\" width=\"150\" height=\"150\" \/><\/a><p id=\"caption-attachment-5397\" class=\"wp-caption-text\">P\u00fablico en la &quot;Sala del Espacio&quot;<\/p><\/div>\n<p style=\"text-align: justify;\">Posteriormente los asistentes visitaron la exposici\u00f3n<em> \u201cDe la Luna al museo\u201d<\/em> donde al interior de un cohete -similar a los usados por la\u00a0NASA- se exhiben\u00a0 fragmentos de roca lunar originales donados a Chile por el gobierno de Estados Unidos tras sus misiones Apolo 11 y Apolo 17 y que actualmente forman parte de la colecci\u00f3n de Casa Museo Eduardo Frei Montalva y el Museo Nacional de Historia Natural, respectivamente.<\/p>\n<p style=\"text-align: justify;\">El taller <em>\u201cViajando a la Luna\u201d<\/em> concluy\u00f3 en el aula magna del Museo Nacional Aeron\u00e1utico y del Espacio donde Ianiszewski expuso detalles desconocidos de los viajes a la Luna, junto a las \u00faltimas fotograf\u00edas del panorama lunar reveladas por la NASA las cu\u00e1les fueron atentamente admiradas por el p\u00fablico.<\/p>\n<p style=\"text-align: justify;\">Quedan todos invitados a continuar visitando la exposici\u00f3n <em>&#8220;De la Luna al museo&#8221;<\/em> donde podr\u00e1n encontrar fragmentos de roca lunar originales y una excelente fusi\u00f3n entre cultura, astronom\u00eda e historia.<\/p>\n<p>Museo Nacional Aeron\u00e1utico y del Espacio<\/p>\n<p>Entrada Liberada &#8211; Hasta el 30 de diciembre 2010<\/p>\n<p>Direcci\u00f3n: Av. Pedro Aguirre Cerda (ex Camino a Melipilla) N\u00b0 5000, Los Cerrillos.<\/p>\n<p>Fonos: (02) 435 30 30, anexo 10 o 18.<\/p>\n<p>\u00a0<\/p>\n<p style=\"text-align: justify;\">\u00a0<\/p>\n<p style=\"text-align: justify;\">\u00a0<\/p>\n","protected":false},"excerpt":{"rendered":"<p>Con la asistencia de casi 60 personas se realiz\u00f3 el primer taller de astronom\u00eda para ni\u00f1os en el marco de la exposici\u00f3n \u201cDe la Luna al museo\u201d que ya cuenta con 69.000 asistentes, y donde Casa Museo Eduardo Frei Montalva\u00a0exhibe \u00a0junto al Museo Nacional de Historia Natural fragmentos de roca lunar originales hasta diciembre del [&hellip;]<\/p>\n","protected":false},"author":4,"featured_media":0,"comment_status":"open","ping_status":"open","sticky":false,"template":"","format":"standard","meta":{"_acf_changed":false,"footnotes":""},"categories":[14],"tags":[66,169,44,46,68,170,171,172,173,174],"class_list":["post-5293","post","type-post","status-publish","format-standard","hentry","category-noticias","tag-de-la-luna-al-museo","tag-astronomia","tag-casa-museo","tag-eduardo-frei-montalva","tag-exposicion","tag-museo-nacional-aeronautico-y-del-espacio","tag-museo-nacional-de-historia-natural","tag-ninos","tag-piedras-lunares","tag-taller-viajando-a-la-luna"],"acf":[],"_links":{"self":[{"href":"https:\/\/www.casamuseoeduardofrei.cl\/en\/wp-json\/wp\/v2\/posts\/5293","targetHints":{"allow":["GET"]}}],"collection":[{"href":"https:\/\/www.casamuseoeduardofrei.cl\/en\/wp-json\/wp\/v2\/posts"}],"about":[{"href":"https:\/\/www.casamuseoeduardofrei.cl\/en\/wp-json\/wp\/v2\/types\/post"}],"author":[{"embeddable":true,"href":"https:\/\/www.casamuseoeduardofrei.cl\/en\/wp-json\/wp\/v2\/users\/4"}],"replies":[{"embeddable":true,"href":"https:\/\/www.casamuseoeduardofrei.cl\/en\/wp-json\/wp\/v2\/comments?post=5293"}],"version-history":[{"count":0,"href":"https:\/\/www.casamuseoeduardofrei.cl\/en\/wp-json\/wp\/v2\/posts\/5293\/revisions"}],"wp:attachment":[{"href":"https:\/\/www.casamuseoeduardofrei.cl\/en\/wp-json\/wp\/v2\/media?parent=5293"}],"wp:term":[{"taxonomy":"category","embeddable":true,"href":"https:\/\/www.casamuseoeduardofrei.cl\/en\/wp-json\/wp\/v2\/categories?post=5293"},{"taxonomy":"post_tag","embeddable":true,"href":"https:\/\/www.casamuseoeduardofrei.cl\/en\/wp-json\/wp\/v2\/tags?post=5293"}],"curies":[{"name":"wp","href":"https:\/\/api.w.org\/{rel}","templated":true}]}}