{"id":5204,"date":"2010-10-25T10:59:59","date_gmt":"2010-10-25T13:59:59","guid":{"rendered":"http:\/\/www.casamuseoeduardofrei.cl\/?p=5204"},"modified":"2022-06-10T11:20:22","modified_gmt":"2022-06-10T15:20:22","slug":"este-viernes-gratis-hasta-la-medianoche","status":"publish","type":"post","link":"https:\/\/www.casamuseoeduardofrei.cl\/en\/este-viernes-gratis-hasta-la-medianoche\/","title":{"rendered":"\u00a1Este viernes gratis hasta la medianoche!"},"content":{"rendered":"<p style=\"text-align: justify;\"><strong>Casa Museo Eduardo Frei Montalva<\/strong> se suma por cuarta vez a una nueva versi\u00f3n de <strong>Museos de Medianoche<\/strong> e invita a conocer toda su colecci\u00f3n patrimonial junto a la exhibici\u00f3n temporal <em>\u201cGuayasam\u00edn en Chile, 1969\u201d<\/em> que\u00a0cuenta con grabados originales del artista.\u00a0\u00a0Viernes 29 de octubre de\u00a018 a 24 hrs.<!--more--><\/p>\n<p style=\"text-align: justify;\">La casa donde viviera Eduardo Frei Montalva por m\u00e1s de 40 a\u00f1os se une a los doce museos y centros capitalinos que abrir\u00e1n gratuitamente sus puertas con el fin de acercar al p\u00fablico general a la cultura, el patrimonio y las artes visuales.<\/p>\n<p style=\"text-align: justify;\">Quienes recorran la <strong>Casa Museo <\/strong>ambientada en los a\u00f1os\u00a0&#8217;60\u00a0tendr\u00e1n la oportunidad de apreciar los m\u00e1s de 350 objetos \u00edntimos y p\u00fablicos del ex mandatario junto a la muestra <strong>\u201cGuayasam\u00edn en Chile, 1969\u201d<\/strong> que cuenta con doce grabados que el pintor ecuatoriano le regal\u00f3 al ex Presidente en 1969, cuando visit\u00f3 Chile, junto con did\u00e1cticos paneles que contextualizan aquella visita hace 41 a\u00f1os.<\/p>\n<p style=\"text-align: justify;\">Asimismo, los visitantes podr\u00e1n conocer lugares tan significativos como &#8220;La Moneda Chica&#8221;, escritorio donde Eduardo Frei Montalva\u00a0se reuni\u00f3\u00a0\u00a0con personalidades como Gabriela Mistral, Salvador Allende y la Reina Isabel II cuando visit\u00f3 Chile en 1968.<\/p>\n<div id=\"attachment_5220\" style=\"width: 210px\" class=\"wp-caption alignleft\"><a href=\"http:\/\/www.casamuseoeduardofrei.cl\/wp-content\/uploads\/2010\/10\/afiche_mdm.jpg\" data-rel=\"lightbox-image-0\" data-rl_title=\"\" data-rl_caption=\"\"><img loading=\"lazy\" decoding=\"async\" aria-describedby=\"caption-attachment-5220\" class=\"size-full wp-image-5220\" title=\"\" src=\"http:\/\/www.casamuseoeduardofrei.cl\/wp-content\/uploads\/2010\/10\/afiche_mdm.jpg\" alt=\"Panorama cultural nocturno\" width=\"200\" height=\"292\" \/><\/a><p id=\"caption-attachment-5220\" class=\"wp-caption-text\">Panorama cultural nocturno<\/p><\/div>\n<p style=\"text-align: justify;\">Museos de Medianoche 2010<strong> <\/strong>contar\u00e1 con la participaci\u00f3n del Museo Nacional de Bellas Artes, Museo Benjam\u00edn Vicu\u00f1a Mackenna, Matucana 100, Centro Cultural Palacio La Moneda, Centro de Extensi\u00f3n UC, Centro Gabriela Mistral, Galer\u00eda Florencia Loewenthal, Galer\u00eda AFA, Museo de Arte Contempor\u00e1neo, Museo de Artes Visuales, Sala de Arte Fundaci\u00f3n Telef\u00f3nica y Galer\u00eda Moro.<\/p>\n<p style=\"text-align: justify;\">La propuesta es realizar un circuito cultural nocturno por exposiciones de primer nivel y disfrutar de las actividades que los diferentes organismos ofrecer\u00e1n. En el caso de la comuna de Providencia las actividades ser\u00e1n las siguientes.<\/p>\n<p style=\"text-align: justify;\">En el <em>Museo Benjam\u00edn Vicu\u00f1a Mackenna<\/em>, adem\u00e1s de visitas guiadas, se podr\u00e1 disfrutar a las 20.00 horas de un recital de gaita escocesa a cargo de Gonzalo Quezada Soto y a las 22.00 horas de la clase y degustaci\u00f3n <strong>Chingana<\/strong>, en torno a la historia y geograf\u00eda del folclor a cargo del Conjunto de Proyecci\u00f3n Folcl\u00f3rica Alero, dirigido por Pedro Fuentes Inostroza.<\/p>\n<p style=\"text-align: justify;\">Asimismo en la <em>Fundaci\u00f3n Telef\u00f3nica<\/em> se podr\u00e1 apreciar la muestra <strong>Entrever (bajo la piel de Chile),<\/strong> conformada por una murla de 36 metros cuadrados armado con 600 placas de cer\u00e1mica \u00fanicas, el montaje es una forma de ver el Para\u00edso compuesto por los rostros de distintas personas &#8220;amadas&#8221; a lo largo de todo el pa\u00eds. Tambi\u00e9n se exhibe <strong>La Radio en el Bicentenario de Chile<\/strong>, que a trav\u00e9s de objetos y m\u00e1s de 200 fotograf\u00edas ampliadas recorre la historia de la radio entre 1922 y 1944. Se incluyen receptores radiales, accesorios afines, reproductores musicales equipamiento radiodifusor y de radiocomunicaciones.<\/p>\n<p>\u00a1Quedan todos invitados a esta fiesta nocturna y cultural!<\/p>\n<p>Direcci\u00f3n: Hindenburg 683,\u00a0barrio Italia, Providencia.<\/p>\n<p>Fonos: (02) 881 86 73 \u2013 (02) 723 41 05<\/p>\n<p>Email: <a href=\"http:\/\/mailto:contacto@casamuseoeduardofrei.cl\" target=\"_blank\" rel=\"noopener\">contacto@casamuseoeduardofrei.cl<\/a><\/p>\n<p>Recorridos\u00a0gratuitos de 18 a 24 hrs.<\/p>\n","protected":false},"excerpt":{"rendered":"<p>Casa Museo Eduardo Frei Montalva se suma por cuarta vez a una nueva versi\u00f3n de Museos de Medianoche e invita a conocer toda su colecci\u00f3n patrimonial junto a la exhibici\u00f3n temporal \u201cGuayasam\u00edn en Chile, 1969\u201d que\u00a0cuenta con grabados originales del artista.\u00a0\u00a0Viernes 29 de octubre de\u00a018 a 24 hrs.<\/p>\n","protected":false},"author":4,"featured_media":0,"comment_status":"open","ping_status":"open","sticky":false,"template":"","format":"standard","meta":{"_acf_changed":false,"footnotes":""},"categories":[14],"tags":[161,44,162,163,164,165,166],"class_list":["post-5204","post","type-post","status-publish","format-standard","hentry","category-noticias","tag-29-octubre-2010","tag-casa-museo","tag-circuito-nocturno","tag-cultural","tag-medianoche","tag-museos-de-medianoche-2010","tag-panorama-nocturno"],"acf":[],"_links":{"self":[{"href":"https:\/\/www.casamuseoeduardofrei.cl\/en\/wp-json\/wp\/v2\/posts\/5204","targetHints":{"allow":["GET"]}}],"collection":[{"href":"https:\/\/www.casamuseoeduardofrei.cl\/en\/wp-json\/wp\/v2\/posts"}],"about":[{"href":"https:\/\/www.casamuseoeduardofrei.cl\/en\/wp-json\/wp\/v2\/types\/post"}],"author":[{"embeddable":true,"href":"https:\/\/www.casamuseoeduardofrei.cl\/en\/wp-json\/wp\/v2\/users\/4"}],"replies":[{"embeddable":true,"href":"https:\/\/www.casamuseoeduardofrei.cl\/en\/wp-json\/wp\/v2\/comments?post=5204"}],"version-history":[{"count":1,"href":"https:\/\/www.casamuseoeduardofrei.cl\/en\/wp-json\/wp\/v2\/posts\/5204\/revisions"}],"predecessor-version":[{"id":16537,"href":"https:\/\/www.casamuseoeduardofrei.cl\/en\/wp-json\/wp\/v2\/posts\/5204\/revisions\/16537"}],"wp:attachment":[{"href":"https:\/\/www.casamuseoeduardofrei.cl\/en\/wp-json\/wp\/v2\/media?parent=5204"}],"wp:term":[{"taxonomy":"category","embeddable":true,"href":"https:\/\/www.casamuseoeduardofrei.cl\/en\/wp-json\/wp\/v2\/categories?post=5204"},{"taxonomy":"post_tag","embeddable":true,"href":"https:\/\/www.casamuseoeduardofrei.cl\/en\/wp-json\/wp\/v2\/tags?post=5204"}],"curies":[{"name":"wp","href":"https:\/\/api.w.org\/{rel}","templated":true}]}}