{"id":5180,"date":"2010-11-29T13:45:09","date_gmt":"2010-11-29T17:45:09","guid":{"rendered":"http:\/\/www.casamuseoeduardofrei.cl\/?p=5180"},"modified":"2018-01-23T11:42:12","modified_gmt":"2018-01-23T14:42:12","slug":"cine-en-casa-el-cine-de-los-anos-dorados","status":"publish","type":"post","link":"https:\/\/www.casamuseoeduardofrei.cl\/en\/cine-en-casa-el-cine-de-los-anos-dorados\/","title":{"rendered":"Adultos mayores y familias disfrutan \u201cCine en Casa\u201d"},"content":{"rendered":"<p><\/p>\n<p style=\"text-align: justify;\">Aproximadamente sesenta personas de distintas comunas de Santiago asistieron al segundo ciclo de cine organizado por <strong>Casa Museo Eduardo Frei Montalva,<\/strong> donde se exhibieron tres pel\u00edculas de directores chilenos: &#8220;Gabriela de Elqui, Mistral del Mundo&#8221;, &#8220;Ra\u00fal Silva Henr\u00edquez, el cardenal&#8221; y la pel\u00edcula &#8220;El Regalo&#8221;, tuvieron gran acogida del p\u00fablico. <!--more--><\/p>\n<p style=\"text-align: justify;\">Durante octubre, mes en que se celebra el d\u00eda del cine y al adulto mayor, <strong>Casa Museo Eduardo Frei Montalva<\/strong> ofreci\u00f3 una oferta cinematogr\u00e1fica especial para ellos. La invitaci\u00f3n\u00a0fue disfrutar de tres pel\u00edculas dirigidas por renombrados cineastas chilenos en la casa del ex mandatario, la cu\u00e1l tambi\u00e9n puedieron recorrer gratuitamente durante todo el mes.<\/p>\n<p style=\"text-align: justify;\"><em>\u201cNos parece importante abrir este espacio de resguardo patrimonial a otras actividades culturales y gratuitas, en este caso, orientadas a aquellos que vivieron la d\u00e9cada del \u201960 y que sin duda venir a esta Casa los llenar\u00e1 de recuerdos\u201d<\/em> afirma Magdalena Frei L., directora de Casa Museo Eduardo Frei Montalva.<\/p>\n<p>\u201cCine en Casa\u201d comenz\u00f3 el <strong>15 de octubre<\/strong> con la pel\u00edcula &#8220;Gabriela de Elqui, Mistral del mundo&#8230; el misterio de una cigarra&#8221; del director chileno Luis R. Vera, pel\u00edcula estrenada el 2006 que muestra a la poetisa en su dimensi\u00f3n de maestra, amante, madre y luchadora social, destacando el testimonio de Doris Dana qui\u00e9n habla por primera vez ante las c\u00e1maras.<\/p>\n<p><a href=\"http:\/\/www.casamuseoeduardofrei.cl\/wp-content\/uploads\/2010\/10\/foto_cardenal.jpg\" data-rel=\"lightbox-image-1\" data-rl_title=\"\" data-rl_caption=\"\" title=\"\"><\/a><\/p>\n<div id=\"attachment_5252\" style=\"width: 210px\" class=\"wp-caption alignleft\"><a href=\"http:\/\/www.casamuseoeduardofrei.cl\/wp-content\/uploads\/2010\/10\/asistentes_cine.jpg\" data-rel=\"lightbox-image-0\" data-rl_title=\"\" data-rl_caption=\"\"><img loading=\"lazy\" decoding=\"async\" aria-describedby=\"caption-attachment-5252\" class=\"size-full wp-image-5252\" title=\"\" src=\"http:\/\/www.casamuseoeduardofrei.cl\/wp-content\/uploads\/2010\/10\/asistentes_cine.jpg\" alt=\"Algunos de los asistentes\" width=\"200\" height=\"150\" \/><\/a><p id=\"caption-attachment-5252\" class=\"wp-caption-text\">Algunos de los asistentes<\/p><\/div>\n<p style=\"text-align: justify;\">El ciclo continu\u00f3 el <strong>22 de octubre<\/strong> con el documental \u201cRa\u00fal Silva Henr\u00edquez, el cardenal\u201d de Ricardo Larra\u00edn, material que contiene sus \u00faltimas im\u00e1genes en vida junto con variados testimonios de su intensa lucha por los derechos humanos<\/p>\n<p style=\"text-align: justify;\">Finalmente y en el \u00e1mbito de la ficci\u00f3n, el <strong>29 de octubre<\/strong> se exhibi\u00f3 \u201cEl Regalo\u201d exitoso filme estrenado el 2008, protagonizado por destacados actores de la generaci\u00f3n de los \u201960 como Delfina Guzm\u00e1n, Nelson Villagra y H\u00e9ctor Noguera. La pel\u00edcula narra la historia de un viudo, reci\u00e9n jubilado y deprimido, a qui\u00e9n sus amigos deciden ayudarlo a superar su tristeza y viudez llev\u00e1ndolo a unas termas, donde se reencontrar\u00e1 con un viejo amor.<\/p>\n<p style=\"text-align: justify;\">\u00a1Desde ya quedan todos invitados a una nueva versi\u00f3n de este ciclo el 2011!<\/p>\n<p style=\"text-align: justify;\">\u00a0<\/p>\n<p style=\"text-align: justify;\">Direcci\u00f3n: Hindenburg 683, Providencia.<\/p>\n<p style=\"text-align: justify;\">Informaciones (02) 881 86 74.<\/p>\n<p>Email: <a href=\"http:\/\/mailto:contacto@casamuseoeduardofrei.cl\" target=\"_blank\">contacto@casamuseoeduardofrei.cl<\/a><\/p>","protected":false},"excerpt":{"rendered":"<p>Sorry, this entry is only available in Espa\u00f1ol.<\/p>\n","protected":false},"author":4,"featured_media":0,"comment_status":"open","ping_status":"open","sticky":false,"template":"","format":"standard","meta":{"_acf_changed":false,"footnotes":""},"categories":[14],"tags":[153,154,44,155,156,46,157,158,159,160],"class_list":["post-5180","post","type-post","status-publish","format-standard","hentry","category-noticias","tag-el-regalo","tag-adulto-mayor","tag-casa-museo","tag-ciclo-de-cine-2010","tag-cristian-galaz","tag-eduardo-frei-montalva","tag-luis-r-vera","tag-mes-del-adulto-mayor","tag-peliculas-chilenas","tag-ricardo-larrain"],"acf":[],"_links":{"self":[{"href":"https:\/\/www.casamuseoeduardofrei.cl\/en\/wp-json\/wp\/v2\/posts\/5180","targetHints":{"allow":["GET"]}}],"collection":[{"href":"https:\/\/www.casamuseoeduardofrei.cl\/en\/wp-json\/wp\/v2\/posts"}],"about":[{"href":"https:\/\/www.casamuseoeduardofrei.cl\/en\/wp-json\/wp\/v2\/types\/post"}],"author":[{"embeddable":true,"href":"https:\/\/www.casamuseoeduardofrei.cl\/en\/wp-json\/wp\/v2\/users\/4"}],"replies":[{"embeddable":true,"href":"https:\/\/www.casamuseoeduardofrei.cl\/en\/wp-json\/wp\/v2\/comments?post=5180"}],"version-history":[{"count":2,"href":"https:\/\/www.casamuseoeduardofrei.cl\/en\/wp-json\/wp\/v2\/posts\/5180\/revisions"}],"predecessor-version":[{"id":12523,"href":"https:\/\/www.casamuseoeduardofrei.cl\/en\/wp-json\/wp\/v2\/posts\/5180\/revisions\/12523"}],"wp:attachment":[{"href":"https:\/\/www.casamuseoeduardofrei.cl\/en\/wp-json\/wp\/v2\/media?parent=5180"}],"wp:term":[{"taxonomy":"category","embeddable":true,"href":"https:\/\/www.casamuseoeduardofrei.cl\/en\/wp-json\/wp\/v2\/categories?post=5180"},{"taxonomy":"post_tag","embeddable":true,"href":"https:\/\/www.casamuseoeduardofrei.cl\/en\/wp-json\/wp\/v2\/tags?post=5180"}],"curies":[{"name":"wp","href":"https:\/\/api.w.org\/{rel}","templated":true}]}}