{"id":4999,"date":"2010-11-01T16:08:22","date_gmt":"2010-11-01T20:08:22","guid":{"rendered":"http:\/\/www.casamuseoeduardofrei.cl\/?p=4999"},"modified":"2010-11-01T16:08:22","modified_gmt":"2010-11-01T20:08:22","slug":"visita-nuestro-stand-educativo-en-sie-2010","status":"publish","type":"post","link":"https:\/\/www.casamuseoeduardofrei.cl\/en\/visita-nuestro-stand-educativo-en-sie-2010\/","title":{"rendered":"M\u00e1s de 1.000 personas nos visitan en evento SiE 2010"},"content":{"rendered":"<p style=\"text-align: justify;\">Acad\u00e9micos de Santiago y\u00a0regiones\u00a0junto a estudiantes y p\u00fablico en general\u00a0visitaron el\u00a0stand de <strong>Casa Museo Eduardo Frei Montalva\u00a0<\/strong> ubicado en el\u00a03\u00b0 Sal\u00f3n de la Educaci\u00f3n, SIE 2010, donde exhibimos algunos objetos y\u00a0variado\u00a0material educativo. La\u00a0actividad se realiz\u00f3\u00a0\u00a0en el Centro Cultural Estaci\u00f3n Mapocho.<!--more--><\/p>\n<p style=\"text-align: justify;\">Con un din\u00e1mico stand ubicado en los m\u00e1s de 1.200 metros dispuestos para esta actividad, la casa donde viviera el ex mandatario se sum\u00f3\u00a0\u00a0por segunda vez\u00a0\u00a0al Sal\u00f3n de la Educaci\u00f3n 2010 que este a\u00f1o\u00a0cont\u00f3 con la\u00a0asistencia de m\u00e1s de 5.000 personas, superando las expectativas del a\u00f1o pasado.<\/p>\n<p style=\"text-align: justify;\">Durante dos d\u00edas pudimos dar a conocer nuestro innovador<a href=\"http:\/\/www.casamuseoeduardofrei.cl\/2009\/03\/programa-educativo\/\" target=\"_blank\"> programa educativo\u00a0<\/a> que a partir de este a\u00f1o se extendi\u00f3 desde edad pre escolar hasta cuarto a\u00f1o medio, siempre con el fin de enriquecer el aprendizaje de la historia de Chile a trav\u00e9s del conocimiento de la casa y los objetos personales de uno de los protagonistas del siglo XX chileno.<\/p>\n<p style=\"text-align: justify;\"><em>\u201cNos enorgullece volver a participar de esta importante actividad que permite dar a conocer nuestra gesti\u00f3n y propuesta educativa tan\u00a0cuidadosamente trabajada durante estos a\u00f1os, con el fin de ser un aporte en el\u00a0aprendisaje vivencial de nuestra historia reciente&#8221;\u00a0<\/em>afirma Mar\u00eda Jos\u00e9 Lira, subdirectora de la Casa Museo.<\/p>\n<p style=\"text-align: justify;\">SIE 2010 es el evento educacional m\u00e1s grande e importante de Chile y Latinoam\u00e9rica, teniendo como \u00fanico s\u00edmil el Sal\u00f3n de la Educaci\u00f3n , que se hace todos los a\u00f1os en Gran Breta\u00f1a, cuya nueva versi\u00f3n se realizar\u00e1 en enero del 2011 y que, al igual que la chilena, congrega a todos los actores p\u00fablico-privados comprometidos con el proceso educacional.<\/p>\n<div id=\"attachment_5101\" style=\"width: 189px\" class=\"wp-caption alignleft\"><a href=\"http:\/\/www.casamuseoeduardofrei.cl\/wp-content\/uploads\/2010\/08\/interior3_SIE.jpg\" data-rel=\"lightbox-image-0\" data-rl_title=\"\" data-rl_caption=\"\"><img loading=\"lazy\" decoding=\"async\" aria-describedby=\"caption-attachment-5101\" class=\"size-full wp-image-5101\" title=\"\" src=\"http:\/\/www.casamuseoeduardofrei.cl\/wp-content\/uploads\/2010\/08\/interior3_SIE.jpg\" alt=\"Escolar junto a vitrina en exhibici\u00f3n\" width=\"179\" height=\"176\" \/><\/a><p id=\"caption-attachment-5101\" class=\"wp-caption-text\">Escolar junto a vitrina en exhibici\u00f3n<\/p><\/div>\n<p style=\"text-align: justify;\">Agradecemos la invitaci\u00f3n a esta\u00a0masiva actividad\u00a0que permiti\u00f3 volver a dar a conocer tanto las novedades en el mejoramiento de nuestros\u00a0programas educativos, como las actividades culturales y educativas que realizamos durante el a\u00f1o. Esperamos volver a formar parte del pr\u00f3ximo SIE ha realizarse en septiembre del 2011.<\/p>\n<p style=\"text-align: justify;\">Desde ya invitamos a profesores, alumnos\u00a0\u00a0y p\u00fablico en\u00a0general a\u00a0visitar este espacio patrimonial.<\/p>\n<p style=\"text-align: justify;\">M\u00e1s informaciones al fono \u00a0(02) 881 86 74<\/p>\n<p>Reservas para grupos sobre 10 personas al email <a href=\"mailto:reserva@casamuseoeduardofrei.cl\">reserva@casamuseoeduardofrei.cl<\/a><\/p>\n<p>\u00a0<\/p>\n<p><a href=\"http:\/\/www.saloneducacion.cl\/es_sie_2010.php\" target=\"_blank\"><\/a><\/p>\n","protected":false},"excerpt":{"rendered":"<p>Acad\u00e9micos de Santiago y\u00a0regiones\u00a0junto a estudiantes y p\u00fablico en general\u00a0visitaron el\u00a0stand de Casa Museo Eduardo Frei Montalva\u00a0 ubicado en el\u00a03\u00b0 Sal\u00f3n de la Educaci\u00f3n, SIE 2010, donde exhibimos algunos objetos y\u00a0variado\u00a0material educativo. La\u00a0actividad se realiz\u00f3\u00a0\u00a0en el Centro Cultural Estaci\u00f3n Mapocho.<\/p>\n","protected":false},"author":4,"featured_media":0,"comment_status":"open","ping_status":"open","sticky":false,"template":"","format":"standard","meta":{"_acf_changed":false,"footnotes":""},"categories":[14],"tags":[44,46,140,141],"class_list":["post-4999","post","type-post","status-publish","format-standard","hentry","category-noticias","tag-casa-museo","tag-eduardo-frei-montalva","tag-salon-de-la-educacion","tag-sie-2010"],"acf":[],"_links":{"self":[{"href":"https:\/\/www.casamuseoeduardofrei.cl\/en\/wp-json\/wp\/v2\/posts\/4999","targetHints":{"allow":["GET"]}}],"collection":[{"href":"https:\/\/www.casamuseoeduardofrei.cl\/en\/wp-json\/wp\/v2\/posts"}],"about":[{"href":"https:\/\/www.casamuseoeduardofrei.cl\/en\/wp-json\/wp\/v2\/types\/post"}],"author":[{"embeddable":true,"href":"https:\/\/www.casamuseoeduardofrei.cl\/en\/wp-json\/wp\/v2\/users\/4"}],"replies":[{"embeddable":true,"href":"https:\/\/www.casamuseoeduardofrei.cl\/en\/wp-json\/wp\/v2\/comments?post=4999"}],"version-history":[{"count":0,"href":"https:\/\/www.casamuseoeduardofrei.cl\/en\/wp-json\/wp\/v2\/posts\/4999\/revisions"}],"wp:attachment":[{"href":"https:\/\/www.casamuseoeduardofrei.cl\/en\/wp-json\/wp\/v2\/media?parent=4999"}],"wp:term":[{"taxonomy":"category","embeddable":true,"href":"https:\/\/www.casamuseoeduardofrei.cl\/en\/wp-json\/wp\/v2\/categories?post=4999"},{"taxonomy":"post_tag","embeddable":true,"href":"https:\/\/www.casamuseoeduardofrei.cl\/en\/wp-json\/wp\/v2\/tags?post=4999"}],"curies":[{"name":"wp","href":"https:\/\/api.w.org\/{rel}","templated":true}]}}