{"id":4945,"date":"2010-09-01T14:08:08","date_gmt":"2010-09-01T18:08:08","guid":{"rendered":"http:\/\/www.casamuseoeduardofrei.cl\/?p=4945"},"modified":"2018-01-31T10:48:44","modified_gmt":"2018-01-31T13:48:44","slug":"objeto-del-mes-un-nuevo-presidente-para-chile","status":"publish","type":"post","link":"https:\/\/www.casamuseoeduardofrei.cl\/en\/objeto-del-mes-un-nuevo-presidente-para-chile\/","title":{"rendered":"Objeto del mes: Juramento Presidencial de Eduardo Frei Montalva"},"content":{"rendered":"<p>En este mes del bicentenario y con motivo de los 46 a\u00f1os que se cumplen desde que Eduardo Frei Montalva asume como Presidente de la Rep\u00fablica, destacaremos durante todo septiembre el Juramento y medalla presidencial que recuerdan aquel hecho. Hindenburg 683,\u00a0barrio Italia, Providencia.\u00a0<!--more--><\/p>\n<div id=\"attachment_4974\" style=\"width: 310px\" class=\"wp-caption alignright\"><a href=\"http:\/\/www.casamuseoeduardofrei.cl\/wp-content\/uploads\/2010\/09\/Frei_asume2.jpg\" data-rel=\"lightbox-image-0\" data-rl_title=\"\" data-rl_caption=\"\"><img loading=\"lazy\" decoding=\"async\" aria-describedby=\"caption-attachment-4974\" class=\"size-full wp-image-4974\" title=\"\" src=\"http:\/\/www.casamuseoeduardofrei.cl\/wp-content\/uploads\/2010\/09\/Frei_asume2.jpg\" alt=\"Eduardo Frei Montalva asume como Pdte. de la Rep\u00fablica, 3 nov. 1969\" width=\"300\" height=\"195\" \/><\/a><p id=\"caption-attachment-4974\" class=\"wp-caption-text\">Eduardo Frei Montalva asume como Pdte. de la Rep\u00fablica, 3 nov. 1969<\/p><\/div>\n<p style=\"text-align: justify;\">Tanto el Juramento Presidencial como la medalla acu\u00f1ada en bronce al Presidente N\u00b0 28 de Chile, forman parte de la colecci\u00f3n permanente de Casa Museo Eduardo Frei Montalva, dando cuenta del aspecto m\u00e1s p\u00fablico del ex mandatario.<\/p>\n<p style=\"text-align: justify;\">Era el domingo 4 de septiembre de 1964 y Eduardo Frei Montalva en su segundo intento por ser Presidente de la Rep\u00fablica, se transformaba en el primer mandatario democratacristiano de la historia de Chile, resultado vencedor con un 56,09% de los votos. Al conocer la noticia, M\u00e1ximo Pacheco G\u00f3mez, se dirige a la casa del ex mandatario en calle Hindenburg, pero seg\u00fan cuenta la an\u00e9cdota narrada por qui\u00e9n fuera su ministro de educaci\u00f3n, Eduardo Frei M. estaba durmiendo siesta. \u00c9l insisti\u00f3 en despertarlo para anunciarle que era el nuevo Presidente de Chile.<\/p>\n<p style=\"text-align: justify;\">Casi treinta d\u00edas despu\u00e9s en el tradicional Congreso Nacional, Eduardo Frei Montalva vestido de riguroso frac \u2013 mismo que actualmente forma parte de la colecci\u00f3n permanente de la Casa Museo \u2013 asume el mando de la naci\u00f3n ante el congreso pleno y numerosas delegaciones de gobiernos amigos y de partidarios democratacristianos de las m\u00e1s diversas partes del mundo entre ellos, el embajador de EE.UU ante la O.N.U. Adlai Stevenson y la ministra de Relaciones Exteriores de Israel Golda Meir. \u201cYo, Eduardo Frei Montalva, juro desempe\u00f1ar fielmente el cargo de Presidente de la Rep\u00fablica, conservar la integridad a independencia de la naci\u00f3n, y guardar y hacer guardar la Constituci\u00f3n y las leyes\u201d, afirmaba uno de los grandes protagonistas del siglo XX chileno.<\/p>\n<div id=\"attachment_4975\" style=\"width: 160px\" class=\"wp-caption alignleft\"><a href=\"http:\/\/www.casamuseoeduardofrei.cl\/wp-content\/uploads\/2010\/09\/reverso_medalla.jpg\" data-rel=\"lightbox-image-1\" data-rl_title=\"\" data-rl_caption=\"\"><img loading=\"lazy\" decoding=\"async\" aria-describedby=\"caption-attachment-4975\" class=\"size-full wp-image-4975\" title=\"\" src=\"http:\/\/www.casamuseoeduardofrei.cl\/wp-content\/uploads\/2010\/09\/reverso_medalla.jpg\" alt=\"Reverso Medalla Presidencial (1964 -1970)\" width=\"150\" height=\"148\" \/><\/a><p id=\"caption-attachment-4975\" class=\"wp-caption-text\">Reverso Medalla Presidencial (1964 -1970)<\/p><\/div>\n<p style=\"text-align: justify;\">Muchas son las fotograf\u00edas que de aquellos momentos se conservan, sin embargo, fueron el juramento prestado el 3 de octubre de 1964 y la banda presidencial dos de los recuerdos m\u00e1s significativos atesorados por el propio Eduardo Frei en su casa de calle Hindenburg.<\/p>\n<p>Visitas martes a domingo de 10 a 18 hrs.<\/p>\n<p>Hindeburg 683, barrio Italia, Providencia.<\/p>\n<p>Fono (02) 881 86 74<\/p>\n<p>Email <a href=\"http:\/\/mailto:contacto@casamuseoeduardofrei.cl\" target=\"_blank\">contacto@casamuseoeduardofrei.cl<\/a><\/p>","protected":false},"excerpt":{"rendered":"<p>Sorry, this entry is only available in Espa\u00f1ol.<\/p>\n","protected":false},"author":4,"featured_media":10144,"comment_status":"open","ping_status":"open","sticky":false,"template":"","format":"standard","meta":{"_acf_changed":false,"footnotes":""},"categories":[14,15],"tags":[136,46,139,8],"class_list":["post-4945","post","type-post","status-publish","format-standard","has-post-thumbnail","hentry","category-noticias","category-objeto-del-mes","tag-136","tag-eduardo-frei-montalva","tag-juramento-presidencial","tag-objeto-del-mes"],"acf":[],"_links":{"self":[{"href":"https:\/\/www.casamuseoeduardofrei.cl\/en\/wp-json\/wp\/v2\/posts\/4945","targetHints":{"allow":["GET"]}}],"collection":[{"href":"https:\/\/www.casamuseoeduardofrei.cl\/en\/wp-json\/wp\/v2\/posts"}],"about":[{"href":"https:\/\/www.casamuseoeduardofrei.cl\/en\/wp-json\/wp\/v2\/types\/post"}],"author":[{"embeddable":true,"href":"https:\/\/www.casamuseoeduardofrei.cl\/en\/wp-json\/wp\/v2\/users\/4"}],"replies":[{"embeddable":true,"href":"https:\/\/www.casamuseoeduardofrei.cl\/en\/wp-json\/wp\/v2\/comments?post=4945"}],"version-history":[{"count":6,"href":"https:\/\/www.casamuseoeduardofrei.cl\/en\/wp-json\/wp\/v2\/posts\/4945\/revisions"}],"predecessor-version":[{"id":12536,"href":"https:\/\/www.casamuseoeduardofrei.cl\/en\/wp-json\/wp\/v2\/posts\/4945\/revisions\/12536"}],"wp:featuredmedia":[{"embeddable":true,"href":"https:\/\/www.casamuseoeduardofrei.cl\/en\/wp-json\/wp\/v2\/media\/10144"}],"wp:attachment":[{"href":"https:\/\/www.casamuseoeduardofrei.cl\/en\/wp-json\/wp\/v2\/media?parent=4945"}],"wp:term":[{"taxonomy":"category","embeddable":true,"href":"https:\/\/www.casamuseoeduardofrei.cl\/en\/wp-json\/wp\/v2\/categories?post=4945"},{"taxonomy":"post_tag","embeddable":true,"href":"https:\/\/www.casamuseoeduardofrei.cl\/en\/wp-json\/wp\/v2\/tags?post=4945"}],"curies":[{"name":"wp","href":"https:\/\/api.w.org\/{rel}","templated":true}]}}