{"id":4874,"date":"2010-08-02T13:36:16","date_gmt":"2010-08-02T17:36:16","guid":{"rendered":"http:\/\/www.casamuseoeduardofrei.cl\/?p=4874"},"modified":"2010-08-02T13:36:16","modified_gmt":"2010-08-02T17:36:16","slug":"muestra-de-guayasamin-se-suma-al-dia-del-patrimonio","status":"publish","type":"post","link":"https:\/\/www.casamuseoeduardofrei.cl\/en\/muestra-de-guayasamin-se-suma-al-dia-del-patrimonio\/","title":{"rendered":"Muestra de Guayasam\u00edn se suma al d\u00eda del Patrimonio"},"content":{"rendered":"<p style=\"text-align: justify;\">En el marco de una nueva celebraci\u00f3n del D\u00eda del Patrimonio Cultural que se realizar\u00e1 excepcionalmente en este a\u00f1o del bicentenario por segunda vez, Casa Museo Eduardo Frei Montalva abrir\u00e1 sus puertas gratuitamente el pr\u00f3ximo domingo 5 de septiembre.<!--more--><\/p>\n<p style=\"text-align: justify;\">En esta ocasi\u00f3n adem\u00e1s de recorrer el inmueble los visitantes podr\u00e1n apreciar una muestra con doce dibujos que Oswaldo Guayasam\u00edn le regal\u00f3 al ex mandatario en 1969 cuando visit\u00f3 Chile con motivo de su exposici\u00f3n \u201cLa Edad de la Ira\u201d en el Museo Nacional de Bellas Artes. En esa ocasi\u00f3n el artista realiz\u00f3 el retrato de Eduardo Frei Montalva que hoy forma parte de la colecci\u00f3n permanente de la Casa Museo. Asimismo, habr\u00e1 did\u00e1cticos paneles que detallan aquella visita hace 41 a\u00f1os y el desarrollo de las artes durante su mandato.<\/p>\n<p style=\"text-align: justify;\">La casa donde vivi\u00f3 Eduardo Frei Montalva, hoy transformada en museo, fue declarada monumento nacional el a\u00f1o 2005 dado su excelente estado de conservaci\u00f3n y por ser parte de la memoria colectiva de un importante per\u00edodo hist\u00f3rico-pol\u00edtico de Chile. El recorrido por sus dos pisos ambientado en los a\u00f1os \u201860 permite conocer m\u00e1s de 350 objetos originales donde destacan, mobiliario, vestuario, banda presidencial, diplomas, libros, fotograf\u00edas y una rica colecci\u00f3n de pintura chilena que dan cuenta de un estilo moderno para esos a\u00f1os, pero tambi\u00e9n muy austero y cl\u00e1sico.<\/p>\n<p style=\"text-align: justify;\">La invitaci\u00f3n es a celebrar un nuevo D\u00eda del Patrimonio Cultural que en el mes del bicentenario pone \u00e9nfasis en el \u201cnosotros\u201d, reflejado en el acontecer que encierra cada inmueble de los diversos espacios patrimoniales de Santiago y regiones. Para m\u00e1s informaciones el Consejo de Monumentos Nacionales se ubicar\u00e1 ese d\u00eda en Plaza de Armas para orientar sobre las diferentes alternativas de recorridos.<\/p>\n<p>Casa Museo Eduardo Frei Montalva:<\/p>\n<p>Direcci\u00f3n. Hindeburg 683, barrio Italia, Providencia<\/p>\n<p>Horarios: 10 a 18 hrs.<\/p>\n<p>Todas las visitas son guiadas y no necesitan reserva previa<\/p>\n<p>M\u00e1s informaciones al fono (02) 881 86 74 \u2013 (02) 723 41 05<\/p>\n<p>Email: contacto@casamuseoeduardofrei.cl<\/p>\n<p>P\u00e1ginas web: <a href=\"http:\/\/localhost\/casamuseo\" target=\"_self\">http:\/\/localhost\/casamuseo<\/a>\u00a0o <a href=\"http:\/\/monumentos.cl\" target=\"_blank\">http:\/\/monumentos.cl<\/a><\/p>\n","protected":false},"excerpt":{"rendered":"<p>En el marco de una nueva celebraci\u00f3n del D\u00eda del Patrimonio Cultural que se realizar\u00e1 excepcionalmente en este a\u00f1o del bicentenario por segunda vez, Casa Museo Eduardo Frei Montalva abrir\u00e1 sus puertas gratuitamente el pr\u00f3ximo domingo 5 de septiembre.<\/p>\n","protected":false},"author":4,"featured_media":0,"comment_status":"open","ping_status":"open","sticky":false,"template":"","format":"standard","meta":{"_acf_changed":false,"footnotes":""},"categories":[14],"tags":[136,137,138],"class_list":["post-4874","post","type-post","status-publish","format-standard","hentry","category-noticias","tag-136","tag-dia-del-patrimonio-2010","tag-guayasamin-en-chile"],"acf":[],"_links":{"self":[{"href":"https:\/\/www.casamuseoeduardofrei.cl\/en\/wp-json\/wp\/v2\/posts\/4874","targetHints":{"allow":["GET"]}}],"collection":[{"href":"https:\/\/www.casamuseoeduardofrei.cl\/en\/wp-json\/wp\/v2\/posts"}],"about":[{"href":"https:\/\/www.casamuseoeduardofrei.cl\/en\/wp-json\/wp\/v2\/types\/post"}],"author":[{"embeddable":true,"href":"https:\/\/www.casamuseoeduardofrei.cl\/en\/wp-json\/wp\/v2\/users\/4"}],"replies":[{"embeddable":true,"href":"https:\/\/www.casamuseoeduardofrei.cl\/en\/wp-json\/wp\/v2\/comments?post=4874"}],"version-history":[{"count":0,"href":"https:\/\/www.casamuseoeduardofrei.cl\/en\/wp-json\/wp\/v2\/posts\/4874\/revisions"}],"wp:attachment":[{"href":"https:\/\/www.casamuseoeduardofrei.cl\/en\/wp-json\/wp\/v2\/media?parent=4874"}],"wp:term":[{"taxonomy":"category","embeddable":true,"href":"https:\/\/www.casamuseoeduardofrei.cl\/en\/wp-json\/wp\/v2\/categories?post=4874"},{"taxonomy":"post_tag","embeddable":true,"href":"https:\/\/www.casamuseoeduardofrei.cl\/en\/wp-json\/wp\/v2\/tags?post=4874"}],"curies":[{"name":"wp","href":"https:\/\/api.w.org\/{rel}","templated":true}]}}